{"id":68035,"date":"2021-09-29T16:05:41","date_gmt":"2021-09-29T14:05:41","guid":{"rendered":"https:\/\/www.brennerbasisdemokratie.eu\/?p=68035"},"modified":"2023-01-28T06:45:02","modified_gmt":"2023-01-28T05:45:02","slug":"premstaller-bezeichnet-abstimmung-als-stimmentzug","status":"publish","type":"post","link":"https:\/\/www.brennerbasisdemokratie.eu\/?p=68035","title":{"rendered":"Premstaller bezeichnet Abstimmung als Stimmentzug."},"content":{"rendered":"<p>Die <em>Tageszeitung<\/em> zitierte den <abbr title=\"S\u00fcdtiroler Volkspartei\">SVP<\/abbr>-Landessekret\u00e4r Stefan Premstaller vor wenigen Tagen so:<\/p>\n<blockquote><p>Die Oppositionsparteien geben vor, als ob [sic] sie f\u00fcr mehr direkte Demokratie und f\u00fcr mehr Beteiligung der B\u00fcrgerInnen k\u00e4mpfen w\u00fcrden. Am Ende des Tages entziehen sie dem Volk aber wieder die Stimme und \u00fcbernehmen selbst das Ruder, wenn ihnen das Ergebnis nicht in den Kram passt.<\/p>\n<p><small><em>\u2014 Stefan Premstaller<\/em><\/small><\/p><\/blockquote>\n<p>Was war geschehen? Parallel zur <a title=\"Mitbestimmung retten!\" href=\"https:\/\/www.brennerbasisdemokratie.eu\/?p=67515\" rel=\"\">Unterschriftensammlung<\/a> der <em>Initiative f\u00fcr mehr Demokratie<\/em> haben auch mehrere Vertreterinnen der Opposition eine Volksabstimmung \u00fcber die von der Mehrheit beschlossenen <a title=\"Verst\u00fcmmelte Mitbestimmung.\" href=\"https:\/\/www.brennerbasisdemokratie.eu\/?p=66388\" rel=\"\">\u00c4nderungen am B\u00fcrgerbeteiligungsgesetz<\/a> beantragt. Dieses Recht steht sowohl einem F\u00fcnfzigstel der stimmberechtigten Bev\u00f6lkerung als auch einem F\u00fcnftel der Landtagsmitglieder zu.<\/p>\n<p>Premstaller zufolge h\u00e4tten also die Landtagsabgeordneten mit ihrem Antrag der Unterschriftensammlung vorgegriffen und somit der Bev\u00f6lkerung die Stimme entzogen.<\/p>\n<p>Als Stimmentzug zu bezeichnen, dass daf\u00fcr gesorgt wird, dass die Menschen in einer Abstimmung ihre Meinung kundtun k\u00f6nnen \u2014 das ist ganz sch\u00f6n unverfroren und dreist.<\/p>\n<p><strong><span style=\"font-family: Helvetica, Arial, sans-serif; text-transform: uppercase;\">C\u00ebla enghe:<\/span><\/strong> <a title=\"Mitbestimmung: Bei Einschr\u00e4nkung Abstimmung.\" href=\"https:\/\/www.brennerbasisdemokratie.eu\/?p=48456\" rel=\"\"><code>01<\/code><\/a> <a title=\"Frechheit siegt.\" href=\"https:\/\/www.brennerbasisdemokratie.eu\/?p=23199\"><code>02<\/code><\/a> <span style=\"font-family: Helvetica, Arial, sans-serif; font-weight: normal;\">||<\/span> <a title=\"Doppelt so viele Unterschriften wie n\u00f6tig.\" href=\"https:\/\/www.brennerbasisdemokratie.eu\/?p=68941\" rel=\"\"><span style=\"color: #ff8c00\"><code>01<\/code><\/span><\/a><\/p>","protected":false},"excerpt":{"rendered":"<p>Die Tageszeitung zitierte den SVP-Landessekret\u00e4r Stefan Premstaller vor wenigen Tagen so: Die Oppositionsparteien geben vor, als ob [sic] sie f\u00fcr mehr direkte Demokratie und f\u00fcr mehr Beteiligung der B\u00fcrgerInnen k\u00e4mpfen w\u00fcrden. Am Ende des Tages entziehen sie dem Volk aber wieder die Stimme und \u00fcbernehmen selbst das Ruder, wenn ihnen das Ergebnis nicht in den [&hellip;]<\/p>","protected":false},"author":1,"featured_media":0,"comment_status":"open","ping_status":"open","sticky":false,"template":"","format":"standard","meta":{"_crdt_document":"","ngg_post_thumbnail":0,"_jetpack_memberships_contains_paid_content":false,"footnotes":""},"categories":[1],"tags":[],"class_list":["post-68035","post","type-post","status-publish","format-standard","hentry","category-allgemein","entity-ifmd","entity-sudtiroler-landtag","entity-svp","issue-landesvolksabstimmung-2022","issue-zitac","location-sudtirolo","language-deutsch","medium-taz","topic-mitbestimmung","topic-politik"],"jetpack_featured_media_url":"","jetpack_sharing_enabled":true,"_links":{"self":[{"href":"https:\/\/www.brennerbasisdemokratie.eu\/index.php?rest_route=\/wp\/v2\/posts\/68035","targetHints":{"allow":["GET"]}}],"collection":[{"href":"https:\/\/www.brennerbasisdemokratie.eu\/index.php?rest_route=\/wp\/v2\/posts"}],"about":[{"href":"https:\/\/www.brennerbasisdemokratie.eu\/index.php?rest_route=\/wp\/v2\/types\/post"}],"author":[{"embeddable":true,"href":"https:\/\/www.brennerbasisdemokratie.eu\/index.php?rest_route=\/wp\/v2\/users\/1"}],"replies":[{"embeddable":true,"href":"https:\/\/www.brennerbasisdemokratie.eu\/index.php?rest_route=%2Fwp%2Fv2%2Fcomments&post=68035"}],"version-history":[{"count":8,"href":"https:\/\/www.brennerbasisdemokratie.eu\/index.php?rest_route=\/wp\/v2\/posts\/68035\/revisions"}],"predecessor-version":[{"id":76647,"href":"https:\/\/www.brennerbasisdemokratie.eu\/index.php?rest_route=\/wp\/v2\/posts\/68035\/revisions\/76647"}],"wp:attachment":[{"href":"https:\/\/www.brennerbasisdemokratie.eu\/index.php?rest_route=%2Fwp%2Fv2%2Fmedia&parent=68035"}],"wp:term":[{"taxonomy":"category","embeddable":true,"href":"https:\/\/www.brennerbasisdemokratie.eu\/index.php?rest_route=%2Fwp%2Fv2%2Fcategories&post=68035"},{"taxonomy":"post_tag","embeddable":true,"href":"https:\/\/www.brennerbasisdemokratie.eu\/index.php?rest_route=%2Fwp%2Fv2%2Ftags&post=68035"}],"curies":[{"name":"wp","href":"https:\/\/api.w.org\/{rel}","templated":true}]}}