{"id":68112,"date":"2021-10-03T17:18:15","date_gmt":"2021-10-03T15:18:15","guid":{"rendered":"https:\/\/www.brennerbasisdemokratie.eu\/?p=68112"},"modified":"2026-01-27T18:35:59","modified_gmt":"2026-01-27T17:35:59","slug":"euregio-connect-reloaded","status":"publish","type":"post","link":"https:\/\/www.brennerbasisdemokratie.eu\/?p=68112","title":{"rendered":"Euregio Connect reloaded."},"content":{"rendered":"<p>Im August 2020 waren im Rahmen der Alpbacher <em>Tiroltage<\/em> die Gr\u00fcndungsvertr\u00e4ge von <em>Euregio Connect<\/em> <a title=\"Euregio: Tiroltage 2020.\" href=\"http:\/\/www.europaregion.info\/de\/tiroltage-2020.asp\" target=\"_blank\" rel=\"noopener\">unterzeichnet worden<\/a>, einem <abbr title=\"Europ\u00e4ischer Verbund Territorialer Zusammenarbeit\">EVTZ<\/abbr> von <em>Tirol Werbung,<\/em> <em>IDM S\u00fcdtirol<\/em> und <em>Trentino Marketing<\/em> zur Zusammenarbeit im touristischen Bereich.<\/p>\n<p>Wie das Wochenmagazin <em>ff<\/em> sp\u00e4ter <a title=\"Euregio Connect: Rom entscheidet.\" href=\"https:\/\/www.brennerbasisdemokratie.eu\/?p=60397\" rel=\"\">berichtete<\/a>, habe Innsbruck daf\u00fcr freie Hand, w\u00e4hrend S\u00fcdtirol und das Trentino trotz Autonomie die Zustimmung aus Rom abwarten m\u00fcssten. Offiziell kommuniziert wurde diese Abh\u00e4ngigkeit meines Wissens jedoch nicht.<\/p>\n<p>Dass die Freigabe der zentralen Oberaufsicht wom\u00f6glich eingetroffen sein k\u00f6nnte, ist leider nur indirekt einer <a title=\"Euregio: Euregio Connect\u2026\" href=\"http:\/\/www.europaregion.info\/de\/news.asp?news_action=4&amp;news_article_id=659813\" target=\"_blank\" rel=\"noopener\">Pressemeldung<\/a> vom 1. Oktober 2021 zu entnehmen, der zufolge die Tourismusorganisationen der L\u00e4nder \u2014 wieder \u2014 die Gr\u00fcndungsvertr\u00e4ge von <em>Euregio Connect<\/em> unterzeichnet haben sollen.<\/p>\n<p>Entweder hat Rom also sein <em>Plazet<\/em> (mit oder ohne Einschr\u00e4nkungen) gegeben oder aber die Vertr\u00e4ge von <em>Euregio Connect<\/em> werden fortan j\u00e4hrlich von neuem unterzeichnet, in der Hoffnung, dass die italienische Regierung irgendwann zustimmt.<\/p>\n<p><strong><span style=\"font-family: Helvetica, Arial, sans-serif; text-transform: uppercase;\">C\u00ebla enghe:<\/span><\/strong> <a title=\"Euregio Connect.\" href=\"https:\/\/www.brennerbasisdemokratie.eu\/?p=59839\" rel=\"\"><span style=\"text-decoration:underline; text-decoration-color:#4372a6; text-decoration-thickness:3px;\"><code>01<\/code><\/span><\/a> <span style=\"font-family: Helvetica, Arial, sans-serif; font-weight: normal;\">||<\/span> <a title=\"Tirol Werbung \u2013 impossible to understand.\" href=\"https:\/\/www.brennerbasisdemokratie.eu\/?p=97616\"><span style=\"color: #ff8c00\"><code>01<\/code><\/span><\/a><\/p>","protected":false},"excerpt":{"rendered":"<p>Im August 2020 waren im Rahmen der Alpbacher Tiroltage die Gr\u00fcndungsvertr\u00e4ge von Euregio Connect unterzeichnet worden, einem EVTZ von Tirol Werbung, IDM S\u00fcdtirol und Trentino Marketing zur Zusammenarbeit im touristischen Bereich. Wie das Wochenmagazin ff sp\u00e4ter berichtete, habe Innsbruck daf\u00fcr freie Hand, w\u00e4hrend S\u00fcdtirol und das Trentino trotz Autonomie die Zustimmung aus Rom abwarten m\u00fcssten. [&hellip;]<\/p>","protected":false},"author":1,"featured_media":0,"comment_status":"open","ping_status":"open","sticky":false,"template":"","format":"standard","meta":{"_crdt_document":"","ngg_post_thumbnail":0,"_jetpack_memberships_contains_paid_content":false,"footnotes":""},"categories":[1],"tags":[],"class_list":["post-68112","post","type-post","status-publish","format-standard","hentry","category-allgemein","entity-euregio","entity-idm","entity-staat-italien","location-nord-osttirol","location-sudtirolo","location-tirol","location-trentino","language-deutsch","medium-ff","topic-tourismus","topic-vorzeigeautonomie","topic-zentralismus"],"jetpack_featured_media_url":"","jetpack_sharing_enabled":true,"_links":{"self":[{"href":"https:\/\/www.brennerbasisdemokratie.eu\/index.php?rest_route=\/wp\/v2\/posts\/68112","targetHints":{"allow":["GET"]}}],"collection":[{"href":"https:\/\/www.brennerbasisdemokratie.eu\/index.php?rest_route=\/wp\/v2\/posts"}],"about":[{"href":"https:\/\/www.brennerbasisdemokratie.eu\/index.php?rest_route=\/wp\/v2\/types\/post"}],"author":[{"embeddable":true,"href":"https:\/\/www.brennerbasisdemokratie.eu\/index.php?rest_route=\/wp\/v2\/users\/1"}],"replies":[{"embeddable":true,"href":"https:\/\/www.brennerbasisdemokratie.eu\/index.php?rest_route=%2Fwp%2Fv2%2Fcomments&post=68112"}],"version-history":[{"count":7,"href":"https:\/\/www.brennerbasisdemokratie.eu\/index.php?rest_route=\/wp\/v2\/posts\/68112\/revisions"}],"predecessor-version":[{"id":97652,"href":"https:\/\/www.brennerbasisdemokratie.eu\/index.php?rest_route=\/wp\/v2\/posts\/68112\/revisions\/97652"}],"wp:attachment":[{"href":"https:\/\/www.brennerbasisdemokratie.eu\/index.php?rest_route=%2Fwp%2Fv2%2Fmedia&parent=68112"}],"wp:term":[{"taxonomy":"category","embeddable":true,"href":"https:\/\/www.brennerbasisdemokratie.eu\/index.php?rest_route=%2Fwp%2Fv2%2Fcategories&post=68112"},{"taxonomy":"post_tag","embeddable":true,"href":"https:\/\/www.brennerbasisdemokratie.eu\/index.php?rest_route=%2Fwp%2Fv2%2Ftags&post=68112"}],"curies":[{"name":"wp","href":"https:\/\/api.w.org\/{rel}","templated":true}]}}