{"id":68342,"date":"2021-10-15T14:13:23","date_gmt":"2021-10-15T12:13:23","guid":{"rendered":"https:\/\/www.brennerbasisdemokratie.eu\/?p=68342"},"modified":"2025-11-11T19:09:29","modified_gmt":"2025-11-11T18:09:29","slug":"neonazis-kapern-mailander-lega","status":"publish","type":"post","link":"https:\/\/www.brennerbasisdemokratie.eu\/?p=68342","title":{"rendered":"Neonazis kapern Mail\u00e4nder Lega."},"content":{"rendered":"<p>Stefan Premstaller, seines Zeichens <abbr title=\"S\u00fcdtiroler Volkspartei\">SVP<\/abbr>-Parteisekret\u00e4r, <a title=\"TAZ: Im Boot mit Urz\u00ec.\" href=\"https:\/\/www.tageszeitung.it\/2021\/10\/15\/im-boot-mit-urzi%E2%80%A8%E2%80%A8\/\" target=\"_blank\" rel=\"noopener\">kritisiert<\/a>&nbsp;die <em>Gr\u00fcnen<\/em> und Teile des <em>Team K,<\/em> weil sie im Regionalrat <a title=\"Regionalrat unterst\u00fctzt Autonomieausbau.\" href=\"https:\/\/www.brennerbasisdemokratie.eu\/?p=68330\" rel=\"\">nicht f\u00fcr den Autonomieausbau gestimmt<\/a> haben. Sie st\u00fcnden damit mit Alessandro Urz\u00ec und <abbr title=\"Fratelli d\u2019Italia\">FdI<\/abbr> in einer Reihe.<\/p>\n<p>Um es gleich klarzustellen: Ich finde das Abstimmungsverhalten von <em>Gr\u00fcnen<\/em> und <em>Team K<\/em> auch sehr schade \u2014 doch wer wie Premstaller im Glashaus sitzt, sollte besser nicht so prominent mit Steinen werfen.<\/p>\n<p>Vor wenigen Tagen hatte das italienische Webportal <em>Fanpage<\/em> die enge Zusammenarbeit zwischen <em>Lega<\/em> und der Neonazi-Bewegung <em>Lealt\u00e0 Azione<\/em> <a title=\"Die Lega und das Faschonetzwerk.\" href=\"https:\/\/www.brennerbasisdemokratie.eu\/?p=68297\" rel=\"\">aufgedeckt<\/a>. Um ihre Ziele zu erreichen, scheuten sie nicht davor zur\u00fcck, Hilfspakete f\u00fcr Bed\u00fcrftige zu missbrauchen.<\/p>\n<p>Nun <a title=\"Repubblica: Milano, tensioni in casa Lega\u2026\" href=\"https:\/\/www.repubblica.it\/politica\/2021\/10\/13\/news\/milano_allarme_in_casa_lega_tre_eletti_su_sei_grazie_ai_voti_di_lealta_e_azione-321941683\/amp\/?ref=RHTP-BH-I0-P1-S1-T1&amp;__twitter_impression=true\" target=\"_blank\" rel=\"noopener\">wurde bekannt<\/a>, dass von den sechs Gemeinder\u00e4ten, die die <em>Lega<\/em> fortan in Mailand stellt, genau die H\u00e4lfte \u2014 und zwar die drei meistgew\u00e4hlten! \u2014 den Neonazis zuzurechnen sind. Sie sitzen gemeinsam mit der <a title=\"Das Faschonetzwerk um FdI.\" href=\"https:\/\/www.brennerbasisdemokratie.eu\/?p=68081\" rel=\"\">erkl\u00e4rten Faschistin<\/a> von FdI Chiara Valcepina im Stadtparlament der zweitgr\u00f6\u00dften Metropole Italiens.<\/p>\n<p>Mit dieser (oder mit <a title=\"Lega mit CPI in Rom \u2014 es wird nicht besser.\" href=\"https:\/\/www.brennerbasisdemokratie.eu\/?p=67779\" rel=\"\">dieser<\/a>, <a title=\"Lega und FdI mit CasaPound in Grosseto.\" href=\"https:\/\/www.brennerbasisdemokratie.eu\/?p=67269\" rel=\"\">dieser<\/a> und <a title=\"Die Lega, die SVP und die Bluttat von Voghera.\" href=\"https:\/\/www.brennerbasisdemokratie.eu\/?p=67135\" rel=\"\">dieser<\/a>) <em>Lega<\/em> sitzt die SVP seit Jahren in der Landesregierung. Das geht weit \u00fcber eine durchaus unerfreuliche \u00dcberschneidung bei einer einzelnen Abstimmung im Regionalrat hinaus. Trotzdem w\u00e4re mir nicht bekannt, dass die S\u00fcdtiroler <em>Lega<\/em>-Landesr\u00e4te selbst oder Herr Premstaller etwas zu diesen best\u00fcrzenden Erkenntnissen zu sagen gehabt h\u00e4tten.<\/p>\n<p>Autonomiefreundlichkeit kann nicht das einzige Kriterium sein, um einen Koalitions- und Abstimmungspartner zu bewerten. Mit ihren Allianzen \u2014 genauso wie \u00fcbrigens mit ihren eigenen Positionen \u2014 gef\u00e4hrdet die <em>Lega<\/em> den demokratischen Grundkonsens.<\/p>\n<p><strong><span style=\"font-family: Helvetica, Arial, sans-serif; text-transform: uppercase;\">C\u00ebla enghe:<\/span><\/strong> <a title=\"Dunkle Zeiten.\" href=\"https:\/\/www.brennerbasisdemokratie.eu\/?p=44244\" rel=\"\"><code>01<\/code><\/a> <a title=\"Die Landesr\u00e4te mit CasaPound.\" href=\"https:\/\/www.brennerbasisdemokratie.eu\/?p=51812\" rel=\"\"><code>02<\/code><\/a> <a title=\"Spulciando Massimo Bessone.\" href=\"https:\/\/www.brennerbasisdemokratie.eu\/?p=43656\" rel=\"\"><code>03<\/code><\/a> <a title=\"Masocco ist die Lega ist Masocco.\" href=\"https:\/\/www.brennerbasisdemokratie.eu\/?p=46279\" rel=\"\"><code>04<\/code><\/a> <a title=\"Ungez\u00e4hmt homophobe Lega.\" href=\"https:\/\/www.brennerbasisdemokratie.eu\/?p=45190\" rel=\"\"><code>05<\/code><\/a> <a title=\"Dank Salvini: Blood&amp;Honour im Stadion.\" href=\"https:\/\/www.brennerbasisdemokratie.eu\/?p=47440\" rel=\"\"><code>06<\/code><\/a> <span style=\"font-family: Helvetica, Arial, sans-serif; font-weight: normal;\">||<\/span> <a title=\"Bozen: Lega-Kandidat bezeichnet Menschen als Ungeziefer.\" href=\"https:\/\/www.brennerbasisdemokratie.eu\/?p=91534\"><span style=\"color: #ff8c00\"><code>01<\/code><\/span><\/a><\/p>","protected":false},"excerpt":{"rendered":"<p>Stefan Premstaller, seines Zeichens SVP-Parteisekret\u00e4r, kritisiert&nbsp;die Gr\u00fcnen und Teile des Team K, weil sie im Regionalrat nicht f\u00fcr den Autonomieausbau gestimmt haben. Sie st\u00fcnden damit mit Alessandro Urz\u00ec und FdI in einer Reihe. Um es gleich klarzustellen: Ich finde das Abstimmungsverhalten von Gr\u00fcnen und Team K auch sehr schade \u2014 doch wer wie Premstaller im [&hellip;]<\/p>","protected":false},"author":1,"featured_media":0,"comment_status":"open","ping_status":"open","sticky":false,"template":"","format":"standard","meta":{"_crdt_document":"","ngg_post_thumbnail":0,"_jetpack_memberships_contains_paid_content":false,"footnotes":""},"categories":[1],"tags":[],"class_list":["post-68342","post","type-post","status-publish","format-standard","hentry","category-allgemein","entity-fdi","entity-lega","entity-svp","entity-tk","entity-verc","location-italy","location-lombardia","location-sudtirolo","language-deutsch","medium-fanpage","person-alessandro-urzi","topic-faschismen","topic-medien","topic-politik"],"jetpack_featured_media_url":"","jetpack_sharing_enabled":true,"_links":{"self":[{"href":"https:\/\/www.brennerbasisdemokratie.eu\/index.php?rest_route=\/wp\/v2\/posts\/68342","targetHints":{"allow":["GET"]}}],"collection":[{"href":"https:\/\/www.brennerbasisdemokratie.eu\/index.php?rest_route=\/wp\/v2\/posts"}],"about":[{"href":"https:\/\/www.brennerbasisdemokratie.eu\/index.php?rest_route=\/wp\/v2\/types\/post"}],"author":[{"embeddable":true,"href":"https:\/\/www.brennerbasisdemokratie.eu\/index.php?rest_route=\/wp\/v2\/users\/1"}],"replies":[{"embeddable":true,"href":"https:\/\/www.brennerbasisdemokratie.eu\/index.php?rest_route=%2Fwp%2Fv2%2Fcomments&post=68342"}],"version-history":[{"count":12,"href":"https:\/\/www.brennerbasisdemokratie.eu\/index.php?rest_route=\/wp\/v2\/posts\/68342\/revisions"}],"predecessor-version":[{"id":91562,"href":"https:\/\/www.brennerbasisdemokratie.eu\/index.php?rest_route=\/wp\/v2\/posts\/68342\/revisions\/91562"}],"wp:attachment":[{"href":"https:\/\/www.brennerbasisdemokratie.eu\/index.php?rest_route=%2Fwp%2Fv2%2Fmedia&parent=68342"}],"wp:term":[{"taxonomy":"category","embeddable":true,"href":"https:\/\/www.brennerbasisdemokratie.eu\/index.php?rest_route=%2Fwp%2Fv2%2Fcategories&post=68342"},{"taxonomy":"post_tag","embeddable":true,"href":"https:\/\/www.brennerbasisdemokratie.eu\/index.php?rest_route=%2Fwp%2Fv2%2Ftags&post=68342"}],"curies":[{"name":"wp","href":"https:\/\/api.w.org\/{rel}","templated":true}]}}