{"id":68416,"date":"2021-10-21T09:31:29","date_gmt":"2021-10-21T07:31:29","guid":{"rendered":"https:\/\/www.brennerbasisdemokratie.eu\/?p=68416"},"modified":"2021-10-21T10:10:48","modified_gmt":"2021-10-21T08:10:48","slug":"durchlocherte-gis-reform","status":"publish","type":"post","link":"https:\/\/www.brennerbasisdemokratie.eu\/?p=68416","title":{"rendered":"Durchl\u00f6cherte GIS-Reform?"},"content":{"rendered":"<p>Erst k\u00fcrzlich hatte die Landesregierung <a title=\"LPA: GIS-Reform\u2026\" href=\"https:\/\/news.provinz.bz.it\/de\/news\/gis-reform-landesregierung-legt-gesetzentwurf-vor\" target=\"_blank\" rel=\"noopener\">angek\u00fcndigt<\/a>, die Gemeindeimmobiliensteuer (GIS) so reformieren zu wollen, dass insbesondere leerstehende Wohnungen, aber zum Beispiel auch ungenutzte Baugr\u00fcnde deutlich st\u00e4rker besteuert werden, um das Problem des Wohnraummangels zu entsch\u00e4rfen.<\/p>\n<p>Die Initiative zu dieser Neuausrichtung war vom Landtag ausgegangen, der einen entsprechenden Antrag im M\u00e4rz letzten Jahres <a title=\"Mit der GIS zu mehr Wohnraum.\" href=\"https:\/\/www.brennerbasisdemokratie.eu\/?p=55297\" rel=\"\">mit gro\u00dfer Mehrheit genehmigt<\/a> hatte.<\/p>\n<p>Es war bereits vorgesehen, dass die neuen Regeln nur in Gemeinden mit gr\u00f6\u00dferer Wohnungsnot automatisch greifen, w\u00e4hrend anderen Verwaltungen freigestellt werden sollte, ob sie die h\u00f6heren Hebes\u00e4tze anwenden m\u00f6chten. Im Gegenzug h\u00e4tte die Besteuerung von vermieteten Wohnungen gesenkt werden sollen.<\/p>\n<p>Nun wurde die Umsetzung des Vorhabens jedoch vorl\u00e4ufig ausgesetzt, weil angeblich weitere Ausnahmen angedacht werden sollen. Das ist gut, wenn die \u00c4nderungen tats\u00e4chliche Ungerechtigkeiten verhindern \u2014 zu hoffen bleibt allerdings, dass es nicht zu einer Durchl\u00f6cherung kommt, die das gesamte Projekt ad absurdum f\u00fchrt.<\/p>\n<p>F\u00fcr Regelungen, die durch allzu gro\u00dfz\u00fcgige Ausnahmen faktisch wirkungslos sind, haben wir im Lande schon genug Beispiele, etwa im Bereich der Verkehrsberuhigung (<a title=\"Die Rodenecker\/L\u00fcsner Wanderautobahn.\" href=\"https:\/\/www.brennerbasisdemokratie.eu\/?p=51386\" rel=\"\"><code>01<\/code><\/a> <a title=\"Dolomitesvives auch in Prags eine Farce.\" href=\"https:\/\/www.brennerbasisdemokratie.eu\/?p=42243\" rel=\"\"><code>02<\/code><\/a> <a title=\"Die Dolomitesvives-Farce.\" href=\"https:\/\/www.brennerbasisdemokratie.eu\/?p=42089\" rel=\"\"><code>03<\/code><\/a>).<\/p>\n<p><strong><span style=\"font-family: Helvetica, Arial, sans-serif; text-transform: uppercase;\">C\u00ebla enghe:<\/span><\/strong> <a title=\"Berlin will enteignen.\" href=\"https:\/\/www.brennerbasisdemokratie.eu\/?p=67994\" rel=\"\"><code>01<\/code><\/a> <a title=\"Teilstopp dem Ausverkauf.\" href=\"https:\/\/www.brennerbasisdemokratie.eu\/?p=42896\" rel=\"\"><code>02<\/code><\/a> <a title=\"Migranc y speculanc.\" href=\"https:\/\/www.brennerbasisdemokratie.eu\/?p=42914\" rel=\"\"><code>03<\/code><\/a><\/p>","protected":false},"excerpt":{"rendered":"<p>Erst k\u00fcrzlich hatte die Landesregierung angek\u00fcndigt, die Gemeindeimmobiliensteuer (GIS) so reformieren zu wollen, dass insbesondere leerstehende Wohnungen, aber zum Beispiel auch ungenutzte Baugr\u00fcnde deutlich st\u00e4rker besteuert werden, um das Problem des Wohnraummangels zu entsch\u00e4rfen. Die Initiative zu dieser Neuausrichtung war vom Landtag ausgegangen, der einen entsprechenden Antrag im M\u00e4rz letzten Jahres mit gro\u00dfer Mehrheit genehmigt [&hellip;]<\/p>","protected":false},"author":1,"featured_media":0,"comment_status":"open","ping_status":"open","sticky":false,"template":"","format":"standard","meta":{"_crdt_document":"","ngg_post_thumbnail":0,"_jetpack_memberships_contains_paid_content":false,"footnotes":""},"categories":[1],"tags":[],"class_list":["post-68416","post","type-post","status-publish","format-standard","hentry","category-allgemein","entity-landesregierung","entity-sudtiroler-landtag","location-sudtirolo","language-deutsch","medium-lpa","topic-arch","topic-politik","topic-soziales","topic-wirtschaft"],"jetpack_featured_media_url":"","jetpack_sharing_enabled":true,"_links":{"self":[{"href":"https:\/\/www.brennerbasisdemokratie.eu\/index.php?rest_route=\/wp\/v2\/posts\/68416","targetHints":{"allow":["GET"]}}],"collection":[{"href":"https:\/\/www.brennerbasisdemokratie.eu\/index.php?rest_route=\/wp\/v2\/posts"}],"about":[{"href":"https:\/\/www.brennerbasisdemokratie.eu\/index.php?rest_route=\/wp\/v2\/types\/post"}],"author":[{"embeddable":true,"href":"https:\/\/www.brennerbasisdemokratie.eu\/index.php?rest_route=\/wp\/v2\/users\/1"}],"replies":[{"embeddable":true,"href":"https:\/\/www.brennerbasisdemokratie.eu\/index.php?rest_route=%2Fwp%2Fv2%2Fcomments&post=68416"}],"version-history":[{"count":6,"href":"https:\/\/www.brennerbasisdemokratie.eu\/index.php?rest_route=\/wp\/v2\/posts\/68416\/revisions"}],"predecessor-version":[{"id":68424,"href":"https:\/\/www.brennerbasisdemokratie.eu\/index.php?rest_route=\/wp\/v2\/posts\/68416\/revisions\/68424"}],"wp:attachment":[{"href":"https:\/\/www.brennerbasisdemokratie.eu\/index.php?rest_route=%2Fwp%2Fv2%2Fmedia&parent=68416"}],"wp:term":[{"taxonomy":"category","embeddable":true,"href":"https:\/\/www.brennerbasisdemokratie.eu\/index.php?rest_route=%2Fwp%2Fv2%2Fcategories&post=68416"},{"taxonomy":"post_tag","embeddable":true,"href":"https:\/\/www.brennerbasisdemokratie.eu\/index.php?rest_route=%2Fwp%2Fv2%2Ftags&post=68416"}],"curies":[{"name":"wp","href":"https:\/\/api.w.org\/{rel}","templated":true}]}}