{"id":6878,"date":"2011-01-19T22:42:00","date_gmt":"2011-01-19T21:42:00","guid":{"rendered":"http:\/\/www.brennerbasisdemokratie.eu\/?p=6878"},"modified":"2024-01-26T17:49:37","modified_gmt":"2024-01-26T16:49:37","slug":"karl-zeller-ein-kriegstreiber","status":"publish","type":"post","link":"https:\/\/www.brennerbasisdemokratie.eu\/?p=6878","title":{"rendered":"Karl Zeller \u2014 ein Kriegstreiber?"},"content":{"rendered":"<p>Die Tageszeitung <em>Alto Adige<\/em> hat heute ein Interview mit SVP-Parlamentarier Karl Zeller ver\u00f6ffentlicht. Darin spricht er eine \u00bbdritte Phase\u00ab der Autonomie an, die in einen unabh\u00e4ngigen Staat m\u00fcnden k\u00f6nnte. Ausschlaggebend sei die Einbindung aller Sprachgruppen in einen gemeinsamen Prozess.<\/p>\n<p>Vor wenigen Tagen noch <a title=\"Kriegs- und Totschlagargument.\" href=\"http:\/\/www.brennerbasisdemokratie.eu\/?p=6806\" target=\"_self\" rel=\"noopener\">hatte Landeshauptmann Luis Durnwalder behauptet<\/a>, die Unabh\u00e4ngigkeit sei nur durch einen Krieg erreichbar. Ist Zeller wirklich so verr\u00fcckt, eine gewaltsame Auseinandersetzung in Kauf zu nehmen, um aus S\u00fcdtirol einen eigenen Staat zu machen? Oder stimmt vielmehr, dass Durnwalders Aussagen reine Z\u00fcndelei waren?<\/p>\n<p>Zweifellos muss in der Volkspartei gro\u00dfe Verwirrung herrschen, wenn zwei Spitzenvertreter in kurzer Zeit derart widerspr\u00fcchliche Meinungen von sich geben. Offensichtlich hat unsere Regierungspartei keine einheitliche Vorstellung, wie die Zukunft des Landes aussehen soll.<br \/>\nDazu gesellt sich, dass Parteisekret\u00e4r Philipp Achammer <a title=\"Achammer: Spannendes 2011.\" href=\"https:\/\/web.archive.org\/web\/20110123220504\/http:\/\/www.philipp-achammer.com:80\/cms\/social-newsroom\/177-das-wird-ein-spannendes-2011\" target=\"_blank\" rel=\"noopener\">in seinem Blog festh\u00e4lt<\/a>, das Thema Selbstbestimmung \u00bbnicht mehr h\u00f6ren\u00ab zu k\u00f6nnen \u2014 und das, nachdem sich <a title=\"Achammer: S\u00fcdtirols Zukunft ist...\" href=\"http:\/\/www.philipp-achammer.com\/cms\/component\/poll\/23-suedtirols-zukunft-ist\" target=\"_blank\" rel=\"noopener\">in einer Onlinebefragung<\/a> \u00fcber 90% seiner Leser daf\u00fcr ausgesprochen haben.<\/p>\n<p>Zellers Aussagen sind trotz alledem ein Lichtblick: Er zwingt die SVP, sich erneut mit dem Thema zu befassen, positioniert es bei den Italienern und l\u00e4dt sie gleichzeitig dazu ein, sich aktiv zu beteiligen.<\/p>","protected":false},"excerpt":{"rendered":"<p>Die Tageszeitung Alto Adige hat heute ein Interview mit SVP-Parlamentarier Karl Zeller ver\u00f6ffentlicht. Darin spricht er eine \u00bbdritte Phase\u00ab der Autonomie an, die in einen unabh\u00e4ngigen Staat m\u00fcnden k\u00f6nnte. Ausschlaggebend sei die Einbindung aller Sprachgruppen in einen gemeinsamen Prozess. Vor wenigen Tagen noch hatte Landeshauptmann Luis Durnwalder behauptet, die Unabh\u00e4ngigkeit sei nur durch einen Krieg [&hellip;]<\/p>","protected":false},"author":1,"featured_media":0,"comment_status":"open","ping_status":"open","sticky":false,"template":"","format":"standard","meta":{"_crdt_document":"","ngg_post_thumbnail":0,"_jetpack_memberships_contains_paid_content":false,"footnotes":""},"categories":[1],"tags":[],"class_list":["post-6878","post","type-post","status-publish","format-standard","hentry","category-allgemein","entity-svp","person-karl-zeller","topic-medien","topic-politik"],"jetpack_featured_media_url":"","jetpack_sharing_enabled":true,"_links":{"self":[{"href":"https:\/\/www.brennerbasisdemokratie.eu\/index.php?rest_route=\/wp\/v2\/posts\/6878","targetHints":{"allow":["GET"]}}],"collection":[{"href":"https:\/\/www.brennerbasisdemokratie.eu\/index.php?rest_route=\/wp\/v2\/posts"}],"about":[{"href":"https:\/\/www.brennerbasisdemokratie.eu\/index.php?rest_route=\/wp\/v2\/types\/post"}],"author":[{"embeddable":true,"href":"https:\/\/www.brennerbasisdemokratie.eu\/index.php?rest_route=\/wp\/v2\/users\/1"}],"replies":[{"embeddable":true,"href":"https:\/\/www.brennerbasisdemokratie.eu\/index.php?rest_route=%2Fwp%2Fv2%2Fcomments&post=6878"}],"version-history":[{"count":10,"href":"https:\/\/www.brennerbasisdemokratie.eu\/index.php?rest_route=\/wp\/v2\/posts\/6878\/revisions"}],"predecessor-version":[{"id":83439,"href":"https:\/\/www.brennerbasisdemokratie.eu\/index.php?rest_route=\/wp\/v2\/posts\/6878\/revisions\/83439"}],"wp:attachment":[{"href":"https:\/\/www.brennerbasisdemokratie.eu\/index.php?rest_route=%2Fwp%2Fv2%2Fmedia&parent=6878"}],"wp:term":[{"taxonomy":"category","embeddable":true,"href":"https:\/\/www.brennerbasisdemokratie.eu\/index.php?rest_route=%2Fwp%2Fv2%2Fcategories&post=6878"},{"taxonomy":"post_tag","embeddable":true,"href":"https:\/\/www.brennerbasisdemokratie.eu\/index.php?rest_route=%2Fwp%2Fv2%2Ftags&post=6878"}],"curies":[{"name":"wp","href":"https:\/\/api.w.org\/{rel}","templated":true}]}}