{"id":68781,"date":"2021-10-27T12:47:46","date_gmt":"2021-10-27T10:47:46","guid":{"rendered":"https:\/\/www.brennerbasisdemokratie.eu\/?p=68781"},"modified":"2024-10-25T14:55:52","modified_gmt":"2024-10-25T12:55:52","slug":"apofarmbz","status":"publish","type":"post","link":"https:\/\/www.brennerbasisdemokratie.eu\/?p=68781","title":{"rendered":"ApoFarmBZ."},"content":{"rendered":"<p>Die S\u00fcdtiroler Apotheken haben unter einfallsreichem Namen eine eigene App entwickeln lassen, mit der man unter anderem die ge\u00f6ffneten Standorte sowie ihre Adressen und Telefonnumern suchen kann. Nach und nach sollen auch weitere Dienste angeboten werden.<\/p>\n<p>Schon heute k\u00f6nnen \u00fcber die App zum Beispiel auch <em>Corona<\/em>-Tests gebucht werden. Bei manchen Apotheken \u2014 so etwa bei der, wo ich mich testen lassen wollte \u2014 ist es sogar Pflicht, die Vormerkung \u00fcber <em>ApoFarm<\/em> vorzunehmen.<\/p>\n<p>Leider ist es offenbar nicht gelungen, die App, wiewohl sehr spartanisch, in vollem Umfang zweisprachig zu machen. So gibt es beispielsweise die Seite mit den Benachrichtigungen nur auf Italienisch:<\/p>\n<blockquote><div class=\"tiled-gallery type-rectangular tiled-gallery-unresized\" data-original-width=\"900\" data-carousel-extra='null' itemscope itemtype=\"http:\/\/schema.org\/ImageGallery\" > <div class=\"gallery-row\" style=\"width: 900px; height: 889px;\" data-original-width=\"900\" data-original-height=\"889\" > <div class=\"gallery-group images-1\" style=\"width: 450px; height: 889px;\" data-original-width=\"450\" data-original-height=\"889\" > <div class=\"tiled-gallery-item tiled-gallery-item-large\" itemprop=\"associatedMedia\" itemscope itemtype=\"http:\/\/schema.org\/ImageObject\"> <meta itemprop=\"width\" content=\"446\"> <meta itemprop=\"height\" content=\"885\"> <img decoding=\"async\" class=\"\" data-attachment-id=\"68782\" data-orig-file=\"https:\/\/www.brennerbasisdemokratie.eu\/wp-content\/uploads\/2021\/10\/apofarmbz1.png\" data-orig-size=\"500,992\" data-comments-opened=\"1\" data-image-meta=\"{&quot;aperture&quot;:&quot;0&quot;,&quot;credit&quot;:&quot;&quot;,&quot;camera&quot;:&quot;&quot;,&quot;caption&quot;:&quot;&quot;,&quot;created_timestamp&quot;:&quot;0&quot;,&quot;copyright&quot;:&quot;&quot;,&quot;focal_length&quot;:&quot;0&quot;,&quot;iso&quot;:&quot;0&quot;,&quot;shutter_speed&quot;:&quot;0&quot;,&quot;title&quot;:&quot;&quot;,&quot;orientation&quot;:&quot;0&quot;}\" data-image-title=\"apofarmbz1\" data-image-description=\"\" data-medium-file=\"https:\/\/www.brennerbasisdemokratie.eu\/wp-content\/uploads\/2021\/10\/apofarmbz1.png\" data-large-file=\"https:\/\/www.brennerbasisdemokratie.eu\/wp-content\/uploads\/2021\/10\/apofarmbz1.png\" src=\"https:\/\/i0.wp.com\/www.brennerbasisdemokratie.eu\/wp-content\/uploads\/2021\/10\/apofarmbz1.png?w=446&#038;h=885&#038;ssl=1\" width=\"446\" height=\"885\" loading=\"lazy\" data-original-width=\"446\" data-original-height=\"885\" itemprop=\"http:\/\/schema.org\/image\" title=\"apofarmbz1\" alt=\"apofarmbz1\" style=\"width: 446px; height: 885px;\" \/> <\/div> <\/div> <!-- close group --> <div class=\"gallery-group images-1\" style=\"width: 450px; height: 889px;\" data-original-width=\"450\" data-original-height=\"889\" > <div class=\"tiled-gallery-item tiled-gallery-item-large\" itemprop=\"associatedMedia\" itemscope itemtype=\"http:\/\/schema.org\/ImageObject\"> <meta itemprop=\"width\" content=\"446\"> <meta itemprop=\"height\" content=\"885\"> <img decoding=\"async\" class=\"\" data-attachment-id=\"68783\" data-orig-file=\"https:\/\/www.brennerbasisdemokratie.eu\/wp-content\/uploads\/2021\/10\/apofarmbz2.png\" data-orig-size=\"500,992\" data-comments-opened=\"1\" data-image-meta=\"{&quot;aperture&quot;:&quot;0&quot;,&quot;credit&quot;:&quot;&quot;,&quot;camera&quot;:&quot;&quot;,&quot;caption&quot;:&quot;&quot;,&quot;created_timestamp&quot;:&quot;0&quot;,&quot;copyright&quot;:&quot;&quot;,&quot;focal_length&quot;:&quot;0&quot;,&quot;iso&quot;:&quot;0&quot;,&quot;shutter_speed&quot;:&quot;0&quot;,&quot;title&quot;:&quot;&quot;,&quot;orientation&quot;:&quot;0&quot;}\" data-image-title=\"apofarmbz2\" data-image-description=\"\" data-medium-file=\"https:\/\/www.brennerbasisdemokratie.eu\/wp-content\/uploads\/2021\/10\/apofarmbz2.png\" data-large-file=\"https:\/\/www.brennerbasisdemokratie.eu\/wp-content\/uploads\/2021\/10\/apofarmbz2.png\" src=\"https:\/\/i0.wp.com\/www.brennerbasisdemokratie.eu\/wp-content\/uploads\/2021\/10\/apofarmbz2.png?w=446&#038;h=885&#038;ssl=1\" width=\"446\" height=\"885\" loading=\"lazy\" data-original-width=\"446\" data-original-height=\"885\" itemprop=\"http:\/\/schema.org\/image\" title=\"apofarmbz2\" alt=\"apofarmbz2\" style=\"width: 446px; height: 885px;\" \/> <\/div> <\/div> <!-- close group --> <\/div> <!-- close row --> <\/div><\/blockquote>\n<p><small><em>Bildschirmausschnitte <\/em>ApoFarmBZ<\/small><\/p>\n<p>Negativ f\u00e4llt aber auch auf, dass die meisten Apotheken nur mit ihrer italienischen Bezeichnung und Adresse in den Verzeichnissen aufscheinen. So findet man zum Beispiel in Brixen keinen einzigen Standort, wenn man nicht den italienischen Ortsnamen eingibt:<\/p>\n<blockquote><div class=\"tiled-gallery type-rectangular tiled-gallery-unresized\" data-original-width=\"900\" data-carousel-extra='null' itemscope itemtype=\"http:\/\/schema.org\/ImageGallery\" > <div class=\"gallery-row\" style=\"width: 900px; height: 889px;\" data-original-width=\"900\" data-original-height=\"889\" > <div class=\"gallery-group images-1\" style=\"width: 450px; height: 889px;\" data-original-width=\"450\" data-original-height=\"889\" > <div class=\"tiled-gallery-item tiled-gallery-item-large\" itemprop=\"associatedMedia\" itemscope itemtype=\"http:\/\/schema.org\/ImageObject\"> <meta itemprop=\"width\" content=\"446\"> <meta itemprop=\"height\" content=\"885\"> <img decoding=\"async\" class=\"\" data-attachment-id=\"68784\" data-orig-file=\"https:\/\/www.brennerbasisdemokratie.eu\/wp-content\/uploads\/2021\/10\/apofarmbz3.png\" data-orig-size=\"500,992\" data-comments-opened=\"1\" data-image-meta=\"{&quot;aperture&quot;:&quot;0&quot;,&quot;credit&quot;:&quot;&quot;,&quot;camera&quot;:&quot;&quot;,&quot;caption&quot;:&quot;&quot;,&quot;created_timestamp&quot;:&quot;0&quot;,&quot;copyright&quot;:&quot;&quot;,&quot;focal_length&quot;:&quot;0&quot;,&quot;iso&quot;:&quot;0&quot;,&quot;shutter_speed&quot;:&quot;0&quot;,&quot;title&quot;:&quot;&quot;,&quot;orientation&quot;:&quot;0&quot;}\" data-image-title=\"apofarmbz3\" data-image-description=\"\" data-medium-file=\"https:\/\/www.brennerbasisdemokratie.eu\/wp-content\/uploads\/2021\/10\/apofarmbz3.png\" data-large-file=\"https:\/\/www.brennerbasisdemokratie.eu\/wp-content\/uploads\/2021\/10\/apofarmbz3.png\" src=\"https:\/\/i0.wp.com\/www.brennerbasisdemokratie.eu\/wp-content\/uploads\/2021\/10\/apofarmbz3.png?w=446&#038;h=885&#038;ssl=1\" width=\"446\" height=\"885\" loading=\"lazy\" data-original-width=\"446\" data-original-height=\"885\" itemprop=\"http:\/\/schema.org\/image\" title=\"apofarmbz3\" alt=\"apofarmbz3\" style=\"width: 446px; height: 885px;\" \/> <\/div> <\/div> <!-- close group --> <div class=\"gallery-group images-1\" style=\"width: 450px; height: 889px;\" data-original-width=\"450\" data-original-height=\"889\" > <div class=\"tiled-gallery-item tiled-gallery-item-large\" itemprop=\"associatedMedia\" itemscope itemtype=\"http:\/\/schema.org\/ImageObject\"> <meta itemprop=\"width\" content=\"446\"> <meta itemprop=\"height\" content=\"885\"> <img decoding=\"async\" class=\"\" data-attachment-id=\"68785\" data-orig-file=\"https:\/\/www.brennerbasisdemokratie.eu\/wp-content\/uploads\/2021\/10\/apofarmbz4.png\" data-orig-size=\"500,992\" data-comments-opened=\"1\" data-image-meta=\"{&quot;aperture&quot;:&quot;0&quot;,&quot;credit&quot;:&quot;&quot;,&quot;camera&quot;:&quot;&quot;,&quot;caption&quot;:&quot;&quot;,&quot;created_timestamp&quot;:&quot;0&quot;,&quot;copyright&quot;:&quot;&quot;,&quot;focal_length&quot;:&quot;0&quot;,&quot;iso&quot;:&quot;0&quot;,&quot;shutter_speed&quot;:&quot;0&quot;,&quot;title&quot;:&quot;&quot;,&quot;orientation&quot;:&quot;0&quot;}\" data-image-title=\"apofarmbz4\" data-image-description=\"\" data-medium-file=\"https:\/\/www.brennerbasisdemokratie.eu\/wp-content\/uploads\/2021\/10\/apofarmbz4.png\" data-large-file=\"https:\/\/www.brennerbasisdemokratie.eu\/wp-content\/uploads\/2021\/10\/apofarmbz4.png\" src=\"https:\/\/i0.wp.com\/www.brennerbasisdemokratie.eu\/wp-content\/uploads\/2021\/10\/apofarmbz4.png?w=446&#038;h=885&#038;ssl=1\" width=\"446\" height=\"885\" loading=\"lazy\" data-original-width=\"446\" data-original-height=\"885\" itemprop=\"http:\/\/schema.org\/image\" title=\"apofarmbz4\" alt=\"apofarmbz4\" style=\"width: 446px; height: 885px;\" \/> <\/div> <\/div> <!-- close group --> <\/div> <!-- close row --> <\/div><\/blockquote>\n<p><small><em>Bildschirmausschnitte <\/em>ApoFarmBZ<\/small><\/p>\n<p>Sp\u00e4testens wenn die App von manchen Apotheken als einzige Vormerkungsm\u00f6glichkeit f\u00fcr einen wesentlichen Dienst wie die <em>Corona<\/em>-Tests akzeptiert wird, sind solche Missst\u00e4nde g\u00e4nzlich inakzeptabel.<\/p>\n<p>Ich frage mich aber grunds\u00e4tzlich, ob vielen Apothekerinnen die ganz besondere Verantwortung bewusst ist, die sie in einem mehrsprachigen Land tragen, wo die meistgesprochene Sprache gleichzeitig weitgehend schutzlos dasteht. So wurde mir zum Beispiel noch nie irgendwo aktiv der Ausdruck einer deutschsprachigen Packungsbeilage angeboten, ganz egal ob eine Apotheke rappelvoll oder ob ich der einzige Kunde war.<\/p>\n<p>Nicht selten sind \u2014 besonders in der Landeshauptstadt \u2014 selbst noch die Aush\u00e4nge und Infos in den Apotheken (Abstand einhalten, Angebot \u2026, Wir bieten folgende Zusatzleistungen an etc.) nur einsprachig italienisch. Und auch bei den Webseiten zahlreicher Apotheken hapert es mit der Zweisprachigkeit gewaltig. Das Problem ist also strukturell.<\/p>\n<p>Dass Apothekerinnen in S\u00fcdtirol einen Zwei-\/Dreisprachigkeitsnachweis ben\u00f6tigen, ist nicht nur eine einmalige Zugangsh\u00fcrde und wurde auch nicht aus Jux eingef\u00fchrt, sondern ist auf die verantwortungsvolle, hochsensible Aufgabe zur\u00fcckzuf\u00fchren, die dieser Beruf mit sich bringt.<\/p>\n<p><strong><span style=\"font-family: Helvetica, Arial, sans-serif; text-transform: uppercase;\">C\u00ebla enghe:<\/span><\/strong> <a title=\"Verpfuschte Testvormerkung.\" href=\"https:\/\/www.brennerbasisdemokratie.eu\/?p=65359\" rel=\"\"><code>01<\/code><\/a> <a title=\"Elektronische Packungsbeilage: Bitte warten!\" href=\"https:\/\/www.brennerbasisdemokratie.eu\/?p=48222\" rel=\"\"><code>02<\/code><\/a> <a title=\"Corona: Spendenaufruf.\" href=\"https:\/\/www.brennerbasisdemokratie.eu\/?p=55538\" rel=\"\"><code>03<\/code><\/a> <a title=\"Bonvicini \u2014 la sanit\u00e0&nbsp;monolingue.\" href=\"https:\/\/www.brennerbasisdemokratie.eu\/?p=23481\" rel=\"\"><code>04<\/code><\/a>&nbsp;<span style=\"font-family: Helvetica, Arial, sans-serif; font-weight: normal;\">||<\/span> <a title=\"Gesundheit: Die Bedeutung der Verst\u00e4ndigung.\" href=\"https:\/\/www.brennerbasisdemokratie.eu\/?p=69766\" rel=\"\"><span style=\"color: #ff8c00\"><code>01<\/code><\/span><\/a> <a title=\"Auch online keine Packungsbeilagen auf Deutsch.\" href=\"https:\/\/www.brennerbasisdemokratie.eu\/?p=71092\"><span style=\"color: #ff8c00\"><code>02<\/code><\/span><\/a> <a title=\"Gegl\u00fcckte Italianisierung einer Apotheke.\" href=\"https:\/\/www.brennerbasisdemokratie.eu\/?p=75579\" rel=\"\"><span style=\"color: #ff8c00\"><code>03<\/code><\/span><\/a> <a title=\"Deutsch im Gesundheitswesen wird verschrottet.\" href=\"https:\/\/www.brennerbasisdemokratie.eu\/?p=76360\"><span style=\"color: #ff8c00\"><code>04<\/code><\/span><\/a> <a title=\"In Svizzera medicinali trilingui.\" href=\"https:\/\/www.brennerbasisdemokratie.eu\/?p=88635\"><span style=\"color: #ff8c00\"><code>05<\/code><\/span><\/a><\/p>","protected":false},"excerpt":{"rendered":"<p>Die S\u00fcdtiroler Apotheken haben unter einfallsreichem Namen eine eigene App entwickeln lassen, mit der man unter anderem die ge\u00f6ffneten Standorte sowie ihre Adressen und Telefonnumern suchen kann. Nach und nach sollen auch weitere Dienste angeboten werden. Schon heute k\u00f6nnen \u00fcber die App zum Beispiel auch Corona-Tests gebucht werden. Bei manchen Apotheken \u2014 so etwa bei [&hellip;]<\/p>","protected":false},"author":1,"featured_media":0,"comment_status":"open","ping_status":"open","sticky":false,"template":"","format":"standard","meta":{"_crdt_document":"","ngg_post_thumbnail":0,"_jetpack_memberships_contains_paid_content":false,"footnotes":""},"categories":[1],"tags":[],"class_list":["post-68781","post","type-post","status-publish","format-standard","hentry","category-allgemein","issue-bilinguismo-negato","issue-coronapandemie","issue-italianizzazione","issue-packungsbeilagen","location-sudtirolo","language-deutsch","topic-discriminaziun","topic-gesundheit","topic-minderheitenschutz","topic-ortsnamen","topic-plurilinguism","topic-servicepublic","topic-tech_com"],"jetpack_featured_media_url":"","jetpack_sharing_enabled":true,"_links":{"self":[{"href":"https:\/\/www.brennerbasisdemokratie.eu\/index.php?rest_route=\/wp\/v2\/posts\/68781","targetHints":{"allow":["GET"]}}],"collection":[{"href":"https:\/\/www.brennerbasisdemokratie.eu\/index.php?rest_route=\/wp\/v2\/posts"}],"about":[{"href":"https:\/\/www.brennerbasisdemokratie.eu\/index.php?rest_route=\/wp\/v2\/types\/post"}],"author":[{"embeddable":true,"href":"https:\/\/www.brennerbasisdemokratie.eu\/index.php?rest_route=\/wp\/v2\/users\/1"}],"replies":[{"embeddable":true,"href":"https:\/\/www.brennerbasisdemokratie.eu\/index.php?rest_route=%2Fwp%2Fv2%2Fcomments&post=68781"}],"version-history":[{"count":17,"href":"https:\/\/www.brennerbasisdemokratie.eu\/index.php?rest_route=\/wp\/v2\/posts\/68781\/revisions"}],"predecessor-version":[{"id":88642,"href":"https:\/\/www.brennerbasisdemokratie.eu\/index.php?rest_route=\/wp\/v2\/posts\/68781\/revisions\/88642"}],"wp:attachment":[{"href":"https:\/\/www.brennerbasisdemokratie.eu\/index.php?rest_route=%2Fwp%2Fv2%2Fmedia&parent=68781"}],"wp:term":[{"taxonomy":"category","embeddable":true,"href":"https:\/\/www.brennerbasisdemokratie.eu\/index.php?rest_route=%2Fwp%2Fv2%2Fcategories&post=68781"},{"taxonomy":"post_tag","embeddable":true,"href":"https:\/\/www.brennerbasisdemokratie.eu\/index.php?rest_route=%2Fwp%2Fv2%2Ftags&post=68781"}],"curies":[{"name":"wp","href":"https:\/\/api.w.org\/{rel}","templated":true}]}}