{"id":69010,"date":"2021-10-30T22:37:29","date_gmt":"2021-10-30T20:37:29","guid":{"rendered":"https:\/\/www.brennerbasisdemokratie.eu\/?p=69010"},"modified":"2023-01-28T08:50:28","modified_gmt":"2023-01-28T07:50:28","slug":"pestizidprozess-und-grundrechte","status":"publish","type":"post","link":"https:\/\/www.brennerbasisdemokratie.eu\/?p=69010","title":{"rendered":"Pestizidprozess und Grundrechte."},"content":{"rendered":"<p>Wie Christoph Franceschini auf <em>Salto<\/em> <a title=\"Salto: Reine Schikane.\" href=\"https:\/\/www.salto.bz\/de\/article\/30102021\/reine-schikane\" target=\"_blank\" rel=\"noopener\">darlegt<\/a>, verkommt das Gerichtsverfahren gegen den inzwischen in den Bundestag gew\u00e4hlten Karl B\u00e4r <em>(Gr\u00fcne)<\/em> vollends zur Farce. Der letzte verbliebene Kl\u00e4ger muss im J\u00e4nner sogar von der Polizei vorgef\u00fchrt werden.<\/p>\n<p>B\u00e4r fordert nun von der EU, eine Richtlinie zu erlassen, die einen Justizmissbrauch wie diesen k\u00fcnftig unterbindet, da er die Meinungsfreiheit gef\u00e4hrde. Dessen Anwalt Nicola Canestrini wird von Franceschini mit den Worten zitiert, dass Italien das perfekte Pflaster f\u00fcr gegenstandslose Klagen sei, die nur gef\u00fchrt w\u00fcrden, um unangenehme Kritiker mundtot zu machen.<\/p>\n<p>\u00bbNur wegen ein paar S\u00fcdtiroler Bauern\u00ab stehe nun das italienische Justizsystem und dessen Vereinbarkeit mit internationalen Rechtsgrunds\u00e4tzen im Fokus, so Franceschini.<\/p>\n<p>W\u00e4re es aber nicht das Beste, was (uns) passieren k\u00f6nnte, wenn dieser uns\u00e4gliche Prozess wenigstens dazu beitragen k\u00f6nnte, die italienische Justiz etwas fairer und grundrechtvertr\u00e4glicher zu machen? Solange sie sich f\u00fcr solch gef\u00e4hrliche Farcen hergibt, immer jemand versuchen, dies zu missbrauchen, um andere einzusch\u00fcchtern.<\/p>\n<p><strong><span style=\"font-family: Helvetica, Arial, sans-serif; text-transform: uppercase;\">C\u00ebla enghe:<\/span><\/strong> <a title=\"Vogliamo parlare di libert\u00e0 di espressione?\" href=\"https:\/\/www.brennerbasisdemokratie.eu\/?p=61725\"><code>01<\/code><\/a> <span style=\"font-family: Helvetica, Arial, sans-serif; font-weight: normal;\">|<\/span> <a title=\"S\u00fcdtirol slappt.\" href=\"https:\/\/www.brennerbasisdemokratie.eu\/?p=62165\"><code>02<\/code><\/a> <a title=\"Freispruch f\u00fcr Schiebel.\" href=\"https:\/\/www.brennerbasisdemokratie.eu\/?p=65701\"><code>03<\/code><\/a> <span style=\"font-family: Helvetica, Arial, sans-serif; font-weight: normal;\">||<\/span> <a title=\"SLAPP-Ende f\u00fcr Slappende.\" href=\"https:\/\/www.brennerbasisdemokratie.eu\/?p=72328\" rel=\"\"><span style=\"color: #ff8c00\"><code>01<\/code><\/span><\/a><\/p>","protected":false},"excerpt":{"rendered":"<p>Wie Christoph Franceschini auf Salto darlegt, verkommt das Gerichtsverfahren gegen den inzwischen in den Bundestag gew\u00e4hlten Karl B\u00e4r (Gr\u00fcne) vollends zur Farce. Der letzte verbliebene Kl\u00e4ger muss im J\u00e4nner sogar von der Polizei vorgef\u00fchrt werden. B\u00e4r fordert nun von der EU, eine Richtlinie zu erlassen, die einen Justizmissbrauch wie diesen k\u00fcnftig unterbindet, da er die [&hellip;]<\/p>","protected":false},"author":1,"featured_media":0,"comment_status":"open","ping_status":"open","sticky":false,"template":"","format":"standard","meta":{"_crdt_document":"","ngg_post_thumbnail":0,"_jetpack_memberships_contains_paid_content":false,"footnotes":""},"categories":[1],"tags":[],"class_list":["post-69010","post","type-post","status-publish","format-standard","hentry","category-allgemein","entity-eu","entity-staat-italien","entity-verc","location-deutschland","location-italy","location-sudtirolo","language-deutsch","medium-salto","person-christoph-franceschini","person-nicola-canestrini","topic-grundrechte","topic-landwirtschaft","topic-medien","topic-politik","topic-recht"],"jetpack_featured_media_url":"","jetpack_sharing_enabled":true,"_links":{"self":[{"href":"https:\/\/www.brennerbasisdemokratie.eu\/index.php?rest_route=\/wp\/v2\/posts\/69010","targetHints":{"allow":["GET"]}}],"collection":[{"href":"https:\/\/www.brennerbasisdemokratie.eu\/index.php?rest_route=\/wp\/v2\/posts"}],"about":[{"href":"https:\/\/www.brennerbasisdemokratie.eu\/index.php?rest_route=\/wp\/v2\/types\/post"}],"author":[{"embeddable":true,"href":"https:\/\/www.brennerbasisdemokratie.eu\/index.php?rest_route=\/wp\/v2\/users\/1"}],"replies":[{"embeddable":true,"href":"https:\/\/www.brennerbasisdemokratie.eu\/index.php?rest_route=%2Fwp%2Fv2%2Fcomments&post=69010"}],"version-history":[{"count":9,"href":"https:\/\/www.brennerbasisdemokratie.eu\/index.php?rest_route=\/wp\/v2\/posts\/69010\/revisions"}],"predecessor-version":[{"id":76656,"href":"https:\/\/www.brennerbasisdemokratie.eu\/index.php?rest_route=\/wp\/v2\/posts\/69010\/revisions\/76656"}],"wp:attachment":[{"href":"https:\/\/www.brennerbasisdemokratie.eu\/index.php?rest_route=%2Fwp%2Fv2%2Fmedia&parent=69010"}],"wp:term":[{"taxonomy":"category","embeddable":true,"href":"https:\/\/www.brennerbasisdemokratie.eu\/index.php?rest_route=%2Fwp%2Fv2%2Fcategories&post=69010"},{"taxonomy":"post_tag","embeddable":true,"href":"https:\/\/www.brennerbasisdemokratie.eu\/index.php?rest_route=%2Fwp%2Fv2%2Ftags&post=69010"}],"curies":[{"name":"wp","href":"https:\/\/api.w.org\/{rel}","templated":true}]}}