{"id":69073,"date":"2021-11-02T14:57:59","date_gmt":"2021-11-02T13:57:59","guid":{"rendered":"https:\/\/www.brennerbasisdemokratie.eu\/?p=69073"},"modified":"2025-09-09T18:37:58","modified_gmt":"2025-09-09T16:37:58","slug":"wo-bleibt-der-tutor","status":"publish","type":"post","link":"https:\/\/www.brennerbasisdemokratie.eu\/?p=69073","title":{"rendered":"Wo bleibt der Tutor?"},"content":{"rendered":"<p>Im April 2018 hatte der Landtag auf Vorschlag der <em>Gr\u00fcnen<\/em> die Landesregierung <a title=\"Kommt endlich der \u00bbTutor\u00ab?\" href=\"https:\/\/www.brennerbasisdemokratie.eu\/?p=40566\" rel=\"\">verpflichtet<\/a>, die Geschwindigkeits\u00fcbertretungen auf der Brennerautobahn zu erheben und dann Gegenma\u00dfnahmen einzuleiten. Ausdr\u00fccklich war auch von der M\u00f6glichkeit die Rede, ein Abschnittskontrollsystem <em>(Tutor)<\/em> einzuf\u00fchren. \u00dcber drei Jahre sind seitdem vergangen.<\/p>\n<p>Nachdem sich an der gef\u00e4hrlichen, gesundheits- und klimasch\u00e4dlichen Raserei auf der Autobahn nichts ge\u00e4ndert zu haben scheint, stellt sich mir die Frage, welche Ma\u00dfnahmen ergriffen wurden oder ergriffen werden sollen, um die Lage unter Kontrolle zu kriegen.<\/p>\n<p>Von der Installation eines Tutors war f\u00fcr meinen Geschmack schon zu lange nichts zu h\u00f6ren.<\/p>\n<p><strong><span style=\"font-family: Helvetica, Arial, sans-serif; text-transform: uppercase;\">C\u00ebla enghe:<\/span><\/strong> <a title=\"Zu viele Tote auf S\u00fcdtirols Stra\u00dfen.\" href=\"https:\/\/www.brennerbasisdemokratie.eu\/?p=61244\" rel=\"\"><code>01<\/code><\/a> <a title=\"H\u00f6here Strafen zur Abschreckung?\" href=\"https:\/\/www.brennerbasisdemokratie.eu\/?p=30654\" rel=\"\"><code>02<\/code><\/a> <a title=\"Gesch\u00fctzte Spezies.\" href=\"https:\/\/www.brennerbasisdemokratie.eu\/?p=1119\" rel=\"\"><code>03<\/code><\/a> <span style=\"font-family: Helvetica, Arial, sans-serif; font-weight: normal;\">|<\/span> <a title=\"A22: Die Maut ist l\u00e4cherlich gering.\" href=\"https:\/\/www.brennerbasisdemokratie.eu\/?p=49755\" rel=\"\"><code>04<\/code><\/a> <span style=\"font-family: Helvetica, Arial, sans-serif; font-weight: normal;\">||<\/span> <a title=\"Sichere Stra\u00dfen?\" href=\"https:\/\/www.brennerbasisdemokratie.eu\/?p=84081\"><span style=\"color: #ff8c00\"><code>01<\/code><\/span><\/a> <a title=\"H\u00f6here Strafen bringen wenig.\" href=\"https:\/\/www.brennerbasisdemokratie.eu\/?p=89127\"><span style=\"color: #ff8c00\"><code>02<\/code><\/span><\/a> <a title=\"Jetzt soll es die \u203avariable Maut\u2039 sein.\" href=\"https:\/\/www.brennerbasisdemokratie.eu\/?p=89287\"><span style=\"color: #ff8c00\"><code>03<\/code><\/span><\/a> <a title=\"Freie Fahrt f\u00fcr Verkehrsrowdys in S\u00fcdtirol.\" href=\"https:\/\/www.brennerbasisdemokratie.eu\/?p=93019\"><span style=\"color: #ff8c00\"><code>04<\/code><\/span><\/a> <a title=\"Abfahrverbote nun auch in Bayern.\" href=\"https:\/\/www.brennerbasisdemokratie.eu\/?p=94393\"><span style=\"color: #ff8c00\"><code>05<\/code><\/span><\/a><\/p>","protected":false},"excerpt":{"rendered":"<p>Im April 2018 hatte der Landtag auf Vorschlag der Gr\u00fcnen die Landesregierung verpflichtet, die Geschwindigkeits\u00fcbertretungen auf der Brennerautobahn zu erheben und dann Gegenma\u00dfnahmen einzuleiten. Ausdr\u00fccklich war auch von der M\u00f6glichkeit die Rede, ein Abschnittskontrollsystem (Tutor) einzuf\u00fchren. \u00dcber drei Jahre sind seitdem vergangen. Nachdem sich an der gef\u00e4hrlichen, gesundheits- und klimasch\u00e4dlichen Raserei auf der Autobahn nichts [&hellip;]<\/p>","protected":false},"author":1,"featured_media":0,"comment_status":"open","ping_status":"open","sticky":false,"template":"","format":"standard","meta":{"_crdt_document":"","ngg_post_thumbnail":0,"_jetpack_memberships_contains_paid_content":false,"footnotes":""},"categories":[1],"tags":[],"class_list":["post-69073","post","type-post","status-publish","format-standard","hentry","category-allgemein","entity-a22","entity-landesregierung","entity-sudtiroler-landtag","entity-verc","location-sudtirolo","language-deutsch","topic-ecologia","topic-gesundheit","topic-mobilitaet","topic-politik","topic-sicherheit"],"jetpack_featured_media_url":"","jetpack_sharing_enabled":true,"_links":{"self":[{"href":"https:\/\/www.brennerbasisdemokratie.eu\/index.php?rest_route=\/wp\/v2\/posts\/69073","targetHints":{"allow":["GET"]}}],"collection":[{"href":"https:\/\/www.brennerbasisdemokratie.eu\/index.php?rest_route=\/wp\/v2\/posts"}],"about":[{"href":"https:\/\/www.brennerbasisdemokratie.eu\/index.php?rest_route=\/wp\/v2\/types\/post"}],"author":[{"embeddable":true,"href":"https:\/\/www.brennerbasisdemokratie.eu\/index.php?rest_route=\/wp\/v2\/users\/1"}],"replies":[{"embeddable":true,"href":"https:\/\/www.brennerbasisdemokratie.eu\/index.php?rest_route=%2Fwp%2Fv2%2Fcomments&post=69073"}],"version-history":[{"count":11,"href":"https:\/\/www.brennerbasisdemokratie.eu\/index.php?rest_route=\/wp\/v2\/posts\/69073\/revisions"}],"predecessor-version":[{"id":94404,"href":"https:\/\/www.brennerbasisdemokratie.eu\/index.php?rest_route=\/wp\/v2\/posts\/69073\/revisions\/94404"}],"wp:attachment":[{"href":"https:\/\/www.brennerbasisdemokratie.eu\/index.php?rest_route=%2Fwp%2Fv2%2Fmedia&parent=69073"}],"wp:term":[{"taxonomy":"category","embeddable":true,"href":"https:\/\/www.brennerbasisdemokratie.eu\/index.php?rest_route=%2Fwp%2Fv2%2Fcategories&post=69073"},{"taxonomy":"post_tag","embeddable":true,"href":"https:\/\/www.brennerbasisdemokratie.eu\/index.php?rest_route=%2Fwp%2Fv2%2Ftags&post=69073"}],"curies":[{"name":"wp","href":"https:\/\/api.w.org\/{rel}","templated":true}]}}