{"id":69132,"date":"2021-11-04T14:41:50","date_gmt":"2021-11-04T13:41:50","guid":{"rendered":"https:\/\/www.brennerbasisdemokratie.eu\/?p=69132"},"modified":"2025-12-11T12:43:14","modified_gmt":"2025-12-11T11:43:14","slug":"kranzniederlegung-in-burgeis","status":"publish","type":"post","link":"https:\/\/www.brennerbasisdemokratie.eu\/?p=69132","title":{"rendered":"Kranzniederlegung in Burgeis."},"content":{"rendered":"<p>Schon am Allerseelentag (und nicht erst am heutigen 4. November) haben die <em>Alpini<\/em> beim angeblich historisierten faschistischen Beinhaus von Burgeis (Gde. Mals) gefeiert und einen gr\u00fcnwei\u00dfrot geschm\u00fcckten Kranz niedergelegt.<\/p>\n<p>Mit dabei Referentin Dunja Tassiello <em>(Zukunft Schlanders, <\/em>vormals <abbr title=\"Partito Democratico\">PD<\/abbr>) f\u00fcr die Gemeinde Schlanders und Gemeinderat Bruno Pileggi (PD) f\u00fcr Mals. Beide kreuzten sogar mit umgeh\u00e4ngter Trikoloreschleife auf.<\/p>\n<p>Vor Jahren war der postfaschistische Landtagspr\u00e4sident Mauro Minniti in die Schlagzeilen geraten, weil er einer Kranzniederlegung beim Ossarium beigewohnt hatte.<\/p>\n<p>Doch immer wieder hatte auch ein <abbr title=\"S\u00fcdtiroler Volkspartei\">SVP<\/abbr>-B\u00fcrgermeister, Werner Tschurtschenthaler (Innichen), f\u00fcr \u00c4rger gesorgt (<a title=\"Pein-H\u00e4user.\" href=\"https:\/\/www.brennerbasisdemokratie.eu\/?p=10188\" rel=\"\"><code>01<\/code><\/a> <a title=\"Der Unbelehrbare.\" href=\"https:\/\/www.brennerbasisdemokratie.eu\/?p=13812\" rel=\"\"><code>02<\/code><\/a>), weil er \u2014 ebenfalls in Trikoloreschleife \u2014 vor dem in seiner Gemeinde gelegenen Beinhaus an Kranzniederlegungen der <em>Alpini<\/em> teilnahm. Seine Nachfolgerin Rosmarie Burgmann <em>(B\u00fcrgerliste)<\/em> <a title=\"Franquistischer Adler in Lleida verdeckt.\" href=\"https:\/\/www.brennerbasisdemokratie.eu\/?p=34065\" rel=\"\">tat es ihm \u00fcbrigens gleich.<\/a><\/p>\n<p>Vorgestern waren in Burgeis au\u00dfer den bereits genannten Politikern auch der <em>Carabinieri<\/em>-Kommandant von Schlanders und der Kommandant der Vinschger Finanzpolizei anwesend, um die beflaggten <em>Alpini<\/em> beim Feiern und Gedenken zu unterst\u00fctzen.<\/p>\n<p><strong><span style=\"font-family: Helvetica, Arial, sans-serif; text-transform: uppercase;\">C\u00ebla enghe:<\/span><\/strong> <a title=\"Nationalistische Staffel startet morgen am Brenner.\" href=\"https:\/\/www.brennerbasisdemokratie.eu\/?p=68380\" rel=\"\"><code>01<\/code><\/a> <a title=\"Gehegtes Faschistenwerk.\" href=\"https:\/\/www.brennerbasisdemokratie.eu\/?p=66445\" rel=\"\"><code>02<\/code><\/a> <a title=\"Banaler Nationalismus.\" href=\"https:\/\/www.brennerbasisdemokratie.eu\/?p=66863\" rel=\"\"><code>03<\/code><\/a> <a title=\"Bozen investiert in Karsth\u00f6hlen-Revisionismus.\" href=\"https:\/\/www.brennerbasisdemokratie.eu\/?p=68768\" rel=\"\"><code>04<\/code><\/a> <span style=\"font-family: Helvetica, Arial, sans-serif; font-weight: normal;\">||<\/span> <a title=\"Neues Alpinidenkmal f\u00fcr Bozen?\" href=\"https:\/\/www.brennerbasisdemokratie.eu\/?p=71892\" rel=\"\"><span style=\"color: #ff8c00\"><code>01<\/code><\/span><\/a> <a title=\"Vox, PP und FdI sch\u00fctzen faschistisches Denkmal in Spanien.\" href=\"https:\/\/www.brennerbasisdemokratie.eu\/?p=84124\"><span style=\"color: #ff8c00\"><code>02<\/code><\/span><\/a><br \/>\n<small><em><br \/>\nHinweis: In einer fr\u00fcheren Fassung dieses Beitrags war f\u00e4lschlicherweise davon die Rede, dass auch ein Vinschger SVP-B\u00fcrgermeister an der Kranzniederlegung teilgenommen habe.<\/em><\/small><\/p>","protected":false},"excerpt":{"rendered":"<p>Schon am Allerseelentag (und nicht erst am heutigen 4. November) haben die Alpini beim angeblich historisierten faschistischen Beinhaus von Burgeis (Gde. Mals) gefeiert und einen gr\u00fcnwei\u00dfrot geschm\u00fcckten Kranz niedergelegt. Mit dabei Referentin Dunja Tassiello (Zukunft Schlanders, vormals PD) f\u00fcr die Gemeinde Schlanders und Gemeinderat Bruno Pileggi (PD) f\u00fcr Mals. Beide kreuzten sogar mit umgeh\u00e4ngter Trikoloreschleife [&hellip;]<\/p>","protected":false},"author":1,"featured_media":0,"comment_status":"open","ping_status":"open","sticky":false,"template":"","format":"standard","meta":{"_crdt_document":"","ngg_post_thumbnail":0,"_jetpack_memberships_contains_paid_content":false,"footnotes":""},"categories":[1],"tags":[],"class_list":["post-69132","post","type-post","status-publish","format-standard","hentry","category-allgemein","entity-alpini","entity-burgerlisten","entity-carabinieri","entity-finanzpolizei","issue-banalnationalism","issue-faschistische-relikte","issue-geschichtsaufarbeitung","issue-sx-di-dx","location-sudtirolo","language-deutsch","person-mauro-minniti","topic-faschismen","topic-militar","topic-nationalismus","topic-politik"],"jetpack_featured_media_url":"","jetpack_sharing_enabled":true,"_links":{"self":[{"href":"https:\/\/www.brennerbasisdemokratie.eu\/index.php?rest_route=\/wp\/v2\/posts\/69132","targetHints":{"allow":["GET"]}}],"collection":[{"href":"https:\/\/www.brennerbasisdemokratie.eu\/index.php?rest_route=\/wp\/v2\/posts"}],"about":[{"href":"https:\/\/www.brennerbasisdemokratie.eu\/index.php?rest_route=\/wp\/v2\/types\/post"}],"author":[{"embeddable":true,"href":"https:\/\/www.brennerbasisdemokratie.eu\/index.php?rest_route=\/wp\/v2\/users\/1"}],"replies":[{"embeddable":true,"href":"https:\/\/www.brennerbasisdemokratie.eu\/index.php?rest_route=%2Fwp%2Fv2%2Fcomments&post=69132"}],"version-history":[{"count":28,"href":"https:\/\/www.brennerbasisdemokratie.eu\/index.php?rest_route=\/wp\/v2\/posts\/69132\/revisions"}],"predecessor-version":[{"id":96742,"href":"https:\/\/www.brennerbasisdemokratie.eu\/index.php?rest_route=\/wp\/v2\/posts\/69132\/revisions\/96742"}],"wp:attachment":[{"href":"https:\/\/www.brennerbasisdemokratie.eu\/index.php?rest_route=%2Fwp%2Fv2%2Fmedia&parent=69132"}],"wp:term":[{"taxonomy":"category","embeddable":true,"href":"https:\/\/www.brennerbasisdemokratie.eu\/index.php?rest_route=%2Fwp%2Fv2%2Fcategories&post=69132"},{"taxonomy":"post_tag","embeddable":true,"href":"https:\/\/www.brennerbasisdemokratie.eu\/index.php?rest_route=%2Fwp%2Fv2%2Ftags&post=69132"}],"curies":[{"name":"wp","href":"https:\/\/api.w.org\/{rel}","templated":true}]}}