{"id":69179,"date":"2021-11-09T11:45:39","date_gmt":"2021-11-09T10:45:39","guid":{"rendered":"https:\/\/www.brennerbasisdemokratie.eu\/?p=69179"},"modified":"2026-04-02T09:14:08","modified_gmt":"2026-04-02T07:14:08","slug":"chef-von-air-canada-emport-quebec","status":"publish","type":"post","link":"https:\/\/www.brennerbasisdemokratie.eu\/?p=69179","title":{"rendered":"Chef von Air Canada emp\u00f6rt Qu\u00e9bec."},"content":{"rendered":"<p>Der Sprachsegen in Qu\u00e9bec und ganz Kanada steht seit mehreren Tagen schief, genauer gesagt seit einer Rede des neuen <em>Air-Canada-<\/em>Chefs an der Handelskammer von Montr\u00e9al \u2014 und zwar f\u00fcr etwas, was zum Beispiel in S\u00fcdtirol wohl kaum jemandem auffallen w\u00fcrde. Michael Rousseau hielt seine Rede n\u00e4mlich nicht auf Franz\u00f6sisch, sondern fast ausschlie\u00dflich in der bundesweiten Mehrheitssprache Englisch.<\/p>\n<p>Schon im Vorfeld war der Airline-Chef vom Premierminister der Region, Fran\u00e7ois Legault (<abbr title=\"Coalition Avenir Qu\u00e9bec\">CAQ<\/abbr>), und vom kanadischen Sprachbeauftragten dazu aufgefordert worden, die Rede (auch) auf Franz\u00f6sisch zu halten. Dass er dies nicht tat, wurde von Politikerinnen in Qu\u00e9bec und Kanada scharf kritisiert. Seitdem sieht sich Rousseau mit R\u00fccktrittsforderungen konfrontiert, die auch von der Mehrheit der Oppositionsparteien in Ottawa mitgetragen werden.<\/p>\n<p>Regierungschef Justin Trudeau zeigte sich \u00fcber den Auftritt entr\u00fcstet. Seine Ministerin f\u00fcr Amtssprachen, Ginette Petitpas Taylor, sprach von einer Respektlosigkeit, auf die konkrete Gegenma\u00dfnahmen folgen m\u00fcssten.<\/p>\n<p>Selbst f\u00fchrende Mitglieder der anglophonen Gemeinschaft in Qu\u00e9bec distanzierten sich \u00f6ffentlich von dem Unternehmensf\u00fchrer.<\/p>\n<p>Erschwerend kommt hinzu, dass Rousseau \u2014 dessen Mutter und Ehefrau franz\u00f6sischsprachig sind \u2014, im Anschluss an die Rede von den Medien zu seinen Sprachkenntnissen befragt, angab, seit 14 Jahren in Montr\u00e9al zu leben und trotzdem nie auf die franz\u00f6sische Sprache angewiesen gewesen zu sein. Dies sei ein Vorzug dieser Metropole.<\/p>\n<p>Die ehemalige staatliche Fluggesellschaft ist auch nach der Privatisierung 1988 gesetzlich dazu verpflichtet, ihren Hauptsitz in Montr\u00e9al zu belassen. Das Unternehmen unterliegt au\u00dferdem dem f\u00f6deralen <em>Official Languages Act.<\/em><\/p>\n<p>Der besonders aufsehenerregende Vorfall ereignete sich in einer Zeit, in der die Regierung von Qu\u00e9bec an einer deutlichen Versch\u00e4rfung der ohnehin bereits starken Gesetzgebung zum Schutz der franz\u00f6sischen Sprache arbeitet, um dem Vormarsch der englischen Sprache in den Gro\u00dfst\u00e4dten Einhalt zu gebieten.<\/p>\n<p>Medienberichten zufolge sollen im Anschluss an die Rede von Rousseau \u00fcber 1.000 Beschwerden beim f\u00f6deralen Sprachbeauftragten eingelangt sein, w\u00e4hrend in einem ganzen Jahr durchschnittlich nur rund 100 <em>Air Canada<\/em> betreffende Sprachverst\u00f6\u00dfe gemeldet werden.<\/p>\n<p>Eine wenig glaubw\u00fcrdig klingende, in eine Pressemitteilung verpackte Entschuldigung von Rousseau und sein Versprechen, nun doch seine Franz\u00f6sischkenntnisse zu verbessern, konnten die von ihm entfachte Krise bislang nicht beenden.<\/p>\n<p><strong><span style=\"font-family: Helvetica, Arial, sans-serif; text-transform: uppercase;\">C\u00ebla enghe:<\/span><\/strong> <a title=\"Was erlauben Mussner?\" href=\"https:\/\/www.brennerbasisdemokratie.eu\/?p=34721\" rel=\"\"><code>01<\/code><\/a> <a title=\"Qu\u00e9bec, no al bilinguismo \u00abspinto\u00bb.\" href=\"https:\/\/www.brennerbasisdemokratie.eu\/?p=51342\" rel=\"\"><code>02<\/code><\/a> <a title=\"Nuovo rapporto: Il francese in Qu\u00e9bec.\" href=\"https:\/\/www.brennerbasisdemokratie.eu\/?p=48185\" rel=\"\"><code>03<\/code><\/a> <a title=\"Air Berlin und die Balearen.\" href=\"https:\/\/www.brennerbasisdemokratie.eu\/?p=1221\"><code>04<\/code><\/a> <a title=\"Skyalps fliegt nicht ab Bozen\u2026\" href=\"https:\/\/www.brennerbasisdemokratie.eu\/?p=66139\"><code>05<\/code><\/a> <span style=\"font-family: Helvetica, Arial, sans-serif; font-weight: normal;\">||<\/span> <a title=\"Einsprachigkeit: Air-Canada-Chef nimmt den Hut.\" href=\"https:\/\/www.brennerbasisdemokratie.eu\/?p=98691\"><span style=\"color:#ff8c00; text-decoration:underline; text-decoration-color:#ff8c00; text-decoration-thickness:3px;\"><code>01<\/code><\/span><\/a><\/p>","protected":false},"excerpt":{"rendered":"<p>Der Sprachsegen in Qu\u00e9bec und ganz Kanada steht seit mehreren Tagen schief, genauer gesagt seit einer Rede des neuen Air-Canada-Chefs an der Handelskammer von Montr\u00e9al \u2014 und zwar f\u00fcr etwas, was zum Beispiel in S\u00fcdtirol wohl kaum jemandem auffallen w\u00fcrde. Michael Rousseau hielt seine Rede n\u00e4mlich nicht auf Franz\u00f6sisch, sondern fast ausschlie\u00dflich in der bundesweiten [&hellip;]<\/p>","protected":false},"author":1,"featured_media":0,"comment_status":"open","ping_status":"open","sticky":false,"template":"","format":"standard","meta":{"_crdt_document":"","ngg_post_thumbnail":0,"_jetpack_memberships_contains_paid_content":false,"footnotes":""},"categories":[1],"tags":[],"class_list":["post-69179","post","type-post","status-publish","format-standard","hentry","category-allgemein","issue-bilinguismo-negato","location-canada","location-quebec","language-deutsch","topic-comparatio","topic-medien","topic-minderheitenschutz","topic-mobilitaet","topic-plurilinguism","topic-politik","topic-recht","topic-wirtschaft"],"jetpack_featured_media_url":"","jetpack_sharing_enabled":true,"_links":{"self":[{"href":"https:\/\/www.brennerbasisdemokratie.eu\/index.php?rest_route=\/wp\/v2\/posts\/69179","targetHints":{"allow":["GET"]}}],"collection":[{"href":"https:\/\/www.brennerbasisdemokratie.eu\/index.php?rest_route=\/wp\/v2\/posts"}],"about":[{"href":"https:\/\/www.brennerbasisdemokratie.eu\/index.php?rest_route=\/wp\/v2\/types\/post"}],"author":[{"embeddable":true,"href":"https:\/\/www.brennerbasisdemokratie.eu\/index.php?rest_route=\/wp\/v2\/users\/1"}],"replies":[{"embeddable":true,"href":"https:\/\/www.brennerbasisdemokratie.eu\/index.php?rest_route=%2Fwp%2Fv2%2Fcomments&post=69179"}],"version-history":[{"count":19,"href":"https:\/\/www.brennerbasisdemokratie.eu\/index.php?rest_route=\/wp\/v2\/posts\/69179\/revisions"}],"predecessor-version":[{"id":98699,"href":"https:\/\/www.brennerbasisdemokratie.eu\/index.php?rest_route=\/wp\/v2\/posts\/69179\/revisions\/98699"}],"wp:attachment":[{"href":"https:\/\/www.brennerbasisdemokratie.eu\/index.php?rest_route=%2Fwp%2Fv2%2Fmedia&parent=69179"}],"wp:term":[{"taxonomy":"category","embeddable":true,"href":"https:\/\/www.brennerbasisdemokratie.eu\/index.php?rest_route=%2Fwp%2Fv2%2Fcategories&post=69179"},{"taxonomy":"post_tag","embeddable":true,"href":"https:\/\/www.brennerbasisdemokratie.eu\/index.php?rest_route=%2Fwp%2Fv2%2Ftags&post=69179"}],"curies":[{"name":"wp","href":"https:\/\/api.w.org\/{rel}","templated":true}]}}