{"id":69683,"date":"2021-11-25T20:39:40","date_gmt":"2021-11-25T19:39:40","guid":{"rendered":"https:\/\/www.brennerbasisdemokratie.eu\/?p=69683"},"modified":"2025-02-25T21:48:46","modified_gmt":"2025-02-25T20:48:46","slug":"elf-stunden-ohne-regionalnachrichten","status":"publish","type":"post","link":"https:\/\/www.brennerbasisdemokratie.eu\/?p=69683","title":{"rendered":"Elf Stunden ohne Regionalnachrichten."},"content":{"rendered":"<p>Die Gewerkschaft der <em>Rai<\/em>-Journalistinnen <em>Usigrai<\/em> protestiert gegen die Absicht der \u00f6ffentlich-rechtlichen Rundfunkanstalt, die Mitternachtausgabe der regionalen Fernsehnachrichten mit 9. J\u00e4nner 2022 auslaufen zu lassen. Zwischen 20.00 und 7.00 Uhr m\u00fcssten die B\u00fcrgerinnen dann insgesamt elf Stunden auf Lokalnachrichten verzichten, so <em>Usigrai<\/em> in einer Erkl\u00e4rung.<\/p>\n<p>Das w\u00e4re in der Tat unerfreulich. Das deutschsprachige Publikum in S\u00fcdtirol muss allerdings schon heute t\u00e4glich doppelt so lang auf TV-Nachrichten in deutscher Sprache warten \u2014 n\u00e4mlich knapp 22 Stunden von 22.10 bis 20.00 Uhr des Folgetages.<\/p>\n<p>Fast genau gleich lang (von 22.00 bis 19.55 Uhr) m\u00fcssen sich die ladinischen Zuseherinnen gedulden, kriegen dann aber jeweils nur wenige Minuten dauernde Informationssendungen in ihrer Muttersprache geboten.<\/p>\n<p>Die durchaus berechtigte Emp\u00f6rung der italienischen Regionalredaktionen wegen der Streichung der Mitternachtausgabe macht die unzureichende Versorgung der anderen Sprachgemeinschaften umso offensichtlicher.<\/p>\n<p><strong><span style=\"font-family: Helvetica, Arial, sans-serif; text-transform: uppercase;\">C\u00ebla enghe:<\/span><\/strong> <a title=\"Von einem Landessender kann nicht die Rede sein.\" href=\"https:\/\/www.brennerbasisdemokratie.eu\/?p=40453\" rel=\"\"><code>01<\/code><\/a> <a title=\"Landtag gegen Landessendeanstalt.\" href=\"https:\/\/www.brennerbasisdemokratie.eu\/?p=40491\" rel=\"\"><code>02<\/code><\/a><\/p>","protected":false},"excerpt":{"rendered":"<p>Die Gewerkschaft der Rai-Journalistinnen Usigrai protestiert gegen die Absicht der \u00f6ffentlich-rechtlichen Rundfunkanstalt, die Mitternachtausgabe der regionalen Fernsehnachrichten mit 9. J\u00e4nner 2022 auslaufen zu lassen. Zwischen 20.00 und 7.00 Uhr m\u00fcssten die B\u00fcrgerinnen dann insgesamt elf Stunden auf Lokalnachrichten verzichten, so Usigrai in einer Erkl\u00e4rung. Das w\u00e4re in der Tat unerfreulich. Das deutschsprachige Publikum in S\u00fcdtirol [&hellip;]<\/p>","protected":false},"author":1,"featured_media":0,"comment_status":"open","ping_status":"open","sticky":false,"template":"","format":"standard","meta":{"_crdt_document":"","ngg_post_thumbnail":0,"_jetpack_memberships_contains_paid_content":false,"footnotes":""},"categories":[1],"tags":[],"class_list":["post-69683","post","type-post","status-publish","format-standard","hentry","category-allgemein","location-italy","location-ladinia","location-sudtirolo","language-deutsch","medium-rai","topic-discriminaziun","topic-gewerkschaften","topic-medien","topic-minderheitenschutz","topic-servicepublic","topic-vorzeigeautonomie"],"jetpack_featured_media_url":"","jetpack_sharing_enabled":true,"_links":{"self":[{"href":"https:\/\/www.brennerbasisdemokratie.eu\/index.php?rest_route=\/wp\/v2\/posts\/69683","targetHints":{"allow":["GET"]}}],"collection":[{"href":"https:\/\/www.brennerbasisdemokratie.eu\/index.php?rest_route=\/wp\/v2\/posts"}],"about":[{"href":"https:\/\/www.brennerbasisdemokratie.eu\/index.php?rest_route=\/wp\/v2\/types\/post"}],"author":[{"embeddable":true,"href":"https:\/\/www.brennerbasisdemokratie.eu\/index.php?rest_route=\/wp\/v2\/users\/1"}],"replies":[{"embeddable":true,"href":"https:\/\/www.brennerbasisdemokratie.eu\/index.php?rest_route=%2Fwp%2Fv2%2Fcomments&post=69683"}],"version-history":[{"count":8,"href":"https:\/\/www.brennerbasisdemokratie.eu\/index.php?rest_route=\/wp\/v2\/posts\/69683\/revisions"}],"predecessor-version":[{"id":90523,"href":"https:\/\/www.brennerbasisdemokratie.eu\/index.php?rest_route=\/wp\/v2\/posts\/69683\/revisions\/90523"}],"wp:attachment":[{"href":"https:\/\/www.brennerbasisdemokratie.eu\/index.php?rest_route=%2Fwp%2Fv2%2Fmedia&parent=69683"}],"wp:term":[{"taxonomy":"category","embeddable":true,"href":"https:\/\/www.brennerbasisdemokratie.eu\/index.php?rest_route=%2Fwp%2Fv2%2Fcategories&post=69683"},{"taxonomy":"post_tag","embeddable":true,"href":"https:\/\/www.brennerbasisdemokratie.eu\/index.php?rest_route=%2Fwp%2Fv2%2Ftags&post=69683"}],"curies":[{"name":"wp","href":"https:\/\/api.w.org\/{rel}","templated":true}]}}