{"id":69693,"date":"2021-11-26T16:06:18","date_gmt":"2021-11-26T15:06:18","guid":{"rendered":"https:\/\/www.brennerbasisdemokratie.eu\/?p=69693"},"modified":"2025-07-26T20:29:42","modified_gmt":"2025-07-26T18:29:42","slug":"digitalianisierung-digitalianizzazione","status":"publish","type":"post","link":"https:\/\/www.brennerbasisdemokratie.eu\/?p=69693","title":{"rendered":"Digitalianisierung &#8211; Digitalianizzazione."},"content":{"rendered":"<div style=\"border: 8px solid #4372a6; padding: 30px 30px 5px 30px; margin-bottom: 20px;\">\n<p>Die Plattform <em>Brennerbasisdemokratie<\/em> (BBD) zeigt sich aufgrund des rapiden Abbaus zwei- und dreisprachiger \u00f6ffentlicher Dienste tief besorgt. Eigentlich b\u00f6te die Digitalisierung hervorragende Voraussetzungen f\u00fcr eine deutliche Aufwertung der Mehrsprachigkeit sowie der B\u00fcrgerfreundlichkeit im Allgemeinen. Genau das Gegenteil ist jedoch der Fall: Immer h\u00e4ufiger sind \u00f6ffentliche Onlinedienste auch in S\u00fcdtirol nur noch in italienischer Sprache verf\u00fcgbar. Dadurch ist nicht nur der Minderheitenschutz in Gefahr, sondern unser Gesellschafts- und Autonomiemodell insgesamt.<\/p>\n<p>Um nur einige Beispiele zu nennen, ist die Ber\u00fccksichtigung der deutschen Sprache bei Onlinediensten wie SPID, Digitaler Unterschrift, Zertifizierter E-Mail, Elektronischer Fakturierung, IO-App bzw. bei Webauftritten und Services von NISF, Agentur der Einnahmen, Digitalem Meldeamt, Arbeitsamt ANPAL, KfZ-Register (PRA) und vielen anderen gar nicht oder nicht in ausreichendem Ma\u00dfe gew\u00e4hrleistet.<\/p>\n<p>Obschon <em>Europarat<\/em> und <abbr title=\"Organisation f. Sicherheit u. Zusammenarbeit in Europa\">OSZE<\/abbr> ihre Mitgliedstaaten dazu aufgerufen hatten, gerade in Krisenzeiten mehrsprachige Angebote auszubauen, um B\u00fcrgerinnen und B\u00fcrger niederschwellig zu erreichen, gibt es etwa auch kaum M\u00f6glichkeiten, den Online-Antrag f\u00fcr den <em>Green-Pass<\/em> in deutscher oder ladinischer Sprache zu stellen.<\/p>\n<p>All diese nicht hinnehmbaren Missst\u00e4nde gesellen sich zu strukturellen, historischen Defiziten wie etwa den einsprachigen Packungsbeilagen von Medikamenten, einsprachiger Lebensmittel- und Gefahrstoffkennzeichnung oder der vom Astat ermittelten unzureichenden Mehrsprachigkeit von Polizei und Gesundheitsbetrieb.<\/p>\n<p>Dass es auch anders geht, zeigen viele Staaten, in denen ebenfalls Sprachminderheiten oder mehrsprachige Gemeinschaften beheimatet sind: Belgien, Spanien, Finnland, Slowenien, Vereinigtes K\u00f6nigreich, Kanada, die Schweiz. In vielen Bereichen machen sie deutlich gr\u00f6\u00dfere und vor allem erfolgreichere Anstrengungen, um Mehrsprachigkeit auch im digitalen Umfeld sicherzustellen.<\/p>\n<p>In S\u00fcdtirol muss endlich wieder die Erkenntnis einkehren, dass eine mehrsprachige Verwaltung und ein mehrsprachiger \u00f6ffentlicher Dienst zu den Grundversprechen der Autonomie geh\u00f6ren. Sie sind f\u00fcr den gesellschaftlichen Zusammenhalt unerl\u00e4sslich und nicht verhandelbar.<\/p>\n<p style=\"text-align: center;\"><hr class=\"dotted-hr\" style=\"height: 4px; width: 100%; border: none; margin-top: 0em; margin-bottom: 0em; background-color: black;\"\/> <hr class=\"dotted-hr\" style=\"height: 4px; width: 100%; border: none; margin-top: 0em; margin-bottom: 0em; background-color: black;\"\/><\/p>\n<p>La piattaforma BBD si dice preoccupata e indignata per la rapida riduzione del bi e trilinguismo nell\u2019erogazione dei servizi pubblici. In teoria la digitalizzazione offrirebbe possibilit\u00e0 eccellenti per estendere il plurilinguismo, tuttavia sta accadendo l\u2019esatto opposto e molti servizi online sono ormai disponibili solamente in lingua italiana. Ci\u00f2 non mette in pericolo solamente la tutela delle minoranze, ma il patto sociale e autonomistico in se.<\/p>\n<p>A titolo esemplificativo, la presenza della lingua tedesca non \u00e8 garantita \u2014 o non lo \u00e8 comunque in maniera sufficiente \u2014 da SPID, firma digitale, posta elettronica certificata (PEC), fatturazione elettronica, app IO e dai servizi online di importanti enti e amministrazioni come INPS, Agenzia delle Entrate, Anagrafe digitale, ANPAL, PRA e molti, moltissimi altri che purtroppo sono in costante aumento.<\/p>\n<p>Nonostante il&nbsp;<i>Consiglio d&#8217;Europa<\/i>&nbsp;e l&#8217;OSCE avessero raccomandato ai paesi membri di ampliare l&#8217;offerta plurilingue proprio in tempi di crisi pandemica, in modo da raggiungere pi\u00f9 facilmente la popolazione, anche la procedura di richiesta online&nbsp;del <em>Green pass<\/em> non tiene adeguatamente conto delle lingue tedesca e ladina.<\/p>\n<p>Tutte queste carenze inaccettabili si aggiungono a deficit strutturali e storici come il monolinguismo dei foglietti illustrativi dei farmaci, dell\u2019etichettatura dei prodotti alimentari o pericolosi oppure il plurilinguismo insufficiente di forze dell&#8217;ordine e servizi sanitari rilevato dall&#8217;Astat.<\/p>\n<p>Altri paesi con presenza di minoranze linguistiche o comunit\u00e0 plurlingui come Belgio, Spagna, Finlandia, Slovenia, Regno Unito, Canada o Svizzera in molti di questi ambiti fanno sforzi maggiori e soprattutto pi\u00f9 efficaci per garantire l\u2019inclusione linguistica anche nel digitale.<\/p>\n<p>Per quanto riguarda il Sudtirolo bisogna ribadire che la presenza di un\u2019amministrazione e di un servizio pubblico pienamente plurilingui \u00e8 una promessa essenziale dell\u2019autonomia. Essa \u00e8 necessaria per garantire la coesione sociale e quindi risulta innegoziabile e irrinunciabile.<\/p>\n<\/div>\n<p><strong><span style=\"font-family: Helvetica, Arial, sans-serif; text-transform: uppercase;\">See also:<\/span><\/strong> <a title=\"\u00d6SDI kommt sofort, Zweisprachigkeit irgendwann.\" href=\"https:\/\/www.brennerbasisdemokratie.eu\/?p=39167\" rel=\"\"><code>01<\/code><\/a>&nbsp;<a title=\"CIE online? Solo in italiano.\" href=\"https:\/\/www.brennerbasisdemokratie.eu\/?p=68316\" rel=\"\"><code>02<\/code><\/a>&nbsp;<a title=\"Anagrafe digitale da ventennio.\" href=\"https:\/\/www.brennerbasisdemokratie.eu\/?p=69674\" rel=\"\"><code>03<\/code><\/a>&nbsp;<a title=\"ACI und PRA: Ein bisschen Deutsch.\" href=\"https:\/\/www.brennerbasisdemokratie.eu\/?p=68281\" rel=\"\"><code>04<\/code><\/a>&nbsp;<a title=\"Indennit\u00e0 Covid? Monolingue.\" href=\"https:\/\/www.brennerbasisdemokratie.eu\/?p=56159\" rel=\"\"><code>05<\/code><\/a>&nbsp;<a title=\"Il curioso bilinguismo dell\u2019ANPAL.\" href=\"https:\/\/www.brennerbasisdemokratie.eu\/?p=58283\" rel=\"\"><code>06<\/code><\/a>&nbsp;<a title=\"Appuntamento all\u2019Agenzia in tedesco? Mission impossible.\" href=\"https:\/\/www.brennerbasisdemokratie.eu\/?p=67450\" rel=\"\"><code>07<\/code><\/a>&nbsp;<a title=\"Digitalianisierung: Zertifizierte E-Mail.\" href=\"https:\/\/www.brennerbasisdemokratie.eu\/?p=59604\" rel=\"\"><code>08<\/code><\/a>&nbsp;<a title=\"Einsprachige Lotterie.\" href=\"https:\/\/www.brennerbasisdemokratie.eu\/?p=62280\" rel=\"\"><code>09<\/code><\/a> <span style=\"font-family: Helvetica, Arial, sans-serif; font-weight: normal;\">|<\/span> <a title=\"Banaler Nationalismus.\" href=\"https:\/\/www.brennerbasisdemokratie.eu\/?p=66863\" rel=\"\"><code>10<\/code><\/a> <a title=\"Banaler Nationalismus in Katalonien. Und S\u00fcdtirol.\" href=\"https:\/\/www.brennerbasisdemokratie.eu\/?p=66896\" rel=\"\"><code>11<\/code><\/a> <span style=\"font-family: Helvetica, Arial, sans-serif; font-weight: normal;\">||<\/span> <a title=\"Vereinsregister wandert nach Rom.\" href=\"https:\/\/www.brennerbasisdemokratie.eu\/?p=70341\" rel=\"\"><span style=\"color: #ff8c00\"><code>01<\/code><\/span><\/a> <a title=\"Register der Beherbergungsbetriebe nur auf Italienisch.\" href=\"https:\/\/www.brennerbasisdemokratie.eu\/?p=89328\"><span style=\"color: #ff8c00\"><code>02<\/code><\/span><\/a> <a title=\"Opposizioni e imposizioni.\" href=\"https:\/\/www.brennerbasisdemokratie.eu\/?p=73657\" rel=\"\"><span style=\"color: #ff8c00\"><code>03<\/code><\/span><\/a> <a title=\"Die Solidarit\u00e4tskarte ist auch noch einsprachig.\" href=\"https:\/\/www.brennerbasisdemokratie.eu\/?p=79478\"><span style=\"color: #ff8c00\"><code>04<\/code><\/span><\/a> <a title=\"Spanien ist mehrsprachig, auch bei der Digitalisierung.\" href=\"https:\/\/www.brennerbasisdemokratie.eu\/?p=81093\" rel=\"\"><span style=\"color: #ff8c00\"><code>05<\/code><\/span><\/a> <a title=\"\u00d6ffentliche Dienste verweigern deutsche Sprache.\" href=\"https:\/\/www.brennerbasisdemokratie.eu\/?p=83630\"><span style=\"color: #ff8c00\"><code>06<\/code><\/span><\/a> <a title=\"AfLB \u2013 Il 100% delle denunce riguarda il tedesco.\" href=\"https:\/\/www.brennerbasisdemokratie.eu\/?p=85018\"><span style=\"color: #ff8c00\"><code>07<\/code><\/span><\/a> <a title=\"iPatente, ma solo in italiano.\" href=\"https:\/\/www.brennerbasisdemokratie.eu\/?p=89380\"><span style=\"color: #ff8c00\"><code>08<\/code><\/span><\/a> <a title=\"Digitale Dokumente\u2026 guess what?\" href=\"https:\/\/www.brennerbasisdemokratie.eu\/?p=89427\"><span style=\"color: #ff8c00\"><code>09<\/code><\/span><\/a> <a title=\"Neue Stromz\u00e4hler auch ohne Deutsch und Ladinisch.\" href=\"https:\/\/www.brennerbasisdemokratie.eu\/?p=93609\"><span style=\"color: #ff8c00\"><code>10<\/code><\/span><\/a><\/p>","protected":false},"excerpt":{"rendered":"<p>Die Plattform Brennerbasisdemokratie (BBD) zeigt sich aufgrund des rapiden Abbaus zwei- und dreisprachiger \u00f6ffentlicher Dienste tief besorgt. Eigentlich b\u00f6te die Digitalisierung hervorragende Voraussetzungen f\u00fcr eine deutliche Aufwertung der Mehrsprachigkeit sowie der B\u00fcrgerfreundlichkeit im Allgemeinen. Genau das Gegenteil ist jedoch der Fall: Immer h\u00e4ufiger sind \u00f6ffentliche Onlinedienste auch in S\u00fcdtirol nur noch in italienischer Sprache verf\u00fcgbar. [&hellip;]<\/p>","protected":false},"author":10,"featured_media":0,"comment_status":"open","ping_status":"open","sticky":false,"template":"","format":"standard","meta":{"_crdt_document":"","ngg_post_thumbnail":0,"_jetpack_memberships_contains_paid_content":false,"footnotes":""},"categories":[1],"tags":[],"class_list":["post-69693","post","type-post","status-publish","format-standard","hentry","category-allgemein","entity-bbd","entity-europarat","entity-osze","issue-pressemitteilung","issue-bilinguismo-negato","issue-italianizzazione","issue-packungsbeilagen","issue-produktetikettierung","location-sudtirolo","language-deutsch","language-italiano","topic-kohasion","topic-minorisaziun","topic-plurilinguism","topic-servicepublic","topic-tech_com","topic-vorzeigeautonomie"],"jetpack_featured_media_url":"","jetpack_sharing_enabled":true,"_links":{"self":[{"href":"https:\/\/www.brennerbasisdemokratie.eu\/index.php?rest_route=\/wp\/v2\/posts\/69693","targetHints":{"allow":["GET"]}}],"collection":[{"href":"https:\/\/www.brennerbasisdemokratie.eu\/index.php?rest_route=\/wp\/v2\/posts"}],"about":[{"href":"https:\/\/www.brennerbasisdemokratie.eu\/index.php?rest_route=\/wp\/v2\/types\/post"}],"author":[{"embeddable":true,"href":"https:\/\/www.brennerbasisdemokratie.eu\/index.php?rest_route=\/wp\/v2\/users\/10"}],"replies":[{"embeddable":true,"href":"https:\/\/www.brennerbasisdemokratie.eu\/index.php?rest_route=%2Fwp%2Fv2%2Fcomments&post=69693"}],"version-history":[{"count":28,"href":"https:\/\/www.brennerbasisdemokratie.eu\/index.php?rest_route=\/wp\/v2\/posts\/69693\/revisions"}],"predecessor-version":[{"id":93616,"href":"https:\/\/www.brennerbasisdemokratie.eu\/index.php?rest_route=\/wp\/v2\/posts\/69693\/revisions\/93616"}],"wp:attachment":[{"href":"https:\/\/www.brennerbasisdemokratie.eu\/index.php?rest_route=%2Fwp%2Fv2%2Fmedia&parent=69693"}],"wp:term":[{"taxonomy":"category","embeddable":true,"href":"https:\/\/www.brennerbasisdemokratie.eu\/index.php?rest_route=%2Fwp%2Fv2%2Fcategories&post=69693"},{"taxonomy":"post_tag","embeddable":true,"href":"https:\/\/www.brennerbasisdemokratie.eu\/index.php?rest_route=%2Fwp%2Fv2%2Ftags&post=69693"}],"curies":[{"name":"wp","href":"https:\/\/api.w.org\/{rel}","templated":true}]}}