{"id":69815,"date":"2021-12-09T09:15:28","date_gmt":"2021-12-09T08:15:28","guid":{"rendered":"https:\/\/www.brennerbasisdemokratie.eu\/?p=69815"},"modified":"2026-02-16T22:19:56","modified_gmt":"2026-02-16T21:19:56","slug":"streik-gegen-den-klimaplan","status":"publish","type":"post","link":"https:\/\/www.brennerbasisdemokratie.eu\/?p=69815","title":{"rendered":"Streik gegen den Klimaplan."},"content":{"rendered":"<p>Das <em>Climate-Action<\/em>-Organisationsteam l\u00e4dt alle ein, sich am 10. Dezember einem Streik gegen den unzureichenden Klimaplan der Landesregierung anzuschlie\u00dfen.<\/p>\n<blockquote><p><img loading=\"lazy\" decoding=\"async\" class=\"aligncenter size-full wp-image-69816\" src=\"https:\/\/www.brennerbasisdemokratie.eu\/wp-content\/uploads\/2021\/12\/klimastreik-dez21.png\" alt=\"\" width=\"1640\" height=\"924\" srcset=\"https:\/\/www.brennerbasisdemokratie.eu\/wp-content\/uploads\/2021\/12\/klimastreik-dez21.png 1640w, https:\/\/www.brennerbasisdemokratie.eu\/wp-content\/uploads\/2021\/12\/klimastreik-dez21-768x433.png 768w, https:\/\/www.brennerbasisdemokratie.eu\/wp-content\/uploads\/2021\/12\/klimastreik-dez21-1536x865.png 1536w, https:\/\/www.brennerbasisdemokratie.eu\/wp-content\/uploads\/2021\/12\/klimastreik-dez21-1200x676.png 1200w\" sizes=\"auto, (max-width: 1640px) 100vw, 1640px\" \/><\/p><\/blockquote>\n<blockquote><p>Noch liegt es in unserer Hand, die Klimakrise in den Griff zu bekommen. Ein globaler Paradigmenwechsel ist daf\u00fcr notwendig. Auch S\u00fcdtirol hat einen wichtigen Beitrag daf\u00fcr zu leisten. Der Entwurf des \u00fcberarbeiteten Klimaplans, den die Landesregierung am 14. September ver\u00f6ffentlichte, ist v\u00f6llig unzureichend! Nicht genug, dass S\u00fcdtirols Klimaziele aus dem Klimaplan 2011 verfehlt wurden, nun wurden teilweise alte Ziele auch noch reduziert. W\u00e4hrenddessen sind die CO<sub>2<\/sub>-Emissionen in den letzten Jahren weiter angestiegen anstatt zu sinken.<\/p>\n<p>Am Freitag den 10. Dezember demonstrieren wir um 11:00 Uhr auf den Talferwiesen [in Bozen] bei der Talferbr\u00fccke f\u00fcr einen w\u00fcrdigen Klimaplan. Denn der Entwurf der S\u00fcdtiroler Landesregierung ignoriert wissenschaftliche Erkenntnisse. Er reicht beispielsweise nicht aus, um die Ziele des Pariser Klimaabkommens zu erreichen.<\/p>\n<p>Daher fordern wir, aktuell \u00fcber 30 Organisationen, dass unsere 12 Punkte, einsehbar auf <em>www.climateaction.bz,<\/em> bei der \u00dcberarbeitung des Klimaplans ber\u00fccksichtigt werden. Unter anderem fordern wir:<\/p>\n<ul>\n<li>die Ausrufung des Klimanotstandes;<\/li>\n<li>einen Klimaplan, der mindestens mit den Zielen des Pariser Klimaabkommens und mit den Vorgaben der Europ\u00e4ischen Union \u00fcbereinstimmt;<\/li>\n<li>Partizipation von B\u00fcrger*innen an Entscheidungsprozessen.<\/li>\n<\/ul>\n<p>Wie vielfach in den Medien berichtet wurde, w\u00fcrden wir die 1,5-\u00b0C-Grenze weit \u00fcberschreiten, auch wenn alle Staaten ihre Versprechen, die sie bei der Klimakonferenz in Glasgow (COP26) gaben, einhalten w\u00fcrden. Die aktuelle Initiative der Politik reicht nicht aus. Wir k\u00f6nnen nicht l\u00e4nger warten! Wo immer wir sind, m\u00fcssen wir sicherstellen, dass die Politik die Weichenstellung vornimmt, um den notwendigen \u00f6kosozialen Wandel einzuleiten.<\/p>\n<p>In Hoffnung auf Ihre Unterst\u00fctzung verbleiben wir mit freundlichen Gr\u00fc\u00dfen,<\/p>\n<p>Das Climate Action Organisationsteam<\/p>\n<p><img loading=\"lazy\" decoding=\"async\" class=\"aligncenter size-full wp-image-69825\" src=\"https:\/\/www.brennerbasisdemokratie.eu\/wp-content\/uploads\/2021\/12\/klimastreik-dez21-gruppen.png\" alt=\"\" width=\"1444\" height=\"804\" srcset=\"https:\/\/www.brennerbasisdemokratie.eu\/wp-content\/uploads\/2021\/12\/klimastreik-dez21-gruppen.png 1444w, https:\/\/www.brennerbasisdemokratie.eu\/wp-content\/uploads\/2021\/12\/klimastreik-dez21-gruppen-768x428.png 768w, https:\/\/www.brennerbasisdemokratie.eu\/wp-content\/uploads\/2021\/12\/klimastreik-dez21-gruppen-1200x668.png 1200w\" sizes=\"auto, (max-width: 1444px) 100vw, 1444px\" \/><\/p><\/blockquote>\n<p><small>Die unterst\u00fctzenden Vereine sind: <em><span lang=\"DE\">Fridays For Future South Tyrol \/ Umweltschutzgruppe Terlan \/ Umweltring Pustertal \/ Adults For Future South Tyrol \/ Scientists For Future South Tyrol \/ Regala Zukunft \/ <\/span><span lang=\"DE\">Farmfluencers of South Tyrol<\/span><span lang=\"DE\"> \/ Extinction Rebellion South Tyrol \/ Umweltschutzgruppe Eisacktal \/ <\/span><span lang=\"DE\">Mava Seggo<\/span><span lang=\"DE\"> \/ WWF \/ 1k HOPES \/ Umweltgruppe Kaltern \/ <\/span><span lang=\"DE\">Umweltgruppe Andrian<\/span><span lang=\"DE\"> \/ Naturtreff Eisvogel \/ Klimakreis Feldthurns \/ Dachverband f\u00fcr Natur- und Umweltschutz \/ Heimatpflegeverband S\u00fcdtirol \/ Alpenverein S\u00fcdtirol \/ skepTisch \/ Klima Club S\u00fcdtirol \/ Plattform Pro Pustertal \/ Initiative f\u00fcr mehr Demokratie \/ Umweltschutzgruppe Vinschgau \/ Gemeinwohl \u00d6konomie S\u00fcdtirol \/ Zukunftspakt f\u00fcr S\u00fcdtirol \/ Umwelt und Gesundheit \/ S\u00fcdtiroler Hochsch\u00fclerInnenschaft \/ Magdalena Gschnitzer \/ Young Caritas \/ <\/span><span lang=\"DE\">Spazio Autogestito 77<\/span><span lang=\"DE\"> \/ Omas Gegen Rechts<\/span><\/em><\/small><\/p>\n<div style=\"border: 8px solid #4372a6; padding: 30px; margin-bottom: 20px; text-align: center;\"><a title=\"Climate Action: Zw\u00f6lf Forderungen.\" href=\"https:\/\/climateaction.bz\/12-forderungen-zum-klimaplan\/\" target=\"_blank\" rel=\"noopener\">Hier die zw\u00f6lf Forderungen unterst\u00fctzen.<\/a><\/div>\n<p><strong><span style=\"font-family: Helvetica, Arial, sans-serif; text-transform: uppercase;\">C\u00ebla enghe:<\/span><\/strong> <a title=\"Klima: Wirtschaft oder Leben.\" href=\"https:\/\/www.brennerbasisdemokratie.eu\/?p=68160\" rel=\"\"><code>01<\/code><\/a> <a title=\"Tag+Nacht: Klimanotstand nicht bei uns?\" href=\"https:\/\/www.brennerbasisdemokratie.eu\/?p=67470\" rel=\"\"><code>02<\/code><\/a> <a title=\"Europaparlament erkl\u00e4rt den Klimanotstand.\" href=\"https:\/\/www.brennerbasisdemokratie.eu\/?p=53292\" rel=\"\"><code>03<\/code><\/a> <a title=\"COP26 ohne uns.\" href=\"https:\/\/www.brennerbasisdemokratie.eu\/?p=69171\" rel=\"\"><code>04<\/code><\/a> <a title=\"Fridays for Future.\" href=\"https:\/\/www.brennerbasisdemokratie.eu\/?p=46239\" rel=\"\"><code>05<\/code><\/a><\/p>","protected":false},"excerpt":{"rendered":"<p>Das Climate-Action-Organisationsteam l\u00e4dt alle ein, sich am 10. Dezember einem Streik gegen den unzureichenden Klimaplan der Landesregierung anzuschlie\u00dfen. Noch liegt es in unserer Hand, die Klimakrise in den Griff zu bekommen. Ein globaler Paradigmenwechsel ist daf\u00fcr notwendig. Auch S\u00fcdtirol hat einen wichtigen Beitrag daf\u00fcr zu leisten. Der Entwurf des \u00fcberarbeiteten Klimaplans, den die Landesregierung am [&hellip;]<\/p>","protected":false},"author":1,"featured_media":0,"comment_status":"open","ping_status":"open","sticky":false,"template":"","format":"standard","meta":{"_crdt_document":"","ngg_post_thumbnail":0,"_jetpack_memberships_contains_paid_content":false,"footnotes":""},"categories":[1],"tags":[],"class_list":["post-69815","post","type-post","status-publish","format-standard","hentry","category-allgemein","entity-avs","entity-dachverband-natur","entity-heimatpflegeverband","entity-ifmd","entity-landesregierung","entity-sh-asus","issue-good-news","location-sudtirolo","language-deutsch","topic-ecologia","topic-engagement","topic-mitbestimmung","topic-politik","topic-termin"],"jetpack_featured_media_url":"","jetpack_sharing_enabled":true,"_links":{"self":[{"href":"https:\/\/www.brennerbasisdemokratie.eu\/index.php?rest_route=\/wp\/v2\/posts\/69815","targetHints":{"allow":["GET"]}}],"collection":[{"href":"https:\/\/www.brennerbasisdemokratie.eu\/index.php?rest_route=\/wp\/v2\/posts"}],"about":[{"href":"https:\/\/www.brennerbasisdemokratie.eu\/index.php?rest_route=\/wp\/v2\/types\/post"}],"author":[{"embeddable":true,"href":"https:\/\/www.brennerbasisdemokratie.eu\/index.php?rest_route=\/wp\/v2\/users\/1"}],"replies":[{"embeddable":true,"href":"https:\/\/www.brennerbasisdemokratie.eu\/index.php?rest_route=%2Fwp%2Fv2%2Fcomments&post=69815"}],"version-history":[{"count":13,"href":"https:\/\/www.brennerbasisdemokratie.eu\/index.php?rest_route=\/wp\/v2\/posts\/69815\/revisions"}],"predecessor-version":[{"id":87804,"href":"https:\/\/www.brennerbasisdemokratie.eu\/index.php?rest_route=\/wp\/v2\/posts\/69815\/revisions\/87804"}],"wp:attachment":[{"href":"https:\/\/www.brennerbasisdemokratie.eu\/index.php?rest_route=%2Fwp%2Fv2%2Fmedia&parent=69815"}],"wp:term":[{"taxonomy":"category","embeddable":true,"href":"https:\/\/www.brennerbasisdemokratie.eu\/index.php?rest_route=%2Fwp%2Fv2%2Fcategories&post=69815"},{"taxonomy":"post_tag","embeddable":true,"href":"https:\/\/www.brennerbasisdemokratie.eu\/index.php?rest_route=%2Fwp%2Fv2%2Ftags&post=69815"}],"curies":[{"name":"wp","href":"https:\/\/api.w.org\/{rel}","templated":true}]}}