{"id":6989,"date":"2011-02-01T20:37:03","date_gmt":"2011-02-01T19:37:03","guid":{"rendered":"http:\/\/www.brennerbasisdemokratie.eu\/?p=6989"},"modified":"2021-06-21T12:27:30","modified_gmt":"2021-06-21T10:27:30","slug":"eine-neue-erinnerungskultur","status":"publish","type":"post","link":"https:\/\/www.brennerbasisdemokratie.eu\/?p=6989","title":{"rendered":"Eine neue Erinnerungskultur."},"content":{"rendered":"<p>Vor fast genau vier Jahren hatte ich hier die Schaffung eines \u00bbpositiven\u00ab Denkmals f\u00fcr S\u00fcdtirol <a title=\"Ein positives Denkmal f\u00fcr S\u00fcdtirol.\" href=\"http:\/\/www.brennerbasisdemokratie.eu\/?p=549\" target=\"_self\" rel=\"noopener noreferrer\">angeregt<\/a>, wo alle B\u00fcrger gemeinsam an die Opfer der totalit\u00e4ren Regimes gedenken k\u00f6nnten. Durch das j\u00fcngste Abkommen zwischen r\u00f6mischer Zentralregierung und <abbr title=\"S\u00fcdtiroler Volkspartei\">SVP<\/abbr> ist jetzt jedoch der Umgang mit den bestehenden, \u00bbnegativen\u00ab Denkm\u00e4lern wieder mit voller Wucht in den Mittelpunkt unserer Aufmerksamkeit ger\u00fcckt.<\/p>\n<p>W\u00e4hrend das Mussolinirelief von Hans Piffrader m\u00f6glicherweise von den Finanz\u00e4mtern abgeh\u00e4ngt wird, ist im Falle des Siegesdenkmals eine sogenannte \u00bbHistorisierung\u00ab wahrscheinlich. Paradoxerweise k\u00f6nnte so mit etwas Mut und Phantasie gerade das Siegesdenkmal Teil eines \u00bbpositiven\u00ab Denkmals werden. Eine Erkl\u00e4rungstafel ist zur Erreichung dieses Ziels jedoch v\u00f6llig ungeeignet, denn wie gro\u00df sie auch sein mag, sie verm\u00f6chte es nie, die Monumentalit\u00e4t des Bauwerks von Marcello Piacentini anzufechten oder auch nur zu kommentieren. Sie verk\u00e4me unweigerlich zur entbehrlichen Fu\u00dfnote. Die Erl\u00e4uterung des Denkmals und der Voraussetzungen f\u00fcr sein Zustandekommen w\u00e4re in der sogenannten Krypta besser aufgehoben, wo \u2014 wie vorgeschlagen \u2014 auch eine Ausstellung \u00fcber die Greueltaten jener Zeit untergebracht werden k\u00f6nnte.<\/p>\n<p>F\u00fcr die Historisierung des Denkmals w\u00e4re jedoch erforderlich, ihm in einer ebenb\u00fcrtigen Sprache zu antworten: Nur so k\u00f6nnte man ihm einen Ausdruck unserer heutigen, demokratischen Sichtweise als Kommentar entgegensetzen. Eine architektonische und k\u00fcnstlerische Umgestaltung seines Umfelds etwa w\u00fcrde das Bauwerk in einen v\u00f6llig neuen Kontext einbetten und k\u00f6nnte es in einen f\u00fcr S\u00fcdtirol einmaligen Ort der Erinnerung und des Gedenkens verwandeln. Dadurch w\u00e4re der Erhalt des Siegesdenkmals sichergestellt, ohne es als Ort der Huldigung fortbestehen zu lassen. Eine k\u00fcnstlerische Verarbeitung w\u00e4re (anders als eine Tafel) auch aus dem urbanen Kontext sofort lesbar \u2014 selbst im Vorbeifahren oder mit einem fl\u00fcchtigen Blick verst\u00fcnde jeder, dass hier nicht (mehr) der Totalitarismus geehrt wird.<\/p>\n<p>Freilich w\u00fcrde dem Platz durch eine solche Umwandlung auch eine neue Zentralit\u00e4t zuteil. Dies ist jedoch durchaus w\u00fcnschenswert, wenn er vom Siegesplatz zum Platz der gemeinsamen Erinnerung wird.<\/p>\n<p><strong><span style=\"font-family: Helvetica, Arial, sans-serif; text-transform: uppercase;\">C\u00ebla enghe:<\/span><\/strong> <a title=\"Interpretieren verboten.\" href=\"https:\/\/www.brennerbasisdemokratie.eu\/?p=7773\"><span style=\"color: #ff8c00\"><code>01<\/code><\/span><\/a> <a title=\"Tag der Aufarbeitung.\" href=\"https:\/\/www.brennerbasisdemokratie.eu\/?p=19936\"><span style=\"color: #ff8c00\"><code>02<\/code><\/span><\/a> <a title=\"Hannah Arendt \u00fcber Mussolini.\" href=\"https:\/\/www.brennerbasisdemokratie.eu\/?p=37971\"><span style=\"color: #ff8c00\"><code>03<\/code><\/span><\/a> <a title=\"Kulturpessimistische Bewahrungsfraktion.\" href=\"https:\/\/www.brennerbasisdemokratie.eu\/?p=59066\"><code>04<\/code><\/a><\/p>","protected":false},"excerpt":{"rendered":"<p>Vor fast genau vier Jahren hatte ich hier die Schaffung eines \u00bbpositiven\u00ab Denkmals f\u00fcr S\u00fcdtirol angeregt, wo alle B\u00fcrger gemeinsam an die Opfer der totalit\u00e4ren Regimes gedenken k\u00f6nnten. Durch das j\u00fcngste Abkommen zwischen r\u00f6mischer Zentralregierung und SVP ist jetzt jedoch der Umgang mit den bestehenden, \u00bbnegativen\u00ab Denkm\u00e4lern wieder mit voller Wucht in den Mittelpunkt unserer [&hellip;]<\/p>","protected":false},"author":1,"featured_media":0,"comment_status":"open","ping_status":"open","sticky":false,"template":"","format":"standard","meta":{"_crdt_document":"","ngg_post_thumbnail":0,"_jetpack_memberships_contains_paid_content":false,"footnotes":""},"categories":[1],"tags":[],"class_list":["post-6989","post","type-post","status-publish","format-standard","hentry","category-allgemein","entity-pdl","entity-svp","issue-faschistische-relikte","issue-geschichtsaufarbeitung","language-deutsch","topic-arch","topic-faschismen","topic-geschichte","topic-kohasion","topic-politik"],"jetpack_featured_media_url":"","jetpack_sharing_enabled":true,"_links":{"self":[{"href":"https:\/\/www.brennerbasisdemokratie.eu\/index.php?rest_route=\/wp\/v2\/posts\/6989","targetHints":{"allow":["GET"]}}],"collection":[{"href":"https:\/\/www.brennerbasisdemokratie.eu\/index.php?rest_route=\/wp\/v2\/posts"}],"about":[{"href":"https:\/\/www.brennerbasisdemokratie.eu\/index.php?rest_route=\/wp\/v2\/types\/post"}],"author":[{"embeddable":true,"href":"https:\/\/www.brennerbasisdemokratie.eu\/index.php?rest_route=\/wp\/v2\/users\/1"}],"replies":[{"embeddable":true,"href":"https:\/\/www.brennerbasisdemokratie.eu\/index.php?rest_route=%2Fwp%2Fv2%2Fcomments&post=6989"}],"version-history":[{"count":15,"href":"https:\/\/www.brennerbasisdemokratie.eu\/index.php?rest_route=\/wp\/v2\/posts\/6989\/revisions"}],"predecessor-version":[{"id":66551,"href":"https:\/\/www.brennerbasisdemokratie.eu\/index.php?rest_route=\/wp\/v2\/posts\/6989\/revisions\/66551"}],"wp:attachment":[{"href":"https:\/\/www.brennerbasisdemokratie.eu\/index.php?rest_route=%2Fwp%2Fv2%2Fmedia&parent=6989"}],"wp:term":[{"taxonomy":"category","embeddable":true,"href":"https:\/\/www.brennerbasisdemokratie.eu\/index.php?rest_route=%2Fwp%2Fv2%2Fcategories&post=6989"},{"taxonomy":"post_tag","embeddable":true,"href":"https:\/\/www.brennerbasisdemokratie.eu\/index.php?rest_route=%2Fwp%2Fv2%2Ftags&post=6989"}],"curies":[{"name":"wp","href":"https:\/\/api.w.org\/{rel}","templated":true}]}}