{"id":69924,"date":"2021-12-12T18:24:31","date_gmt":"2021-12-12T17:24:31","guid":{"rendered":"https:\/\/www.brennerbasisdemokratie.eu\/?p=69924"},"modified":"2025-08-19T18:10:30","modified_gmt":"2025-08-19T16:10:30","slug":"le-bilinguisme-du-colonise","status":"publish","type":"post","link":"https:\/\/www.brennerbasisdemokratie.eu\/?p=69924","title":{"rendered":"Le bilinguisme du colonis\u00e9."},"content":{"rendered":"<blockquote><p>Dans le conflit linguistique qui habite le colonis\u00e9, sa langue maternelle est l\u2019humili\u00e9e, l\u2019\u00e9cras\u00e9e. Et ce m\u00e9pris objectivement fond\u00e9, il finit par le faire sien. De lui-m\u00eame il se met \u00e0 \u00e9carter cette langue infirme \u00e0 la cacher aux yeux des \u00e9trangers, \u00e0 ne para\u00eetre \u00e0 l\u2019aise que dans la langue du colonisateur. En bref, le bilinguisme colonial n\u2019est ni une diglossie, o\u00f9 coexistent un idiome populaire et une langue de puriste, appartenant tous les deux au m\u00eame univers affectif, ni une simple richesse polyglotte, qui b\u00e9n\u00e9ficie d\u2019un clavier suppl\u00e9mentaire mais relativement neutre ; c\u2019est un <em>drame linguistique.<\/em><\/p>\n<p><em>\u2013 Albert Memmi, Portrait du colonis\u00e9 (1957)<\/em><\/p><\/blockquote>\n<blockquote><p><small>Im Sprachkonflikt, der dem Kolonisierten innewohnt, ist seine Muttersprache die Erniedrigte, die Zerschlagene. Und diese objektiv begr\u00fcndete Verachtung macht er sich schlie\u00dflich zueigen. Er beginnt von sich aus, diese verunstaltete Sprache zu verdr\u00e4ngen, sie vor Fremden zu verstecken und sich nur in der Sprache des Kolonialherren wohlzuf\u00fchlen. Kurz gesagt, die koloniale Zweisprachigkeit ist weder eine Diglossie, in der ein volkst\u00fcmliches Idiom und eine Puristensprache, die beide demselben Gef\u00fchlsuniversum angeh\u00f6ren, nebeneinander existieren, noch ein einfacher polyglotter Reichtum, der von einer zus\u00e4tzlichen, aber relativ neutralen Klaviatur profitiert; sie ist ein <em>sprachliches Drama.<\/em><\/small><\/p><\/blockquote>\n<blockquote><p><small>Nel conflitto linguistico insito al colonizzato, la sua lingua madre \u00e8 quella umiliata, quella fracassata. E questo disprezzo oggettivamente fondato, finisce per farlo suo. Comincia a rifiutare questa lingua storpiata, a nasconderla agli occhi degli stranieri, ad apparire a suo agio solo nella lingua del colonizzatore. In breve, il bilinguismo coloniale non \u00e8 n\u00e9 una diglossia, dove coesistono un idioma popolare e una lingua purista, entrambi appartenenti allo stesso universo affettivo, n\u00e9 una semplice ricchezza poliglotta, che beneficia di un registro supplementare ma relativamente neutro; \u00e8 un <em>dramma linguistico.<\/em><\/small><\/p><\/blockquote>\n<p><small><em>\u00dcbersetzungen von mir \u2013 Traduzioni mie<br \/>\n<\/em><\/small><\/p>\n<p><strong><span style=\"font-family: Helvetica, Arial, sans-serif; text-transform: uppercase;\">Voir aussi:<\/span><\/strong> <a title=\"Albert Memmi: Jede Domination ist relativ.\" href=\"https:\/\/www.brennerbasisdemokratie.eu\/?p=69640\" rel=\"\"><code>01<\/code><\/a> <a title=\"Suprematistische Zweisprachigkeit.\" href=\"https:\/\/www.brennerbasisdemokratie.eu\/?p=24695\" rel=\"\"><code>02<\/code><\/a> <a title=\"Moreno Cabrera a proposito di bilinguismo forzato.\" href=\"https:\/\/www.brennerbasisdemokratie.eu\/?p=28331\" rel=\"\"><code>03<\/code><\/a> <a title=\"Plurilinguismo autocentrato.\" href=\"https:\/\/www.brennerbasisdemokratie.eu\/?p=67077\" rel=\"\"><code>04<\/code><\/a> <a title=\"Plurilinguismo, imperialismo e lingue utili.\" href=\"https:\/\/www.brennerbasisdemokratie.eu\/?p=50403\" rel=\"\"><code>05<\/code><\/a> <a title=\"Il bilinguismo perfetto \u00e8 disfunzionale.\" href=\"https:\/\/www.brennerbasisdemokratie.eu\/?p=69503\" rel=\"\"><code>06<\/code><\/a> <a title=\"Innere und \u00e4u\u00dfere Kolonien.\" href=\"https:\/\/www.brennerbasisdemokratie.eu\/?p=64527\" rel=\"\"><code>07<\/code><\/a>&nbsp;<span style=\"font-family: Helvetica, Arial, sans-serif; font-weight: normal;\">||<\/span> <a title=\"Minorisierte Sprachen.\" href=\"https:\/\/www.brennerbasisdemokratie.eu\/?p=72762\" rel=\"\"><span style=\"color: #ff8c00\"><code>01<\/code><\/span><\/a> <a title=\"Hegemoniale Zweisprachigkeit.\" href=\"https:\/\/www.brennerbasisdemokratie.eu\/?p=75013\"><span style=\"color: #ff8c00\"><code>02<\/code><\/span><\/a> <a title=\"Mehrsprachigkeit von Minderheiten und Sprachverlust.\" href=\"https:\/\/www.brennerbasisdemokratie.eu\/?p=87781\"><span style=\"color: #ff8c00\"><code>03<\/code><\/span><\/a> <a title=\"Ng\u0169g\u0129 wa Thiong\u2019o und die Kolonien des Denkens.\" href=\"https:\/\/www.brennerbasisdemokratie.eu\/?p=94004\"><span style=\"color: #ff8c00\"><code>04<\/code><\/span><\/a><\/p>","protected":false},"excerpt":{"rendered":"<p>Dans le conflit linguistique qui habite le colonis\u00e9, sa langue maternelle est l\u2019humili\u00e9e, l\u2019\u00e9cras\u00e9e. Et ce m\u00e9pris objectivement fond\u00e9, il finit par le faire sien. De lui-m\u00eame il se met \u00e0 \u00e9carter cette langue infirme \u00e0 la cacher aux yeux des \u00e9trangers, \u00e0 ne para\u00eetre \u00e0 l\u2019aise que dans la langue du colonisateur. En bref, [&hellip;]<\/p>","protected":false},"author":1,"featured_media":0,"comment_status":"open","ping_status":"open","sticky":false,"template":"","format":"standard","meta":{"_crdt_document":"","ngg_post_thumbnail":0,"_jetpack_memberships_contains_paid_content":false,"footnotes":""},"categories":[1],"tags":[],"class_list":["post-69924","post","type-post","status-publish","format-standard","hentry","category-allgemein","issue-quotation","language-deutsch","language-francais","language-italiano","topic-colonialismi","topic-minorisaziun","topic-plurilinguism"],"jetpack_featured_media_url":"","jetpack_sharing_enabled":true,"_links":{"self":[{"href":"https:\/\/www.brennerbasisdemokratie.eu\/index.php?rest_route=\/wp\/v2\/posts\/69924","targetHints":{"allow":["GET"]}}],"collection":[{"href":"https:\/\/www.brennerbasisdemokratie.eu\/index.php?rest_route=\/wp\/v2\/posts"}],"about":[{"href":"https:\/\/www.brennerbasisdemokratie.eu\/index.php?rest_route=\/wp\/v2\/types\/post"}],"author":[{"embeddable":true,"href":"https:\/\/www.brennerbasisdemokratie.eu\/index.php?rest_route=\/wp\/v2\/users\/1"}],"replies":[{"embeddable":true,"href":"https:\/\/www.brennerbasisdemokratie.eu\/index.php?rest_route=%2Fwp%2Fv2%2Fcomments&post=69924"}],"version-history":[{"count":9,"href":"https:\/\/www.brennerbasisdemokratie.eu\/index.php?rest_route=\/wp\/v2\/posts\/69924\/revisions"}],"predecessor-version":[{"id":94012,"href":"https:\/\/www.brennerbasisdemokratie.eu\/index.php?rest_route=\/wp\/v2\/posts\/69924\/revisions\/94012"}],"wp:attachment":[{"href":"https:\/\/www.brennerbasisdemokratie.eu\/index.php?rest_route=%2Fwp%2Fv2%2Fmedia&parent=69924"}],"wp:term":[{"taxonomy":"category","embeddable":true,"href":"https:\/\/www.brennerbasisdemokratie.eu\/index.php?rest_route=%2Fwp%2Fv2%2Fcategories&post=69924"},{"taxonomy":"post_tag","embeddable":true,"href":"https:\/\/www.brennerbasisdemokratie.eu\/index.php?rest_route=%2Fwp%2Fv2%2Ftags&post=69924"}],"curies":[{"name":"wp","href":"https:\/\/api.w.org\/{rel}","templated":true}]}}