{"id":70423,"date":"2022-01-18T09:07:37","date_gmt":"2022-01-18T08:07:37","guid":{"rendered":"https:\/\/www.brennerbasisdemokratie.eu\/?p=70423"},"modified":"2025-01-05T11:50:21","modified_gmt":"2025-01-05T10:50:21","slug":"berlusconi-ohne-svp","status":"publish","type":"post","link":"https:\/\/www.brennerbasisdemokratie.eu\/?p=70423","title":{"rendered":"Berlusconi ohne SVP."},"content":{"rendered":"<p>Die Sammelpartei hat doch noch irgendwo eine Schmerzgrenze: Nach der <a title=\"Dunkle Zeiten.\" href=\"https:\/\/www.brennerbasisdemokratie.eu\/?p=44244\" rel=\"\">Koalition mit der rechtsradikalen <em>Lega<\/em><\/a> und dem Wahlb\u00fcndnis mit <a title=\"Tajani: Wer ist der Weggef\u00e4hrte der SVP?\" href=\"https:\/\/www.brennerbasisdemokratie.eu\/?p=47374\" rel=\"\">Mussolinifan Antonio Tajani<\/a> (<abbr title=\"Forza Italia\">FI<\/abbr>) bei der EU-Wahl 2019 hat die <abbr title=\"S\u00fcdtiroler Volkspartei\">SVP<\/abbr> gestern beschlossen, die <a title=\"Berlusconi for President.\" href=\"https:\/\/www.brennerbasisdemokratie.eu\/?p=69950\" rel=\"\">Kandidatur von Silvio Berlusconi<\/a> f\u00fcr das Amt des italienischen Staatspr\u00e4sidenten nicht zu unterst\u00fctzen. Angaben des Landeshauptmanns zufolge soll die Entscheidung einstimmig gef\u00e4llt worden sein. Demnach werden der gestern vom Regionalrat ernannte Wahlmann Sepp Noggler sowie die Parlamentsabgeordneten der SVP in Kammer und Senat voraussichtlich anderen Kandidatinnen den Vorzug geben \u2014 wiewohl dies bei einer geheimen Wahl schwer \u00fcberpr\u00fcfbar sein wird.<\/p>\n<p>Einem Bericht von <em>Rai S\u00fcdtirol<\/em> zufolge k\u00f6nnten dem ehemaligen <em>Cavaliere<\/em> bei 1009 Wahlleuten nur rund 60 Stimmen auf einen sicheren Wahlsieg fehlen.<\/p>\n<p>Von der <a title=\"Anything goes!\" href=\"https:\/\/www.brennerbasisdemokratie.eu\/?p=70378\" rel=\"\">Unterst\u00fctzung<\/a> der <abbr title=\"Europ\u00e4ische Volkspartei\">EVP<\/abbr> f\u00fcr Berlusconi lie\u00df sich die SVP \u2014 obschon laut Herbert Dorfmann (MdEP) \u00bblogisch\u00ab und \u00bbkonsequent\u00ab \u2014 gl\u00fccklicherweise nicht beeinflussen. Ihre wenigen Stimmen k\u00f6nnten bei der Wahl ausschlaggebend sein.<\/p>\n<p><strong><span style=\"font-family: Helvetica, Arial, sans-serif; text-transform: uppercase;\">C\u00ebla enghe:<\/span><\/strong> <a title=\"Was Putin h\u00e4tte tun sollen.\" href=\"https:\/\/www.brennerbasisdemokratie.eu\/?p=74139\" rel=\"\"><span style=\"color: #ff8c00\"><code>01<\/code><\/span><\/a><\/p>","protected":false},"excerpt":{"rendered":"<p>Die Sammelpartei hat doch noch irgendwo eine Schmerzgrenze: Nach der Koalition mit der rechtsradikalen Lega und dem Wahlb\u00fcndnis mit Mussolinifan Antonio Tajani (FI) bei der EU-Wahl 2019 hat die SVP gestern beschlossen, die Kandidatur von Silvio Berlusconi f\u00fcr das Amt des italienischen Staatspr\u00e4sidenten nicht zu unterst\u00fctzen. Angaben des Landeshauptmanns zufolge soll die Entscheidung einstimmig gef\u00e4llt [&hellip;]<\/p>","protected":false},"author":1,"featured_media":0,"comment_status":"open","ping_status":"open","sticky":false,"template":"","format":"standard","meta":{"_crdt_document":"","ngg_post_thumbnail":0,"_jetpack_memberships_contains_paid_content":false,"footnotes":""},"categories":[1],"tags":[],"class_list":["post-70423","post","type-post","status-publish","format-standard","hentry","category-allgemein","entity-evp","entity-fi","entity-lega","entity-pdl","entity-svp","issue-good-news","issue-wahlen","location-italy","location-sudtirolo","language-deutsch","medium-rai","person-antonio-tajani","person-arno-kompatscher","person-herbert-dorfmann","person-silvio-berlusconi","topic-medien","topic-politik"],"jetpack_featured_media_url":"","jetpack_sharing_enabled":true,"_links":{"self":[{"href":"https:\/\/www.brennerbasisdemokratie.eu\/index.php?rest_route=\/wp\/v2\/posts\/70423","targetHints":{"allow":["GET"]}}],"collection":[{"href":"https:\/\/www.brennerbasisdemokratie.eu\/index.php?rest_route=\/wp\/v2\/posts"}],"about":[{"href":"https:\/\/www.brennerbasisdemokratie.eu\/index.php?rest_route=\/wp\/v2\/types\/post"}],"author":[{"embeddable":true,"href":"https:\/\/www.brennerbasisdemokratie.eu\/index.php?rest_route=\/wp\/v2\/users\/1"}],"replies":[{"embeddable":true,"href":"https:\/\/www.brennerbasisdemokratie.eu\/index.php?rest_route=%2Fwp%2Fv2%2Fcomments&post=70423"}],"version-history":[{"count":5,"href":"https:\/\/www.brennerbasisdemokratie.eu\/index.php?rest_route=\/wp\/v2\/posts\/70423\/revisions"}],"predecessor-version":[{"id":74144,"href":"https:\/\/www.brennerbasisdemokratie.eu\/index.php?rest_route=\/wp\/v2\/posts\/70423\/revisions\/74144"}],"wp:attachment":[{"href":"https:\/\/www.brennerbasisdemokratie.eu\/index.php?rest_route=%2Fwp%2Fv2%2Fmedia&parent=70423"}],"wp:term":[{"taxonomy":"category","embeddable":true,"href":"https:\/\/www.brennerbasisdemokratie.eu\/index.php?rest_route=%2Fwp%2Fv2%2Fcategories&post=70423"},{"taxonomy":"post_tag","embeddable":true,"href":"https:\/\/www.brennerbasisdemokratie.eu\/index.php?rest_route=%2Fwp%2Fv2%2Ftags&post=70423"}],"curies":[{"name":"wp","href":"https:\/\/api.w.org\/{rel}","templated":true}]}}