{"id":7073,"date":"2011-02-12T09:17:19","date_gmt":"2011-02-12T08:17:19","guid":{"rendered":"http:\/\/www.brennerbasisdemokratie.eu\/?p=7073"},"modified":"2021-02-22T12:05:37","modified_gmt":"2021-02-22T11:05:37","slug":"neue-kundgebung-von-casa-pound","status":"publish","type":"post","link":"https:\/\/www.brennerbasisdemokratie.eu\/?p=7073","title":{"rendered":"Neue Kundgebung von CasaPound."},"content":{"rendered":"<blockquote><p><a href=\"http:\/\/www.brennerbasisdemokratie.eu\/wp-content\/uploads\/2011\/02\/cpi_plakat.jpg\" target=\"_0\" rel=\"noopener noreferrer\"><img loading=\"lazy\" decoding=\"async\" class=\"size-medium wp-image-7074 aligncenter\" title=\"Casa Pound: Plakat.\" src=\"http:\/\/www.brennerbasisdemokratie.eu\/wp-content\/uploads\/2011\/02\/cpi_plakat-210x300.jpg\" alt=\"\" width=\"147\" height=\"210\" srcset=\"https:\/\/www.brennerbasisdemokratie.eu\/wp-content\/uploads\/2011\/02\/cpi_plakat-210x300.jpg 210w, https:\/\/www.brennerbasisdemokratie.eu\/wp-content\/uploads\/2011\/02\/cpi_plakat-105x150.jpg 105w, https:\/\/www.brennerbasisdemokratie.eu\/wp-content\/uploads\/2011\/02\/cpi_plakat.jpg 300w\" sizes=\"auto, (max-width: 147px) 100vw, 147px\" \/><\/a><\/p><\/blockquote>\n<p>Erst vorgestern war eine Kundgebung von <em>CasaPound<\/em> aus Sicht der Faschisten (Eigendefinition!) sehr erfolgreich verlaufen: An ihrem Gedenkmarsch zu \u00bbEhren\u00ab der Vertriebenen aus Istrien und Dalmatien sowie der Opfer der Karstschl\u00fcnde <em>(Foibe)<\/em> hatten sogar mehrere Mitglieder des Bozner Gemeinderates teilgenommen, darunter der Vorsitzende der PDL-Fraktion, Paolo Bertolucci.<\/p>\n<p>Nun planen die so geadelten Extremisten gar eine \u00bbnationale\u00ab Kundgebung in unserer Landeshauptstadt, um mit martialischen Parolen (Bild zum Vergr\u00f6\u00dfern anklicken) deren Zugeh\u00f6rigkeit zu Italien zu unterstreichen. Anlass ist das 150. Jubil\u00e4um der italienischen Einheit, an dessen Feierlichkeiten sich Landeshauptmann Durnwalder nicht beteiligen wird. Die rund um diese Entscheidung entstandene nationalistische Rhetorik erinnert an dunklere Kapitel unserer Geschichte.<\/p>\n<p><img class=\"bbdlogo\" src=\"https:\/\/www.brennerbasisdemokratie.eu\/wp-content\/uploads\/bbdsmileys\/bbde.png\"> ruft alle Entscheidungstr\u00e4ger dazu auf, die provokative Demonstration zu untersagen und l\u00e4dt schon jetzt alle Demokraten ein, sich an eventuellen Gegenveranstaltungen zu beteiligen. Auch und gerade diejenigen, die f\u00fcr einen Verbleib S\u00fcdtirols bei Italien eintreten, sollten sich eine faschistische Vereinnahmung verbitten.<\/p>","protected":false},"excerpt":{"rendered":"<p>Erst vorgestern war eine Kundgebung von CasaPound aus Sicht der Faschisten (Eigendefinition!) sehr erfolgreich verlaufen: An ihrem Gedenkmarsch zu \u00bbEhren\u00ab der Vertriebenen aus Istrien und Dalmatien sowie der Opfer der Karstschl\u00fcnde (Foibe) hatten sogar mehrere Mitglieder des Bozner Gemeinderates teilgenommen, darunter der Vorsitzende der PDL-Fraktion, Paolo Bertolucci. Nun planen die so geadelten Extremisten gar eine [&hellip;]<\/p>","protected":false},"author":1,"featured_media":0,"comment_status":"open","ping_status":"open","sticky":false,"template":"","format":"standard","meta":{"_crdt_document":"","ngg_post_thumbnail":0,"_jetpack_memberships_contains_paid_content":false,"footnotes":""},"categories":[1],"tags":[],"class_list":["post-7073","post","type-post","status-publish","format-standard","hentry","category-allgemein","entity-cpi","entity-pdl","location-sudtirolo","language-deutsch","person-luis-durnwalder","topic-faschismen","topic-politik"],"jetpack_featured_media_url":"","jetpack_sharing_enabled":true,"_links":{"self":[{"href":"https:\/\/www.brennerbasisdemokratie.eu\/index.php?rest_route=\/wp\/v2\/posts\/7073","targetHints":{"allow":["GET"]}}],"collection":[{"href":"https:\/\/www.brennerbasisdemokratie.eu\/index.php?rest_route=\/wp\/v2\/posts"}],"about":[{"href":"https:\/\/www.brennerbasisdemokratie.eu\/index.php?rest_route=\/wp\/v2\/types\/post"}],"author":[{"embeddable":true,"href":"https:\/\/www.brennerbasisdemokratie.eu\/index.php?rest_route=\/wp\/v2\/users\/1"}],"replies":[{"embeddable":true,"href":"https:\/\/www.brennerbasisdemokratie.eu\/index.php?rest_route=%2Fwp%2Fv2%2Fcomments&post=7073"}],"version-history":[{"count":17,"href":"https:\/\/www.brennerbasisdemokratie.eu\/index.php?rest_route=\/wp\/v2\/posts\/7073\/revisions"}],"predecessor-version":[{"id":63686,"href":"https:\/\/www.brennerbasisdemokratie.eu\/index.php?rest_route=\/wp\/v2\/posts\/7073\/revisions\/63686"}],"wp:attachment":[{"href":"https:\/\/www.brennerbasisdemokratie.eu\/index.php?rest_route=%2Fwp%2Fv2%2Fmedia&parent=7073"}],"wp:term":[{"taxonomy":"category","embeddable":true,"href":"https:\/\/www.brennerbasisdemokratie.eu\/index.php?rest_route=%2Fwp%2Fv2%2Fcategories&post=7073"},{"taxonomy":"post_tag","embeddable":true,"href":"https:\/\/www.brennerbasisdemokratie.eu\/index.php?rest_route=%2Fwp%2Fv2%2Ftags&post=7073"}],"curies":[{"name":"wp","href":"https:\/\/api.w.org\/{rel}","templated":true}]}}