{"id":71051,"date":"2022-02-13T22:08:45","date_gmt":"2022-02-13T21:08:45","guid":{"rendered":"https:\/\/www.brennerbasisdemokratie.eu\/?p=71051"},"modified":"2026-02-03T09:07:08","modified_gmt":"2026-02-03T08:07:08","slug":"50-der-zustandigkeiten-wurden-beschnitten","status":"publish","type":"post","link":"https:\/\/www.brennerbasisdemokratie.eu\/?p=71051","title":{"rendered":"50 Prozent der Zust\u00e4ndigkeiten wurden beschnitten."},"content":{"rendered":"<p>Matthias Haller, Assistenzprofessor am Institut f\u00fcr Italienisches Recht der Universit\u00e4t Innsbruck sowie Tr\u00e4ger des <em>F\u00f6deralismus- und Regionalforschungspreises<\/em> 2020, hat vorgestern im Landtag sein umfassendes Werk <em>S\u00fcdtirols Minderheitenschutzsystem<\/em> vorgestellt, das bei <em>Duncker und Humblot &#8211; Berlin<\/em> <a title=\"Duncker \/ Humblot - S\u00fcdtirols Minderheitenschutzsystem.\" href=\"https:\/\/www.duncker-humblot.de\/buch\/suedtirols-minderheitenschutzsystem-9783428182299\/?page_id=0&amp;typ=buc\" rel=\"\">erschienen<\/a> ist.<\/p>\n<p>Unter anderem ging der Autor auf die M\u00f6glichkeiten der Wiederherstellung von Zust\u00e4ndigkeiten ein, die seit der italienischen Verfassungsreform von 2001 eingeschr\u00e4nkt wurden. Wichtige Kompetenzen wie der Umweltschutz seien dem Staat zugewiesen worden, zudem habe das Verfassungsgericht bei \u00dcberschneidungen zugunsten des Staates entschieden.<\/p>\n<p>Durch sogenannte Querschnittkompetenzen haben sich bei 50 Prozent der Zust\u00e4ndigkeiten Einschr\u00e4nkungen ergeben, so Haller, und zwar<\/p>\n<blockquote><p>insbesondere durch Schutz des Wettbewerbs, Zivilrecht, Umweltschutz, Festlegung von Mindeststandards beim Schutz der b\u00fcrgerlichen und sozialen Rechte.<\/p>\n<p><small><em>\u2014 Pressemitteilung des Landtags<\/em><\/small><\/p><\/blockquote>\n<p>Nicht zuletzt sollen die Kompetenzen im Bereich der Digitalisierung nicht vernachl\u00e4ssigt werden, da sonst die Autonomie noch weiter eingeschr\u00e4nkt werden k\u00f6nnte.<\/p>\n<p><strong><span style=\"font-family: Helvetica, Arial, sans-serif; text-transform: uppercase;\">C\u00ebla enghe:<\/span><\/strong> <a title=\"Studie zur Autonomieentwicklung seit 1992.\" href=\"https:\/\/www.brennerbasisdemokratie.eu\/?p=34967\" rel=\"\"><code>01<\/code><\/a> <a title=\"Il Governo austriaco \u00abrivuole\u00bb l\u2019autonomia sudtirolese.\" href=\"https:\/\/www.brennerbasisdemokratie.eu\/?p=54034\" rel=\"\"><code>02<\/code><\/a> <a title=\"Immer an der Grenze der Autonomie.\" href=\"https:\/\/www.brennerbasisdemokratie.eu\/?p=43094\" rel=\"\"><code>03<\/code><\/a> <a title=\"Competenze perse: piagnisteo?\" href=\"https:\/\/www.brennerbasisdemokratie.eu\/?p=54282\" rel=\"\"><code>04<\/code><\/a> <a title=\"Ambiente? Non competenti.\" href=\"https:\/\/www.brennerbasisdemokratie.eu\/?p=7682\" rel=\"\"><code>05<\/code><\/a> <a title=\"Ehrenamt: Bei genauem Hinsehen keine Autonomie.\" href=\"https:\/\/www.brennerbasisdemokratie.eu\/?p=71037\" rel=\"\"><code>06<\/code><\/a> <a title=\"Alles geben.\" href=\"https:\/\/www.brennerbasisdemokratie.eu\/?p=29745\" rel=\"\"><code>07<\/code><\/a> <span style=\"font-family: Helvetica, Arial, sans-serif; font-weight: normal;\">|<\/span> <a title=\"Digitalianisierung \u2013 Digitalianizzazione.\" href=\"https:\/\/www.brennerbasisdemokratie.eu\/?p=69693\" rel=\"\"><code>08<\/code><\/a> <span style=\"font-family: Helvetica, Arial, sans-serif; font-weight: normal;\">||<\/span> <a title=\"Landtag will Autonomie wiederherstellen.\" href=\"https:\/\/www.brennerbasisdemokratie.eu\/?p=72684\" rel=\"\"><span style=\"color: #ff8c00\"><code>01<\/code><\/span><\/a> <a title=\"Komplexit\u00e4t als Schutz vor dem Verfassungsgericht.\" href=\"https:\/\/www.brennerbasisdemokratie.eu\/?p=76894\"><span style=\"color: #ff8c00\"><code>02<\/code><\/span><\/a><\/p>","protected":false},"excerpt":{"rendered":"<p>Matthias Haller, Assistenzprofessor am Institut f\u00fcr Italienisches Recht der Universit\u00e4t Innsbruck sowie Tr\u00e4ger des F\u00f6deralismus- und Regionalforschungspreises 2020, hat vorgestern im Landtag sein umfassendes Werk S\u00fcdtirols Minderheitenschutzsystem vorgestellt, das bei Duncker und Humblot &#8211; Berlin erschienen ist. Unter anderem ging der Autor auf die M\u00f6glichkeiten der Wiederherstellung von Zust\u00e4ndigkeiten ein, die seit der italienischen Verfassungsreform [&hellip;]<\/p>","protected":false},"author":1,"featured_media":0,"comment_status":"open","ping_status":"open","sticky":false,"template":"","format":"standard","meta":{"_crdt_document":"","ngg_post_thumbnail":0,"_jetpack_memberships_contains_paid_content":false,"footnotes":""},"categories":[1],"tags":[],"class_list":["post-71051","post","type-post","status-publish","format-standard","hentry","category-allgemein","entity-land-sudtirol","entity-staat-italien","entity-sudtiroler-landtag","entity-universitat-innsbruck","entity-verfassungsgericht","issue-verfassungsreform-2001","issue-zitac","location-italy","location-sudtirolo","language-deutsch","topic-autonomieverlust","topic-foederalismus","topic-minderheitenschutz","topic-politik","topic-publikationen","topic-recht","topic-staatland","topic-tech_com","topic-vorzeigeautonomie","topic-wissenschaft","topic-zentralismus","topic-zustaendigkeiten"],"jetpack_featured_media_url":"","jetpack_sharing_enabled":true,"_links":{"self":[{"href":"https:\/\/www.brennerbasisdemokratie.eu\/index.php?rest_route=\/wp\/v2\/posts\/71051","targetHints":{"allow":["GET"]}}],"collection":[{"href":"https:\/\/www.brennerbasisdemokratie.eu\/index.php?rest_route=\/wp\/v2\/posts"}],"about":[{"href":"https:\/\/www.brennerbasisdemokratie.eu\/index.php?rest_route=\/wp\/v2\/types\/post"}],"author":[{"embeddable":true,"href":"https:\/\/www.brennerbasisdemokratie.eu\/index.php?rest_route=\/wp\/v2\/users\/1"}],"replies":[{"embeddable":true,"href":"https:\/\/www.brennerbasisdemokratie.eu\/index.php?rest_route=%2Fwp%2Fv2%2Fcomments&post=71051"}],"version-history":[{"count":7,"href":"https:\/\/www.brennerbasisdemokratie.eu\/index.php?rest_route=\/wp\/v2\/posts\/71051\/revisions"}],"predecessor-version":[{"id":91476,"href":"https:\/\/www.brennerbasisdemokratie.eu\/index.php?rest_route=\/wp\/v2\/posts\/71051\/revisions\/91476"}],"wp:attachment":[{"href":"https:\/\/www.brennerbasisdemokratie.eu\/index.php?rest_route=%2Fwp%2Fv2%2Fmedia&parent=71051"}],"wp:term":[{"taxonomy":"category","embeddable":true,"href":"https:\/\/www.brennerbasisdemokratie.eu\/index.php?rest_route=%2Fwp%2Fv2%2Fcategories&post=71051"},{"taxonomy":"post_tag","embeddable":true,"href":"https:\/\/www.brennerbasisdemokratie.eu\/index.php?rest_route=%2Fwp%2Fv2%2Ftags&post=71051"}],"curies":[{"name":"wp","href":"https:\/\/api.w.org\/{rel}","templated":true}]}}