{"id":71429,"date":"2022-03-19T06:20:51","date_gmt":"2022-03-19T05:20:51","guid":{"rendered":"https:\/\/www.brennerbasisdemokratie.eu\/?p=71429"},"modified":"2025-06-11T13:56:37","modified_gmt":"2025-06-11T11:56:37","slug":"ubler-sudtiroler-antisemitismus","status":"publish","type":"post","link":"https:\/\/www.brennerbasisdemokratie.eu\/?p=71429","title":{"rendered":"\u00dcbler S\u00fcdtiroler Antisemitismus."},"content":{"rendered":"<!-- Snippets by WebberZone Snippetz --><div class=\"ata_snippets\"><hr style=\"height: 20px; border: none; margin-top: 0em; background-color: darkred;\"\/><\/div><p>Federico Steinhaus hat auf den grassierenden Judenhass in der Impfgegner-Szene hingewiesen und die Antisemiten haben darauf geantwortet. Zum Sch\u00e4men.<\/p>\n<p>Die Reaktionen auf die <a title=\"TAZ: Das No-Vax-Volk ist dumm.\" href=\"https:\/\/www.tageszeitung.it\/2022\/03\/06\/das-no-vax-volk-ist-dumm\/\" target=\"_blank\" rel=\"noopener\">Aussagen<\/a>&nbsp;von Federico Steinhaus gegen\u00fcber der <em>Neuen S\u00fcdtiroler Tageszeitung<\/em> sind der Beleg daf\u00fcr: In S\u00fcdtirol wabert ein gr\u00e4sslicher Antisemitismus. Versteckt wird er hinter einer plumpen Israel-Kritik, direkt aus der Polit-Schule der islamistischen <em>Hamas.<\/em><\/p>\n<p>Es werde Antisemitismus geben, <span class=\"s2\"><span class=\"bumpedFont15\">schreibt einer der Antisemiten, so lange Israel die Pal\u00e4stinenser als Sklaven behandelt. Im alten Tirol, da gab es noch kein Israel, bl\u00fchte ein furchtbarer katholischer Antisemitismus. Da gab es die Erz\u00e4hlung von Simone von Trient, laut der 1472 ein Kind angeblich einem j\u00fcdischen Ritualmord zum Opfer gefallen sein soll. Erst 1965 untersagte der Bischof von Trient die entsprechenden M\u00e4rtyrerfeiern.<\/span><\/span><\/p>\n<p>Eine \u00e4hnliche absurde Geschichte erz\u00e4hlten sich die Katholiken im n\u00f6rdlichen Tirol. Auch dort sollen ortsfremde Juden einen Buben rituell ermordet haben. Geifernde Antisemiten gedachten Jahr f\u00fcr Jahr \u00f6ffentlichkeitswirksam dieser religi\u00f6s verpackten Mordgeschichte. Erst Bischof Stecher erlie\u00df 1985 ein Verbot des Kultes.<\/p>\n<p>Im Tiroler Volksaufstand 1809 gegen Bayern und Franzosen jagten die Tiroler Milizion\u00e4re in Innsbruck \u2013 und nicht nur dort \u2013 Juden.<\/p>\n<p>Tiroler Nazis im Norden und im S\u00fcden beteiligten sich an den staatlich verordneten Verbrechen an den j\u00fcdischen Tirolern. In Meran pl\u00fcnderten Nachbarn nach dem Einmarsch der deutschen Armee 1943 j\u00fcdische Gesch\u00e4fte, eigneten sich H\u00e4user und Wohnungen an, zeigten ihre j\u00fcdischen Nachbarn bei den SOD-Nazis an. Nach dem Krieg gab es keine Wiedergutmachung, keine R\u00fcckgabe des gestohlenen Eigentums, keine Entschuldigung.<\/p>\n<p>\u00bbAb wann ist man denn bei der Impfung ein Dummkopf und was hat Impfung mit Antisemitismus zu tun?\u00ab, reagierte ein aufgebrachter <em>No-Vaxler<\/em> auf die Kritik von Federico Steinhaus, wonach die Impfgegner-Bewegung antisemitisch durchsetzt sei. Die Antwort kam postwendend: <em>Pfizer<\/em> geh\u00f6re Juden, schreibt einer der betroffenen <em>No-Vaxler.<\/em> Das von den \u00bbQuerdenkern\u00ab und Impfgegnern immer wieder bem\u00fchte Bild ist jenes der Weltverschw\u00f6rung, der j\u00fcdischen Weltverschw\u00f6rung.<\/p>\n<p>Nicht der hausgemachte katholisch-nazistische Antisemitismus hier ist das Problem, findet ein n\u00e4chster User, sondern der importierte aus dem Nahen Osten. In Deutschland befeuern \u00bbzwei Millionen von Merkel eingeladenen Moslems\u00ab den Antisemitismus und im gleichen Atemzug zitiert er \u00bbMichael\u00ab (er hei\u00dft Michel) Friedmanns Arroganz, Selbstgef\u00e4lligkeit und Mitteilungsbed\u00fcrfnis \u2014 als Ursache des deutschen Antisemitismus?<\/p>\n<p>Ein roter Faden durchzieht die Reaktionen der Steinhaus-\u00bbKritiker\u00ab. Die USA und Israel werden in einem Atemzug genannt und ausschlie\u00dflich f\u00fcr die Lage der Pal\u00e4stinenser verantwortlich gemacht. Und: Die USA pl\u00fcndern die Welt, \u00bbaber wenn es um die Ausbeutung der Rohstoffe geht, vergeudet man kein Wort von Antisemitismus. Das zur Definition von Dummheit\u00ab, stellt ein weiterer Steinhaus-\u00bbKritiker\u00ab entr\u00fcstet fest.<\/p>\n<p>Beliebtes Argument bei den gar nicht so verkappten Antisemiten ist der haarstr\u00e4ubende Vergleich in der Bek\u00e4mpfung der <em>Corona<\/em>-Pandemie zwischen Demokratie und Diktaturen. \u00bbWenn Grundrechte bei uns gleich gehandhabt werden wie in China, finde ich das schon bedenklich. Ich bin froh, dass es nicht nur Schafe gibt, obwohl ich selbst, zwangsweise, geimpft bin.\u00ab<\/p>\n<p>User, die den Antisemiten (oder den \u00bbDummk\u00f6pfen\u00ab, um Steinhaus zu zitieren) entgegenhalten, erhalten auch eine Klatsche: \u00bbDie hier schreibenden Landes[-] und Sanit\u00e4tsangrstellten [sic] sind wirklich nur mehr l\u00e4cherlich. Mit [sic] scheint[,] das[s] es doch ein sehr lukratives Gesch\u00e4ft war[,] einem die Spritze verpassen zu d\u00fcrfen.<span class=\"s2\"><span class=\"bumpedFont15\">\u00ab<\/span><\/span><\/p>\n<p class=\"s3\"><span class=\"s2\"><span class=\"bumpedFont15\">D\u00fcmmer geht immer. <\/span><\/span><\/p>\n<p>Warum \u2013 eine Frage an die <em>Neue S\u00fcdtiroler Tageszeitung<\/em>&nbsp;\u2013 werden solche Themen nicht moderiert? Warum d\u00fcrfen Antisemiten und Nazis ungehindert und von der Redaktion unkommentiert \u00bbrotzen\u00ab? Weil das zur Meinungsfreiheit geh\u00f6rt? Ist es liberal, \u00fcblen Antisemiten ein Forum zu bieten?<\/p>\n<!-- Snippets by WebberZone Snippetz --><div class=\"ata_snippets\"><hr style=\"height: 10px;border: none;margin-top: 0px;background-color: darkred\" \/>\r\n\r\n<div style=\"background-color: none;padding: 0px;font-size: 14px;font-family: Helvetica,Arial;margin: 10px 0px 0px 0px\"><span style=\"color: darkred\"><strong><small>Autor:innen- und Gastbeitr\u00e4ge widerspiegeln nicht notwendigerweise die Meinung oder die Position von BBD, so wie die jeweiligen Verfasser:innen nicht notwendigerweise die Ziele von BBD unterst\u00fctzen.<\/small><\/strong><small>\u00b7 I contributi esterni non necessariamente riflettono le opinioni o la posizione di BBD, come a loro volta le autrici\/gli autori non necessariamente condividono gli obiettivi di BBD. \u2014 <a href=\"http:\/\/www.brennerbasisdemokratie.eu\/?page_id=11356#copyleft\"><strong>\u00a9<\/strong><\/a><\/small><\/span><\/div><\/div>","protected":false},"excerpt":{"rendered":"<p>Federico Steinhaus hat auf den grassierenden Judenhass in der Impfgegner-Szene hingewiesen und die Antisemiten haben darauf geantwortet. Zum Sch\u00e4men. Die Reaktionen auf die Aussagen&nbsp;von Federico Steinhaus gegen\u00fcber der Neuen S\u00fcdtiroler Tageszeitung sind der Beleg daf\u00fcr: In S\u00fcdtirol wabert ein gr\u00e4sslicher Antisemitismus. Versteckt wird er hinter einer plumpen Israel-Kritik, direkt aus der Polit-Schule der islamistischen Hamas. [&hellip;]<\/p>","protected":false},"author":14,"featured_media":0,"comment_status":"open","ping_status":"open","sticky":false,"template":"","format":"standard","meta":{"_crdt_document":"","ngg_post_thumbnail":0,"_jetpack_memberships_contains_paid_content":false,"footnotes":""},"categories":[14],"tags":[],"class_list":["post-71429","post","type-post","status-publish","format-standard","hentry","category-autorinnen","issue-coronapandemie","issue-medienkritik","location-israel","location-palastina","location-sudtirolo","location-usa","language-deutsch","medium-taz","person-angela-merkel","topic-antisemitismus","topic-faschismen","topic-geschichte","topic-medien","topic-migraziun","topic-racism","topic-religiun"],"jetpack_featured_media_url":"","jetpack_sharing_enabled":true,"_links":{"self":[{"href":"https:\/\/www.brennerbasisdemokratie.eu\/index.php?rest_route=\/wp\/v2\/posts\/71429","targetHints":{"allow":["GET"]}}],"collection":[{"href":"https:\/\/www.brennerbasisdemokratie.eu\/index.php?rest_route=\/wp\/v2\/posts"}],"about":[{"href":"https:\/\/www.brennerbasisdemokratie.eu\/index.php?rest_route=\/wp\/v2\/types\/post"}],"author":[{"embeddable":true,"href":"https:\/\/www.brennerbasisdemokratie.eu\/index.php?rest_route=\/wp\/v2\/users\/14"}],"replies":[{"embeddable":true,"href":"https:\/\/www.brennerbasisdemokratie.eu\/index.php?rest_route=%2Fwp%2Fv2%2Fcomments&post=71429"}],"version-history":[{"count":13,"href":"https:\/\/www.brennerbasisdemokratie.eu\/index.php?rest_route=\/wp\/v2\/posts\/71429\/revisions"}],"predecessor-version":[{"id":85951,"href":"https:\/\/www.brennerbasisdemokratie.eu\/index.php?rest_route=\/wp\/v2\/posts\/71429\/revisions\/85951"}],"wp:attachment":[{"href":"https:\/\/www.brennerbasisdemokratie.eu\/index.php?rest_route=%2Fwp%2Fv2%2Fmedia&parent=71429"}],"wp:term":[{"taxonomy":"category","embeddable":true,"href":"https:\/\/www.brennerbasisdemokratie.eu\/index.php?rest_route=%2Fwp%2Fv2%2Fcategories&post=71429"},{"taxonomy":"post_tag","embeddable":true,"href":"https:\/\/www.brennerbasisdemokratie.eu\/index.php?rest_route=%2Fwp%2Fv2%2Ftags&post=71429"}],"curies":[{"name":"wp","href":"https:\/\/api.w.org\/{rel}","templated":true}]}}