{"id":7144,"date":"2011-02-19T14:57:56","date_gmt":"2011-02-19T13:57:56","guid":{"rendered":"http:\/\/www.brennerbasisdemokratie.eu\/?p=7144"},"modified":"2021-01-28T13:59:01","modified_gmt":"2021-01-28T12:59:01","slug":"faschistengrus-in-sudtirol-%c2%bbout%c2%ab","status":"publish","type":"post","link":"https:\/\/www.brennerbasisdemokratie.eu\/?p=7144","title":{"rendered":"Faschistengru\u00df ist \u00bbout\u00ab."},"content":{"rendered":"<p>Das Zeigen des \u00bbr\u00f6mischen Gru\u00dfes\u00ab \u2014 in abgewandelter Form auch als Hitlergru\u00df bekannt \u2014 gilt in Italien bis dato als Kavaliersdelikt. Wiederholt zeigten Spitzensportler (Lazio-Spieler Paolo Di Canio, Nationalspieler Gianluigi Buffon&#8230;) die Geste \u00f6ffentlich, die Wahl Gianni Alemannos zum r\u00f6mischen B\u00fcrgermeister wurde mit ausgestrecktem Arm gefeiert. Unterst\u00fctzer Berlusconis zeigten den Faschistengru\u00df, w\u00e4hrend sie ihrem Idol mit Duce-Rufen einheizten und Ministerin Brambilla konnte sich den r\u00f6mischen Gru\u00df selbst <a title=\"Spiegel: Berlusconis Tourismusministerin...\" href=\"http:\/\/www.spiegel.de\/politik\/ausland\/0,1518,631005,00.html\" target=\"_blank\" rel=\"noopener\">w\u00e4hrend einer Amtshandlung<\/a> nicht verkneifen.<br \/>\nAuch in S\u00fcdtirol war die Geste in einschl\u00e4gigen Kreisen stets gern gesehen, als etwa Siege der italienischen Nationalelf gefeiert wurden oder um Kundgebungen der Sch\u00fctzen zu begr\u00fc\u00dfen.<\/p>\n<p>Als Antifaschist ist es mir eine besondere Genugtuung, dass letzte Woche gerade in S\u00fcdtirol zwei M\u00e4nner erstmals hohe Strafen zahlen mussten, um einem Prozess wegen Versto\u00df gegen das Scelba-Gesetz <a title=\"Dux in fundo.\" href=\"http:\/\/www.brennerbasisdemokratie.eu\/?p=233\" target=\"_self\" rel=\"noopener\"><code>01<\/code><\/a> zu entgehen. Zwei weitere (darunter Andrea Bonazza, Leitfigur des Neofaschismus im Lande) werden sich vor Gericht verantworten m\u00fcssen, weil sie dem Vergleich nicht zustimmten \u2014 sie sind sich keiner Schuld bewusst. Dass S\u00fcdtirol jetzt \u2014 zumindest in Italien \u2014 eine Vorreiterrolle einnimmt, ist wohl nicht zuletzt auf den breiten gesellschaftlichen Konsens zur\u00fcckzuf\u00fchren, den die \u00c4chtung neofaschistischer Bet\u00e4tigung genie\u00dft. Bislang hinken staatliche Institutionen dem Wunsch der Bev\u00f6lkerung hinterher.<\/p>\n<p>In Hinblick auf den \u00bbMarsch auf Bozen\u00ab, den die faschistische <em>CasaPound<\/em> am 5. M\u00e4rz plant, ist dieser Pr\u00e4zedenzfall von besonderer symbolischer Bedeutung: Erstmals macht die Justiz deutlich, dass sie \u00dcbertretungen in diesem Bereich nicht mehr grunds\u00e4tzlich mit Laschheit begegnet. Es war hoffentlich keine Eintagsfliege.<\/p>\n<p><strong><span style=\"font-family: Helvetica, Arial, sans-serif; text-transform: uppercase;\">C\u00ebla enghe:<\/span><\/strong> <a title=\"Stol: CasaPound-Chef vor dem Kadi.\" href=\"http:\/\/www.stol.it\/Artikel\/Chronik-im-Ueberblick\/Lokal\/CasaPound-Chef-vor-Kadi\/%28language%29\/ger-DE\" target=\"_blank\" rel=\"noopener\"><code>01<\/code><\/a><\/p>","protected":false},"excerpt":{"rendered":"<p>Das Zeigen des \u00bbr\u00f6mischen Gru\u00dfes\u00ab \u2014 in abgewandelter Form auch als Hitlergru\u00df bekannt \u2014 gilt in Italien bis dato als Kavaliersdelikt. Wiederholt zeigten Spitzensportler (Lazio-Spieler Paolo Di Canio, Nationalspieler Gianluigi Buffon&#8230;) die Geste \u00f6ffentlich, die Wahl Gianni Alemannos zum r\u00f6mischen B\u00fcrgermeister wurde mit ausgestrecktem Arm gefeiert. Unterst\u00fctzer Berlusconis zeigten den Faschistengru\u00df, w\u00e4hrend sie ihrem Idol [&hellip;]<\/p>","protected":false},"author":1,"featured_media":0,"comment_status":"open","ping_status":"open","sticky":false,"template":"","format":"standard","meta":{"ngg_post_thumbnail":0,"_jetpack_newsletter_access":"","_jetpack_dont_email_post_to_subs":false,"_jetpack_newsletter_tier_id":0,"_jetpack_memberships_contains_paywalled_content":false,"_jetpack_memberships_contains_paid_content":false,"footnotes":""},"categories":[1],"tags":[],"class_list":["post-7144","post","type-post","status-publish","format-standard","hentry","category-allgemein","entity-cpi","issue-geschichtsaufarbeitung","issue-good-news","location-sudtirolo","language-deutsch","person-andrea-bonazza","topic-faschismen","topic-recht","topic-symbolik"],"yoast_head":"<!-- This site is optimized with the Yoast SEO plugin v28.3 - https:\/\/yoast.com\/product\/yoast-seo-wordpress\/ -->\n<title>Faschistengru\u00df ist \u00bbout\u00ab. - BBD<\/title>\n<meta name=\"robots\" content=\"index, follow, max-snippet:-1, max-image-preview:large, max-video-preview:-1\" \/>\n<link rel=\"canonical\" href=\"https:\/\/www.brennerbasisdemokratie.eu\/?p=7144\" \/>\n<meta property=\"og:locale\" content=\"en_GB\" \/>\n<meta property=\"og:type\" content=\"article\" \/>\n<meta property=\"og:title\" content=\"Faschistengru\u00df ist \u00bbout\u00ab. - BBD\" \/>\n<meta property=\"og:description\" content=\"Das Zeigen des \u00bbr\u00f6mischen Gru\u00dfes\u00ab \u2014 in abgewandelter Form auch als Hitlergru\u00df bekannt \u2014 gilt in Italien bis dato als Kavaliersdelikt. Wiederholt zeigten Spitzensportler (Lazio-Spieler Paolo Di Canio, Nationalspieler Gianluigi Buffon&#8230;) die Geste \u00f6ffentlich, die Wahl Gianni Alemannos zum r\u00f6mischen B\u00fcrgermeister wurde mit ausgestrecktem Arm gefeiert. Unterst\u00fctzer Berlusconis zeigten den Faschistengru\u00df, w\u00e4hrend sie ihrem Idol [&hellip;]\" \/>\n<meta property=\"og:url\" content=\"https:\/\/www.brennerbasisdemokratie.eu\/?p=7144\" \/>\n<meta property=\"og:site_name\" content=\"BBD\" \/>\n<meta property=\"article:publisher\" content=\"https:\/\/www.facebook.com\/Brennerbasisdemokratie\/\" \/>\n<meta property=\"article:published_time\" content=\"2011-02-19T13:57:56+00:00\" \/>\n<meta property=\"article:modified_time\" content=\"2021-01-28T12:59:01+00:00\" \/>\n<meta property=\"og:image\" content=\"https:\/\/www.brennerbasisdemokratie.eu\/wp-content\/uploads\/2026\/08\/bbd-defaultimage.png\" \/>\n\t<meta property=\"og:image:width\" content=\"1200\" \/>\n\t<meta property=\"og:image:height\" content=\"630\" \/>\n\t<meta property=\"og:image:type\" content=\"image\/png\" \/>\n<meta name=\"author\" content=\"Simon Constantini\" \/>\n<meta name=\"twitter:card\" content=\"summary_large_image\" \/>\n<meta name=\"twitter:creator\" content=\"@31bbd\" \/>\n<meta name=\"twitter:site\" content=\"@31bbd\" \/>\n<meta name=\"twitter:label1\" content=\"Written by\" \/>\n\t<meta name=\"twitter:data1\" content=\"Simon Constantini\" \/>\n\t<meta name=\"twitter:label2\" content=\"Estimated reading time\" \/>\n\t<meta name=\"twitter:data2\" content=\"1 minute\" \/>\n<script type=\"application\/ld+json\" class=\"yoast-schema-graph\">{\"@context\":\"https:\\\/\\\/schema.org\",\"@graph\":[{\"@type\":\"Article\",\"@id\":\"https:\\\/\\\/www.brennerbasisdemokratie.eu\\\/?p=7144#article\",\"isPartOf\":{\"@id\":\"https:\\\/\\\/www.brennerbasisdemokratie.eu\\\/?p=7144\"},\"author\":{\"name\":\"Simon Constantini\",\"@id\":\"https:\\\/\\\/www.brennerbasisdemokratie.eu\\\/#\\\/schema\\\/person\\\/d02c4d1a3c6c3b2c70d7c7f27eb857ec\"},\"headline\":\"Faschistengru\u00df ist \u00bbout\u00ab.\",\"datePublished\":\"2011-02-19T13:57:56+00:00\",\"dateModified\":\"2021-01-28T12:59:01+00:00\",\"mainEntityOfPage\":{\"@id\":\"https:\\\/\\\/www.brennerbasisdemokratie.eu\\\/?p=7144\"},\"wordCount\":262,\"commentCount\":0,\"publisher\":{\"@id\":\"https:\\\/\\\/www.brennerbasisdemokratie.eu\\\/#organization\"},\"articleSection\":[\"BBD\"],\"inLanguage\":\"en-GB\",\"potentialAction\":[{\"@type\":\"CommentAction\",\"name\":\"Comment\",\"target\":[\"https:\\\/\\\/www.brennerbasisdemokratie.eu\\\/?p=7144#respond\"]}]},{\"@type\":\"WebPage\",\"@id\":\"https:\\\/\\\/www.brennerbasisdemokratie.eu\\\/?p=7144\",\"url\":\"https:\\\/\\\/www.brennerbasisdemokratie.eu\\\/?p=7144\",\"name\":\"Faschistengru\u00df ist \u00bbout\u00ab. - BBD\",\"isPartOf\":{\"@id\":\"https:\\\/\\\/www.brennerbasisdemokratie.eu\\\/#website\"},\"datePublished\":\"2011-02-19T13:57:56+00:00\",\"dateModified\":\"2021-01-28T12:59:01+00:00\",\"breadcrumb\":{\"@id\":\"https:\\\/\\\/www.brennerbasisdemokratie.eu\\\/?p=7144#breadcrumb\"},\"inLanguage\":\"en-GB\",\"potentialAction\":[{\"@type\":\"ReadAction\",\"target\":[\"https:\\\/\\\/www.brennerbasisdemokratie.eu\\\/?p=7144\"]}]},{\"@type\":\"BreadcrumbList\",\"@id\":\"https:\\\/\\\/www.brennerbasisdemokratie.eu\\\/?p=7144#breadcrumb\",\"itemListElement\":[{\"@type\":\"ListItem\",\"position\":1,\"name\":\"Home\",\"item\":\"https:\\\/\\\/www.brennerbasisdemokratie.eu\\\/\"},{\"@type\":\"ListItem\",\"position\":2,\"name\":\"Faschistengru\u00df ist \u00bbout\u00ab.\"}]},{\"@type\":\"WebSite\",\"@id\":\"https:\\\/\\\/www.brennerbasisdemokratie.eu\\\/#website\",\"url\":\"https:\\\/\\\/www.brennerbasisdemokratie.eu\\\/\",\"name\":\"Brennerbasisdemokratie\",\"description\":\"linksgr\u00fcnversiffter Separatismus\",\"publisher\":{\"@id\":\"https:\\\/\\\/www.brennerbasisdemokratie.eu\\\/#organization\"},\"alternateName\":\"BBD\",\"potentialAction\":[{\"@type\":\"SearchAction\",\"target\":{\"@type\":\"EntryPoint\",\"urlTemplate\":\"https:\\\/\\\/www.brennerbasisdemokratie.eu\\\/?s={search_term_string}\"},\"query-input\":{\"@type\":\"PropertyValueSpecification\",\"valueRequired\":true,\"valueName\":\"search_term_string\"}}],\"inLanguage\":\"en-GB\"},{\"@type\":\"Organization\",\"@id\":\"https:\\\/\\\/www.brennerbasisdemokratie.eu\\\/#organization\",\"name\":\"BBD\",\"url\":\"https:\\\/\\\/www.brennerbasisdemokratie.eu\\\/\",\"logo\":{\"@type\":\"ImageObject\",\"inLanguage\":\"en-GB\",\"@id\":\"https:\\\/\\\/www.brennerbasisdemokratie.eu\\\/#\\\/schema\\\/logo\\\/image\\\/\",\"url\":\"\",\"contentUrl\":\"\",\"caption\":\"BBD\"},\"image\":{\"@id\":\"https:\\\/\\\/www.brennerbasisdemokratie.eu\\\/#\\\/schema\\\/logo\\\/image\\\/\"},\"sameAs\":[\"https:\\\/\\\/www.facebook.com\\\/Brennerbasisdemokratie\\\/\",\"https:\\\/\\\/x.com\\\/31bbd\",\"https:\\\/\\\/bsky.app\\\/profile\\\/31bbd.bsky.social\",\"https:\\\/\\\/tyrol.social\\\/@bbd\"]},{\"@type\":\"Person\",\"@id\":\"https:\\\/\\\/www.brennerbasisdemokratie.eu\\\/#\\\/schema\\\/person\\\/d02c4d1a3c6c3b2c70d7c7f27eb857ec\",\"name\":\"Simon Constantini\",\"image\":{\"@type\":\"ImageObject\",\"inLanguage\":\"en-GB\",\"@id\":\"https:\\\/\\\/secure.gravatar.com\\\/avatar\\\/48c8e5a626e54792d47a47aaa2dfe3ad32a7e03bd56f76114a8ecaae23e227ff?s=96&d=identicon&r=r\",\"url\":\"https:\\\/\\\/secure.gravatar.com\\\/avatar\\\/48c8e5a626e54792d47a47aaa2dfe3ad32a7e03bd56f76114a8ecaae23e227ff?s=96&d=identicon&r=r\",\"contentUrl\":\"https:\\\/\\\/secure.gravatar.com\\\/avatar\\\/48c8e5a626e54792d47a47aaa2dfe3ad32a7e03bd56f76114a8ecaae23e227ff?s=96&d=identicon&r=r\",\"caption\":\"Simon Constantini\"},\"sameAs\":[\"http:\\\/\\\/www.brennerbasisdemokratie.eu\\\/?author=1\"],\"url\":\"https:\\\/\\\/www.brennerbasisdemokratie.eu\\\/?author=1\"}]}<\/script>\n<!-- \/ Yoast SEO plugin. -->","yoast_head_json":{"title":"Faschistengru\u00df ist \u00bbout\u00ab. - BBD","robots":{"index":"index","follow":"follow","max-snippet":"max-snippet:-1","max-image-preview":"max-image-preview:large","max-video-preview":"max-video-preview:-1"},"canonical":"https:\/\/www.brennerbasisdemokratie.eu\/?p=7144","og_locale":"en_GB","og_type":"article","og_title":"Faschistengru\u00df ist \u00bbout\u00ab. - BBD","og_description":"Das Zeigen des \u00bbr\u00f6mischen Gru\u00dfes\u00ab \u2014 in abgewandelter Form auch als Hitlergru\u00df bekannt \u2014 gilt in Italien bis dato als Kavaliersdelikt. Wiederholt zeigten Spitzensportler (Lazio-Spieler Paolo Di Canio, Nationalspieler Gianluigi Buffon&#8230;) die Geste \u00f6ffentlich, die Wahl Gianni Alemannos zum r\u00f6mischen B\u00fcrgermeister wurde mit ausgestrecktem Arm gefeiert. Unterst\u00fctzer Berlusconis zeigten den Faschistengru\u00df, w\u00e4hrend sie ihrem Idol [&hellip;]","og_url":"https:\/\/www.brennerbasisdemokratie.eu\/?p=7144","og_site_name":"BBD","article_publisher":"https:\/\/www.facebook.com\/Brennerbasisdemokratie\/","article_published_time":"2011-02-19T13:57:56+00:00","article_modified_time":"2021-01-28T12:59:01+00:00","og_image":[{"width":1200,"height":630,"url":"https:\/\/www.brennerbasisdemokratie.eu\/wp-content\/uploads\/2026\/08\/bbd-defaultimage.png","type":"image\/png"}],"author":"Simon Constantini","twitter_card":"summary_large_image","twitter_creator":"@31bbd","twitter_site":"@31bbd","twitter_misc":{"Written by":"Simon Constantini","Estimated reading time":"1 minute"},"schema":{"@context":"https:\/\/schema.org","@graph":[{"@type":"Article","@id":"https:\/\/www.brennerbasisdemokratie.eu\/?p=7144#article","isPartOf":{"@id":"https:\/\/www.brennerbasisdemokratie.eu\/?p=7144"},"author":{"name":"Simon Constantini","@id":"https:\/\/www.brennerbasisdemokratie.eu\/#\/schema\/person\/d02c4d1a3c6c3b2c70d7c7f27eb857ec"},"headline":"Faschistengru\u00df ist \u00bbout\u00ab.","datePublished":"2011-02-19T13:57:56+00:00","dateModified":"2021-01-28T12:59:01+00:00","mainEntityOfPage":{"@id":"https:\/\/www.brennerbasisdemokratie.eu\/?p=7144"},"wordCount":262,"commentCount":0,"publisher":{"@id":"https:\/\/www.brennerbasisdemokratie.eu\/#organization"},"articleSection":["BBD"],"inLanguage":"en-GB","potentialAction":[{"@type":"CommentAction","name":"Comment","target":["https:\/\/www.brennerbasisdemokratie.eu\/?p=7144#respond"]}]},{"@type":"WebPage","@id":"https:\/\/www.brennerbasisdemokratie.eu\/?p=7144","url":"https:\/\/www.brennerbasisdemokratie.eu\/?p=7144","name":"Faschistengru\u00df ist \u00bbout\u00ab. - BBD","isPartOf":{"@id":"https:\/\/www.brennerbasisdemokratie.eu\/#website"},"datePublished":"2011-02-19T13:57:56+00:00","dateModified":"2021-01-28T12:59:01+00:00","breadcrumb":{"@id":"https:\/\/www.brennerbasisdemokratie.eu\/?p=7144#breadcrumb"},"inLanguage":"en-GB","potentialAction":[{"@type":"ReadAction","target":["https:\/\/www.brennerbasisdemokratie.eu\/?p=7144"]}]},{"@type":"BreadcrumbList","@id":"https:\/\/www.brennerbasisdemokratie.eu\/?p=7144#breadcrumb","itemListElement":[{"@type":"ListItem","position":1,"name":"Home","item":"https:\/\/www.brennerbasisdemokratie.eu\/"},{"@type":"ListItem","position":2,"name":"Faschistengru\u00df ist \u00bbout\u00ab."}]},{"@type":"WebSite","@id":"https:\/\/www.brennerbasisdemokratie.eu\/#website","url":"https:\/\/www.brennerbasisdemokratie.eu\/","name":"Brennerbasisdemokratie","description":"linksgr\u00fcnversiffter Separatismus","publisher":{"@id":"https:\/\/www.brennerbasisdemokratie.eu\/#organization"},"alternateName":"BBD","potentialAction":[{"@type":"SearchAction","target":{"@type":"EntryPoint","urlTemplate":"https:\/\/www.brennerbasisdemokratie.eu\/?s={search_term_string}"},"query-input":{"@type":"PropertyValueSpecification","valueRequired":true,"valueName":"search_term_string"}}],"inLanguage":"en-GB"},{"@type":"Organization","@id":"https:\/\/www.brennerbasisdemokratie.eu\/#organization","name":"BBD","url":"https:\/\/www.brennerbasisdemokratie.eu\/","logo":{"@type":"ImageObject","inLanguage":"en-GB","@id":"https:\/\/www.brennerbasisdemokratie.eu\/#\/schema\/logo\/image\/","url":"","contentUrl":"","caption":"BBD"},"image":{"@id":"https:\/\/www.brennerbasisdemokratie.eu\/#\/schema\/logo\/image\/"},"sameAs":["https:\/\/www.facebook.com\/Brennerbasisdemokratie\/","https:\/\/x.com\/31bbd","https:\/\/bsky.app\/profile\/31bbd.bsky.social","https:\/\/tyrol.social\/@bbd"]},{"@type":"Person","@id":"https:\/\/www.brennerbasisdemokratie.eu\/#\/schema\/person\/d02c4d1a3c6c3b2c70d7c7f27eb857ec","name":"Simon Constantini","image":{"@type":"ImageObject","inLanguage":"en-GB","@id":"https:\/\/secure.gravatar.com\/avatar\/48c8e5a626e54792d47a47aaa2dfe3ad32a7e03bd56f76114a8ecaae23e227ff?s=96&d=identicon&r=r","url":"https:\/\/secure.gravatar.com\/avatar\/48c8e5a626e54792d47a47aaa2dfe3ad32a7e03bd56f76114a8ecaae23e227ff?s=96&d=identicon&r=r","contentUrl":"https:\/\/secure.gravatar.com\/avatar\/48c8e5a626e54792d47a47aaa2dfe3ad32a7e03bd56f76114a8ecaae23e227ff?s=96&d=identicon&r=r","caption":"Simon Constantini"},"sameAs":["http:\/\/www.brennerbasisdemokratie.eu\/?author=1"],"url":"https:\/\/www.brennerbasisdemokratie.eu\/?author=1"}]}},"jetpack_sharing_enabled":true,"jetpack_featured_media_url":"","_links":{"self":[{"href":"https:\/\/www.brennerbasisdemokratie.eu\/index.php?rest_route=\/wp\/v2\/posts\/7144","targetHints":{"allow":["GET"]}}],"collection":[{"href":"https:\/\/www.brennerbasisdemokratie.eu\/index.php?rest_route=\/wp\/v2\/posts"}],"about":[{"href":"https:\/\/www.brennerbasisdemokratie.eu\/index.php?rest_route=\/wp\/v2\/types\/post"}],"author":[{"embeddable":true,"href":"https:\/\/www.brennerbasisdemokratie.eu\/index.php?rest_route=\/wp\/v2\/users\/1"}],"replies":[{"embeddable":true,"href":"https:\/\/www.brennerbasisdemokratie.eu\/index.php?rest_route=%2Fwp%2Fv2%2Fcomments&post=7144"}],"version-history":[{"count":15,"href":"https:\/\/www.brennerbasisdemokratie.eu\/index.php?rest_route=\/wp\/v2\/posts\/7144\/revisions"}],"predecessor-version":[{"id":63112,"href":"https:\/\/www.brennerbasisdemokratie.eu\/index.php?rest_route=\/wp\/v2\/posts\/7144\/revisions\/63112"}],"wp:attachment":[{"href":"https:\/\/www.brennerbasisdemokratie.eu\/index.php?rest_route=%2Fwp%2Fv2%2Fmedia&parent=7144"}],"wp:term":[{"taxonomy":"category","embeddable":true,"href":"https:\/\/www.brennerbasisdemokratie.eu\/index.php?rest_route=%2Fwp%2Fv2%2Fcategories&post=7144"},{"taxonomy":"post_tag","embeddable":true,"href":"https:\/\/www.brennerbasisdemokratie.eu\/index.php?rest_route=%2Fwp%2Fv2%2Ftags&post=7144"}],"curies":[{"name":"wp","href":"https:\/\/api.w.org\/{rel}","templated":true}]}}