{"id":71785,"date":"2022-04-18T10:44:32","date_gmt":"2022-04-18T08:44:32","guid":{"rendered":"https:\/\/www.brennerbasisdemokratie.eu\/?p=71785"},"modified":"2026-03-15T21:30:08","modified_gmt":"2026-03-15T20:30:08","slug":"die-renowierung-des-drususstadions","status":"publish","type":"post","link":"https:\/\/www.brennerbasisdemokratie.eu\/?p=71785","title":{"rendered":"Die \u203aRenowierung\u2039 des Drususstadions."},"content":{"rendered":"<p>Das <em>Drususstadion<\/em> in der Landeshauptstadt wurde umgebaut. Dabei blieb der von den Faschisten f\u00fcr die Sportst\u00e4tte gew\u00e4hlte Name erhalten. Er war Teil ihrer F\u00e4lschung, dass Bozen eine durch und durch r\u00f6mische \u2014 und folglich \u00bbnat\u00fcrlich\u00ab italienische \u2014 Stadt sei.<\/p>\n<p>Dass Geschichtsverf\u00e4lschungen und -verzerrungen nicht harmlos sind, wird uns gerade <a title=\"Brutaler Angriffskrieg in Europa.\" href=\"https:\/\/www.brennerbasisdemokratie.eu\/?p=71287\" rel=\"\">in der Ukraine<\/a> wieder einmal besonders eindr\u00fccklich vorgef\u00fchrt.<\/p>\n<p>Doch wie dem auch sei: Die Stadt Bozen hat nun in ihrem offiziellen <em>Youtube<\/em>-Kanal ein <a title=\"Youtube: Zeitraffer Umbau Drususstadion.\" href=\"https:\/\/www.youtube.com\/watch?v=g2WG01sOhwI&amp;amp\" target=\"_blank\" rel=\"noopener\">Video<\/a> mit einem <em>Timelapse<\/em> (zu Deutsch: Zeitraffer) der Bauarbeiten ver\u00f6ffentlicht, die \u00bb931 tage\u00ab (sic) gedauert haben.<\/p>\n<blockquote><p><img loading=\"lazy\" decoding=\"async\" class=\"aligncenter size-full wp-image-71786\" src=\"https:\/\/www.brennerbasisdemokratie.eu\/wp-content\/uploads\/2022\/04\/drususstadion_video-titel.png\" alt=\"\" width=\"950\" height=\"417\" srcset=\"https:\/\/www.brennerbasisdemokratie.eu\/wp-content\/uploads\/2022\/04\/drususstadion_video-titel.png 950w, https:\/\/www.brennerbasisdemokratie.eu\/wp-content\/uploads\/2022\/04\/drususstadion_video-titel-768x337.png 768w\" sizes=\"auto, (max-width: 950px) 100vw, 950px\" \/><\/p><\/blockquote>\n<p><small><em>Ausschnitt aus dem Video \u2013 Hervorhebungen von mir<br \/>\n<\/em><\/small><\/p>\n<p>In dem Video, das auch das Logo des Landes ziert, ist die italienische Sprache nicht nur konsequent erstgereiht, sondern auch grafisch hervorgehoben. Doch das ist nicht alles.<\/p>\n<p>Von Anfang an wird der Umbau als \u00bbRenovierung\u00ab bezeichnet.<\/p>\n<blockquote><p><img loading=\"lazy\" decoding=\"async\" class=\"aligncenter size-full wp-image-71787\" src=\"https:\/\/www.brennerbasisdemokratie.eu\/wp-content\/uploads\/2022\/04\/drususstadion_video-leuchttuerme.png\" alt=\"\" width=\"950\" height=\"418\" srcset=\"https:\/\/www.brennerbasisdemokratie.eu\/wp-content\/uploads\/2022\/04\/drususstadion_video-leuchttuerme.png 950w, https:\/\/www.brennerbasisdemokratie.eu\/wp-content\/uploads\/2022\/04\/drususstadion_video-leuchttuerme-768x338.png 768w\" sizes=\"auto, (max-width: 950px) 100vw, 950px\" \/><\/p><\/blockquote>\n<p><small><em>Ausschnitt aus dem Video \u2013 Hervorhebung von mir<br \/>\n<\/em><\/small><\/p>\n<p>Dann wird angeblich eine \u00bbErneuerung von Leuchtt\u00fcrmen\u00ab (zu Deutsch: Flutlichtanlage) gezeigt. Ein Leuchtturm ist laut <em>Duden<\/em>-Definition:<\/p>\n<blockquote><p>Turm (an oder vor einer K\u00fcste) mit einem starken Leuchtfeuer<\/p>\n<p><em><small>\u2013 <a title=\"Duden: Leuchtturm.\" href=\"https:\/\/www.duden.de\/rechtschreibung\/Leuchtturm\" target=\"_blank\" rel=\"noopener\">Duden<\/a><\/small><\/em><\/p><\/blockquote>\n<blockquote><p><img loading=\"lazy\" decoding=\"async\" class=\"aligncenter size-full wp-image-71788\" src=\"https:\/\/www.brennerbasisdemokratie.eu\/wp-content\/uploads\/2022\/04\/drususstadion_video-renovierung1.png\" alt=\"\" width=\"950\" height=\"417\" srcset=\"https:\/\/www.brennerbasisdemokratie.eu\/wp-content\/uploads\/2022\/04\/drususstadion_video-renovierung1.png 950w, https:\/\/www.brennerbasisdemokratie.eu\/wp-content\/uploads\/2022\/04\/drususstadion_video-renovierung1-768x337.png 768w\" sizes=\"auto, (max-width: 950px) 100vw, 950px\" \/><\/p><\/blockquote>\n<blockquote><p><img loading=\"lazy\" decoding=\"async\" class=\"aligncenter size-full wp-image-71789\" src=\"https:\/\/www.brennerbasisdemokratie.eu\/wp-content\/uploads\/2022\/04\/drususstadion_video-renovierung2.png\" alt=\"\" width=\"950\" height=\"417\" srcset=\"https:\/\/www.brennerbasisdemokratie.eu\/wp-content\/uploads\/2022\/04\/drususstadion_video-renovierung2.png 950w, https:\/\/www.brennerbasisdemokratie.eu\/wp-content\/uploads\/2022\/04\/drususstadion_video-renovierung2-768x337.png 768w\" sizes=\"auto, (max-width: 950px) 100vw, 950px\" \/><\/p><\/blockquote>\n<p><small><em>Ausschnitte aus dem Video \u2013 Hervorhebungen von mir<br \/>\n<\/em><\/small><\/p>\n<p>Die eingangs erw\u00e4hnte \u00bbRenovierung\u00ab, die ein Umbau ist, wird im Videoverlauf zur \u00bbRenowierung\u00ab. Im Grunde sind die meisten Einblendungen fehlerhaft.<\/p>\n<blockquote><p><img loading=\"lazy\" decoding=\"async\" class=\"aligncenter size-full wp-image-71790\" src=\"https:\/\/www.brennerbasisdemokratie.eu\/wp-content\/uploads\/2022\/04\/drususstadion_video-schluss.png\" alt=\"\" width=\"950\" height=\"418\" srcset=\"https:\/\/www.brennerbasisdemokratie.eu\/wp-content\/uploads\/2022\/04\/drususstadion_video-schluss.png 950w, https:\/\/www.brennerbasisdemokratie.eu\/wp-content\/uploads\/2022\/04\/drususstadion_video-schluss-768x338.png 768w\" sizes=\"auto, (max-width: 950px) 100vw, 950px\" \/><\/p><\/blockquote>\n<p><small><em>Ausschnitt aus dem Video (das Planungsb\u00fcro<\/em> Von Gerkan-Marg-Partners<em> wird interessanterweise nicht erw\u00e4hnt) \u2013 Hervorhebungen von mir<br \/>\n<\/em><\/small><\/p>\n<p>Die Landeshauptstadt, die sich immer wieder so gern als <em>capitale del plurilinguismo<\/em> aufspielt, zeigt wie so oft, welchen Stellenwert sie der deutschen Sprache beimisst. Zweitgereiht, grafisch untergeordnet und vor allem: bar jeglicher Sorgfalt.<\/p>\n<p>Sowas passiert nicht einfach, das hat System.<\/p>\n<p><strong><span style=\"font-family: Helvetica, Arial, sans-serif; text-transform: uppercase;\">C\u00ebla enghe:<\/span><\/strong> <a title=\"Auch die STA marginalisiert die deutsche Sprache.\" href=\"https:\/\/www.brennerbasisdemokratie.eu\/?p=52789\" rel=\"\"><code>01<\/code><\/a> <a title=\"Bozner Stadtviertelr\u00e4te: Deutsch inexistent.\" href=\"https:\/\/www.brennerbasisdemokratie.eu\/?p=64791\" rel=\"\"><code>02<\/code><\/a> <a title=\"Benvenuti beim FC S\u00fcdtirol.\" href=\"https:\/\/www.brennerbasisdemokratie.eu\/?p=50360\" rel=\"\"><code>03<\/code><\/a> <a title=\"Tag+Nacht: FC S\u00fcdtirol und Sprache.\" href=\"https:\/\/www.brennerbasisdemokratie.eu\/?p=54754\" rel=\"\"><code>04<\/code><\/a> <a title=\"Pfusch am Bau.\" href=\"https:\/\/www.brennerbasisdemokratie.eu\/?p=67338\"><code>05<\/code><\/a> <span style=\"font-family: Helvetica, Arial, sans-serif; font-weight: normal;\">||<\/span> <a title=\"Die Gemeinde Bozen italianisiert den FCS.\" href=\"https:\/\/www.brennerbasisdemokratie.eu\/?p=82149\"><span style=\"color: #ff8c00\"><code>01<\/code><\/span><\/a> <a title=\"Bozner Zweisprachigkeit.\" href=\"https:\/\/www.brennerbasisdemokratie.eu\/?p=85838\"><span style=\"color: #ff8c00\"><code>02<\/code><\/span><\/a> <a title=\"Minorisierte Sprachen und Fu\u00dfball.\" href=\"https:\/\/www.brennerbasisdemokratie.eu\/?p=98464\"><span style=\"color: #ff8c00\"><code>03<\/code><\/span><\/a><\/p>","protected":false},"excerpt":{"rendered":"<p>Das Drususstadion in der Landeshauptstadt wurde umgebaut. Dabei blieb der von den Faschisten f\u00fcr die Sportst\u00e4tte gew\u00e4hlte Name erhalten. Er war Teil ihrer F\u00e4lschung, dass Bozen eine durch und durch r\u00f6mische \u2014 und folglich \u00bbnat\u00fcrlich\u00ab italienische \u2014 Stadt sei. Dass Geschichtsverf\u00e4lschungen und -verzerrungen nicht harmlos sind, wird uns gerade in der Ukraine wieder einmal besonders [&hellip;]<\/p>","protected":false},"author":1,"featured_media":0,"comment_status":"open","ping_status":"open","sticky":false,"template":"","format":"standard","meta":{"_crdt_document":"","ngg_post_thumbnail":0,"_jetpack_memberships_contains_paid_content":false,"footnotes":""},"categories":[1],"tags":[],"class_list":["post-71785","post","type-post","status-publish","format-standard","hentry","category-allgemein","entity-gemeinde-bozen","entity-land-sudtirol","issue-faschistische-relikte","issue-italianizzazione","location-sudtirolo","language-deutsch","topic-arch","topic-minorisaziun","topic-sport","topic-sprachpfusch"],"jetpack_featured_media_url":"","jetpack_sharing_enabled":true,"_links":{"self":[{"href":"https:\/\/www.brennerbasisdemokratie.eu\/index.php?rest_route=\/wp\/v2\/posts\/71785","targetHints":{"allow":["GET"]}}],"collection":[{"href":"https:\/\/www.brennerbasisdemokratie.eu\/index.php?rest_route=\/wp\/v2\/posts"}],"about":[{"href":"https:\/\/www.brennerbasisdemokratie.eu\/index.php?rest_route=\/wp\/v2\/types\/post"}],"author":[{"embeddable":true,"href":"https:\/\/www.brennerbasisdemokratie.eu\/index.php?rest_route=\/wp\/v2\/users\/1"}],"replies":[{"embeddable":true,"href":"https:\/\/www.brennerbasisdemokratie.eu\/index.php?rest_route=%2Fwp%2Fv2%2Fcomments&post=71785"}],"version-history":[{"count":14,"href":"https:\/\/www.brennerbasisdemokratie.eu\/index.php?rest_route=\/wp\/v2\/posts\/71785\/revisions"}],"predecessor-version":[{"id":98481,"href":"https:\/\/www.brennerbasisdemokratie.eu\/index.php?rest_route=\/wp\/v2\/posts\/71785\/revisions\/98481"}],"wp:attachment":[{"href":"https:\/\/www.brennerbasisdemokratie.eu\/index.php?rest_route=%2Fwp%2Fv2%2Fmedia&parent=71785"}],"wp:term":[{"taxonomy":"category","embeddable":true,"href":"https:\/\/www.brennerbasisdemokratie.eu\/index.php?rest_route=%2Fwp%2Fv2%2Fcategories&post=71785"},{"taxonomy":"post_tag","embeddable":true,"href":"https:\/\/www.brennerbasisdemokratie.eu\/index.php?rest_route=%2Fwp%2Fv2%2Ftags&post=71785"}],"curies":[{"name":"wp","href":"https:\/\/api.w.org\/{rel}","templated":true}]}}