{"id":71854,"date":"2022-04-24T10:01:24","date_gmt":"2022-04-24T08:01:24","guid":{"rendered":"https:\/\/www.brennerbasisdemokratie.eu\/?p=71854"},"modified":"2026-02-03T12:14:23","modified_gmt":"2026-02-03T11:14:23","slug":"abfallbewirtschaftung-rom-entscheidet","status":"publish","type":"post","link":"https:\/\/www.brennerbasisdemokratie.eu\/?p=71854","title":{"rendered":"Abfallbewirtschaftung: Rom entscheidet."},"content":{"rendered":"<p>Das bew\u00e4hrte S\u00fcdtiroler System der Abfallbewirtschaftung muss binnen f\u00fcnf Jahren grundlegend umgebaut werden. Dies <a title=\"Rai S\u00fcdtirol: S\u00fcdtirol: M\u00fcllsammelsystem wird umgebaut.\" href=\"https:\/\/www.rainews.it\/tgr\/tagesschau\/articoli\/2022\/04\/tag-Suedtirol-Muellsammelsystem-muss-umgebaut-werden-f9491203-f919-4414-9631-4783b0444f50.html\" target=\"_blank\" rel=\"noopener\">berichtet<\/a> <em>Rai S\u00fcdtirol.<\/em> Grund sei demnach eine neue Richtlinie aus Rom, die unter anderem eine Zentralisierung der Zust\u00e4ndigkeiten beim Land vorschreibt \u2014 w\u00e4hrend heute Gemeinden, Bezirksgemeinschaften und Land kooperieren und unterschiedliche Aufgaben wahrnehmen.<\/p>\n<p>Der Pr\u00e4sident des Gemeindenverbands, Andreas Schatzer (<abbr title=\"S\u00fcdtiroler Volkspartei\">SVP<\/abbr>), stellt die Frage in den Raum, ob und warum man \u00bbein funktionierendes System ver\u00e4ndern soll.\u00ab Giulio Angelucci, Direktor im <em>Amt f\u00fcr Abfallbewirtschaftung<\/em> des Landes, sieht laut <em>Rai S\u00fcdtirol<\/em> neben den Nachteilen auch die Chancen des vorgeschriebenen Umbaus, die sich aus einer besseren Nutzung von Synergien erg\u00e4ben.<\/p>\n<p>Es bleibt aber die Grundsatzfrage, warum sich ein angeblich autonomes Land vom Zentralstaat vorschreiben lassen muss, wie sein Abfallbewirtschaftungssystem auszusehen hat und welche Zust\u00e4ndigkeiten von welcher Verwaltungsebene wahrgenommen werden. Wenn es sinnvolle Synergien gibt, m\u00fcsste ein autonomes Land selbst entscheiden d\u00fcrfen, ob, in welchem Umfang und wann es sie nutzen m\u00f6chte \u2014 w\u00e4hrend hier wieder einmal von oben herab vorgeschrieben wird, was zu tun ist und in welchem Zeitraum dies umgesetzt werden muss.<\/p>\n<p>Die Abw\u00e4gung der von Angelucci genannten Vor- und Nachteile ist uns auch nicht selbst \u00fcberlassen.<\/p>\n<p>Dass S\u00fcdtirol sogar f\u00fcr die <a title=\"Bushaltestelle ist r\u00f6mische Kompetenz.\" href=\"https:\/\/www.brennerbasisdemokratie.eu\/?p=54042\" rel=\"\">Verlegung einer Bushaltestelle<\/a> in der Landeshauptstadt beim Zentralstaat nachfragen muss, war uns bereits bekannt. Jetzt haben wir \u2014 nachdem wir schon <a title=\"Vorauseilende M\u00fcllautonomie.\" href=\"https:\/\/www.brennerbasisdemokratie.eu\/?p=26468\" rel=\"\">den M\u00fcllimport aus dem Trentino<\/a> geschluckt haben \u2014 also auch noch das Abfallbewirtschaftungssystem bis hin zu den gesammelten Wertstoffen anzupassen und zu vereinheitlichen.<\/p>\n<p>So wird es immer schwieriger, einen Hauch von Autonomie vorzut\u00e4uschen.<\/p>\n<p><strong><span style=\"font-family: Helvetica, Arial, sans-serif; text-transform: uppercase;\">C\u00ebla enghe:<\/span><\/strong> <a title=\"Absurde Abfallimporte f\u00fchren zu Strafen.\" href=\"https:\/\/www.brennerbasisdemokratie.eu\/?p=67418\" rel=\"\"><code>01<\/code><\/a> <a title=\"M\u00fcll: Baur bef\u00fcrchtet \u00bbIntervention des Staates\u00ab.\" href=\"https:\/\/www.brennerbasisdemokratie.eu\/?p=30025\" rel=\"\"><code>02<\/code><\/a> <a title=\"M\u00fcllgrenze.\" href=\"https:\/\/www.brennerbasisdemokratie.eu\/?p=8803\" rel=\"\"><code>03<\/code><\/a> <span style=\"font-family: Helvetica, Arial, sans-serif; font-weight: normal;\">||<\/span> <a title=\"Rom legt Abfallgeb\u00fchren auch f\u00fcr S\u00fcdtirol fest.\" href=\"https:\/\/www.brennerbasisdemokratie.eu\/?p=78613\"><span style=\"color: #ff8c00\"><code>01<\/code><\/span><\/a><\/p>","protected":false},"excerpt":{"rendered":"<p>Das bew\u00e4hrte S\u00fcdtiroler System der Abfallbewirtschaftung muss binnen f\u00fcnf Jahren grundlegend umgebaut werden. Dies berichtet Rai S\u00fcdtirol. Grund sei demnach eine neue Richtlinie aus Rom, die unter anderem eine Zentralisierung der Zust\u00e4ndigkeiten beim Land vorschreibt \u2014 w\u00e4hrend heute Gemeinden, Bezirksgemeinschaften und Land kooperieren und unterschiedliche Aufgaben wahrnehmen. Der Pr\u00e4sident des Gemeindenverbands, Andreas Schatzer (SVP), stellt [&hellip;]<\/p>","protected":false},"author":1,"featured_media":0,"comment_status":"open","ping_status":"open","sticky":false,"template":"","format":"standard","meta":{"_crdt_document":"","ngg_post_thumbnail":0,"_jetpack_memberships_contains_paid_content":false,"footnotes":""},"categories":[1],"tags":[],"class_list":["post-71854","post","type-post","status-publish","format-standard","hentry","category-allgemein","entity-svp","location-italy","location-sudtirolo","language-deutsch","medium-rai","topic-autonomieverlust","topic-ecologia","topic-politik","topic-vorzeigeautonomie","topic-zentralismus","topic-zustaendigkeiten"],"jetpack_featured_media_url":"","jetpack_sharing_enabled":true,"_links":{"self":[{"href":"https:\/\/www.brennerbasisdemokratie.eu\/index.php?rest_route=\/wp\/v2\/posts\/71854","targetHints":{"allow":["GET"]}}],"collection":[{"href":"https:\/\/www.brennerbasisdemokratie.eu\/index.php?rest_route=\/wp\/v2\/posts"}],"about":[{"href":"https:\/\/www.brennerbasisdemokratie.eu\/index.php?rest_route=\/wp\/v2\/types\/post"}],"author":[{"embeddable":true,"href":"https:\/\/www.brennerbasisdemokratie.eu\/index.php?rest_route=\/wp\/v2\/users\/1"}],"replies":[{"embeddable":true,"href":"https:\/\/www.brennerbasisdemokratie.eu\/index.php?rest_route=%2Fwp%2Fv2%2Fcomments&post=71854"}],"version-history":[{"count":4,"href":"https:\/\/www.brennerbasisdemokratie.eu\/index.php?rest_route=\/wp\/v2\/posts\/71854\/revisions"}],"predecessor-version":[{"id":97971,"href":"https:\/\/www.brennerbasisdemokratie.eu\/index.php?rest_route=\/wp\/v2\/posts\/71854\/revisions\/97971"}],"wp:attachment":[{"href":"https:\/\/www.brennerbasisdemokratie.eu\/index.php?rest_route=%2Fwp%2Fv2%2Fmedia&parent=71854"}],"wp:term":[{"taxonomy":"category","embeddable":true,"href":"https:\/\/www.brennerbasisdemokratie.eu\/index.php?rest_route=%2Fwp%2Fv2%2Fcategories&post=71854"},{"taxonomy":"post_tag","embeddable":true,"href":"https:\/\/www.brennerbasisdemokratie.eu\/index.php?rest_route=%2Fwp%2Fv2%2Ftags&post=71854"}],"curies":[{"name":"wp","href":"https:\/\/api.w.org\/{rel}","templated":true}]}}