{"id":71892,"date":"2022-04-26T11:45:49","date_gmt":"2022-04-26T09:45:49","guid":{"rendered":"https:\/\/www.brennerbasisdemokratie.eu\/?p=71892"},"modified":"2025-10-17T00:19:58","modified_gmt":"2025-10-16T22:19:58","slug":"neues-alpinidenkmal-fur-bozen","status":"publish","type":"post","link":"https:\/\/www.brennerbasisdemokratie.eu\/?p=71892","title":{"rendered":"Neues Alpinidenkmal f\u00fcr Bozen?"},"content":{"rendered":"<p>Die italienischen Gebirgsj\u00e4ger wehren sich vehement gegen die Entfernung des Alpinidenkmals in Bruneck, das seit 1938 an die Division <em>Pusteria<\/em> erinnert \u2014 eine Division, die nur im Faschismus (1935-1943) existierte und im kolonialistischen Angriffskrieg <a title=\"Der Zweite Weltkrieg in Afrika.\" href=\"https:\/\/www.brennerbasisdemokratie.eu\/?p=57766\" rel=\"\">in Abessinien<\/a> sowie am Balkan und in S\u00fcdfrankreich eingesetzt wurde.<\/p>\n<p>Stattdessen fordert ihre Vereinigung (ANA) nun die Errichtung eines weiteren Alpinidenkmals in der Landeshauptstadt, auf dem Platz des <a title=\"Der ungenie\u00dfbare Einheitsbrei vom 4N.\" href=\"https:\/\/www.brennerbasisdemokratie.eu\/?p=52391\" rel=\"\">4. Novembers<\/a>, der an das Datum des italienischen \u00bbSieges\u00ab im Ersten Weltkrieg erinnert, mit dem die Annexion S\u00fcdtirols einherging.<\/p>\n<p>Dem S\u00fcdtiroler ANA-Vorsitzenden Pasquale D&#8217;Ambrosio <a title=\"AA: L'Ana \u00abrecluta\u00bb i giovani: due settimane in caserma per conoscere gli alpini.\" href=\"https:\/\/www.altoadige.it\/cronaca\/bolzano\/l-ana-recluta-giovani-due-settimane-in-caserma-per-conoscere-gli-alpini-1.3125707\" target=\"_blank\" rel=\"noopener\">zufolge<\/a> soll das neue Alpinidenkmal \u2014 in Form eines \u00fcberdimensionalen Alpinihuts auf dem Kreisverkehr \u2014 keine nationalistische Botschaft beinhalten, sondern nur die Verbundenheit mit Bozen und seiner Geschichte verdeutlichen.<\/p>\n<p>Dabei waren die <em>Alpini<\/em> hierzulande zuerst Eroberer und wenig sp\u00e4ter willf\u00e4hriges und unabdingliches Werkzeug des faschistischen Regimes und seiner brutalen Assimilierungspolitik. Eine Aufarbeitung dieser Rollen hat nie stattgefunden, im Gegenteil: Die italienischen Gebirgsj\u00e4ger haben auch damit kein Problem, sich fortan <a title=\"Giornata degli Alpini e riabilitazione del fascismo.\" href=\"https:\/\/www.brennerbasisdemokratie.eu\/?p=71800\" rel=\"\">an einem \u00e4u\u00dferst bedenklichen Datum wie dem 26. J\u00e4nner<\/a> selbst zu feiern.<\/p>\n<p>Bleibt zu hoffen, dass die Gemeinde Bozen, wo es schon <a title=\"Eine Topographie des Grauens.\" href=\"https:\/\/www.brennerbasisdemokratie.eu\/?p=63617\" rel=\"\">Unmengen<\/a> an zweifelhaften Denkm\u00e4lern und Stra\u00dfennamen gibt, den W\u00fcnschen der <em>Alpini<\/em> nicht entsprechen wird.<\/p>\n<p><strong><span style=\"font-family: Helvetica, Arial, sans-serif; text-transform: uppercase;\">C\u00ebla enghe:<\/span><\/strong> <a title=\"Leo f\u00e4llt, Wastl h\u00e4lt.\" href=\"https:\/\/www.brennerbasisdemokratie.eu\/?p=57909\" rel=\"\"><code>01<\/code><\/a> <a title=\"Alpini w\u00e4hlen Leitspruch von Mussolini.\" href=\"https:\/\/www.brennerbasisdemokratie.eu\/?p=37586\" rel=\"\"><code>02<\/code><\/a> <a title=\"Il Lungo Talvera \u00abdegli Alpini\u00bb.\" href=\"https:\/\/www.brennerbasisdemokratie.eu\/?p=11063\" rel=\"\"><code>03<\/code><\/a> <a title=\"Brixen hat eine Alpinistra\u00dfe.\" href=\"https:\/\/www.brennerbasisdemokratie.eu\/?p=12300\" rel=\"\"><code>04<\/code><\/a> <a title=\"Nationalistische Staffel startet morgen am Brenner.\" href=\"https:\/\/www.brennerbasisdemokratie.eu\/?p=68380\" rel=\"\"><code>05<\/code><\/a> <a title=\"Nuovo monumento \u00abfascista\u00bb.\" href=\"https:\/\/www.brennerbasisdemokratie.eu\/?p=17536\" rel=\"\"><code>06<\/code><\/a> <a title=\"Die Vermehrung von W\u00f6lfin und L\u00f6we.\" href=\"https:\/\/www.brennerbasisdemokratie.eu\/?p=49907\" rel=\"\"><code>07<\/code><\/a> <span style=\"font-family: Helvetica, Arial, sans-serif; font-weight: normal;\">||<\/span> <a title=\"N\u00e4chtliche nationalistische Inkontinenz.\" href=\"https:\/\/www.brennerbasisdemokratie.eu\/?p=90213\"><span style=\"color: #ff8c00\"><code>01<\/code><\/span><\/a> <a title=\"Faschistische Kulisse f\u00fcr die Alpini.\" href=\"https:\/\/www.brennerbasisdemokratie.eu\/?p=95405\"><span style=\"color: #ff8c00\"><code>02<\/code><\/span><\/a><\/p>","protected":false},"excerpt":{"rendered":"<p>Die italienischen Gebirgsj\u00e4ger wehren sich vehement gegen die Entfernung des Alpinidenkmals in Bruneck, das seit 1938 an die Division Pusteria erinnert \u2014 eine Division, die nur im Faschismus (1935-1943) existierte und im kolonialistischen Angriffskrieg in Abessinien sowie am Balkan und in S\u00fcdfrankreich eingesetzt wurde. Stattdessen fordert ihre Vereinigung (ANA) nun die Errichtung eines weiteren Alpinidenkmals [&hellip;]<\/p>","protected":false},"author":1,"featured_media":0,"comment_status":"open","ping_status":"open","sticky":false,"template":"","format":"standard","meta":{"_crdt_document":"","ngg_post_thumbnail":0,"_jetpack_memberships_contains_paid_content":false,"footnotes":""},"categories":[1],"tags":[],"class_list":["post-71892","post","type-post","status-publish","format-standard","hentry","category-allgemein","entity-alpini","entity-ana","entity-gemeinde-bozen","issue-faschistische-relikte","issue-italianizzazione","location-afrika","location-italy","location-sudtirolo","language-deutsch","medium-aa","topic-colonialismi","topic-geschichte","topic-militar","topic-nationalismus","topic-politik","topic-symbolik"],"jetpack_featured_media_url":"","jetpack_sharing_enabled":true,"_links":{"self":[{"href":"https:\/\/www.brennerbasisdemokratie.eu\/index.php?rest_route=\/wp\/v2\/posts\/71892","targetHints":{"allow":["GET"]}}],"collection":[{"href":"https:\/\/www.brennerbasisdemokratie.eu\/index.php?rest_route=\/wp\/v2\/posts"}],"about":[{"href":"https:\/\/www.brennerbasisdemokratie.eu\/index.php?rest_route=\/wp\/v2\/types\/post"}],"author":[{"embeddable":true,"href":"https:\/\/www.brennerbasisdemokratie.eu\/index.php?rest_route=\/wp\/v2\/users\/1"}],"replies":[{"embeddable":true,"href":"https:\/\/www.brennerbasisdemokratie.eu\/index.php?rest_route=%2Fwp%2Fv2%2Fcomments&post=71892"}],"version-history":[{"count":7,"href":"https:\/\/www.brennerbasisdemokratie.eu\/index.php?rest_route=\/wp\/v2\/posts\/71892\/revisions"}],"predecessor-version":[{"id":95415,"href":"https:\/\/www.brennerbasisdemokratie.eu\/index.php?rest_route=\/wp\/v2\/posts\/71892\/revisions\/95415"}],"wp:attachment":[{"href":"https:\/\/www.brennerbasisdemokratie.eu\/index.php?rest_route=%2Fwp%2Fv2%2Fmedia&parent=71892"}],"wp:term":[{"taxonomy":"category","embeddable":true,"href":"https:\/\/www.brennerbasisdemokratie.eu\/index.php?rest_route=%2Fwp%2Fv2%2Fcategories&post=71892"},{"taxonomy":"post_tag","embeddable":true,"href":"https:\/\/www.brennerbasisdemokratie.eu\/index.php?rest_route=%2Fwp%2Fv2%2Ftags&post=71892"}],"curies":[{"name":"wp","href":"https:\/\/api.w.org\/{rel}","templated":true}]}}