{"id":72189,"date":"2022-05-11T14:18:24","date_gmt":"2022-05-11T12:18:24","guid":{"rendered":"https:\/\/www.brennerbasisdemokratie.eu\/?p=72189"},"modified":"2025-06-02T21:24:48","modified_gmt":"2025-06-02T19:24:48","slug":"traumergebnis-fur-den-ssw","status":"publish","type":"post","link":"https:\/\/www.brennerbasisdemokratie.eu\/?p=72189","title":{"rendered":"Traumergebnis f\u00fcr den SSW."},"content":{"rendered":"<p>Schon im September letzten Jahres hatte der <em>S\u00fcdschleswigsche W\u00e4hlerverband<\/em> (SSW) bei der deutschen Bundestagswahl <a title=\"SSW schafft Sensation.\" href=\"https:\/\/www.brennerbasisdemokratie.eu\/?p=67956\" rel=\"\">ein sensationelles Ergebnis eingefahren<\/a>&nbsp;und erstmals seit 1949 den Wiedereinzug ins f\u00f6derale Parlament geschafft.<\/p>\n<p>Bei der Landtagswahl in Schleswig-Holstein vom vergangenen Sonntag errang die Vertretung der d\u00e4nischen und der friesischen Minderheit nun sogar ihr bestes Ergebnis aller Zeiten: 5,7% auf Landesebene, vier Landtagsabgeordnete. Dass der SSW im Bundestag sitzt, d\u00fcrfte an dem hervorragenden Ergebnis nicht ganz unbeteiligt gewesen sein.<\/p>\n<p>Die rechtsradikale AfD (4,4%) scheiterte indes an der 5%-H\u00fcrde \u2014 von der der SSW befreit ist \u2014 und sitzt fortan nicht mehr im Kieler Landtag. Die FDP (6,4%) landete nur knapp vor der Minderheitenpartei.<\/p>\n<p><strong><span style=\"font-family: Helvetica, Arial, sans-serif; text-transform: uppercase;\">C\u00ebla enghe:<\/span><\/strong> <a title=\"Der SSW bleibt im Bundestag.\" href=\"https:\/\/www.brennerbasisdemokratie.eu\/?p=90512\"><span style=\"color: #ff8c00\"><code>01<\/code><\/span><\/a><\/p>","protected":false},"excerpt":{"rendered":"<p>Schon im September letzten Jahres hatte der S\u00fcdschleswigsche W\u00e4hlerverband (SSW) bei der deutschen Bundestagswahl ein sensationelles Ergebnis eingefahren&nbsp;und erstmals seit 1949 den Wiedereinzug ins f\u00f6derale Parlament geschafft. Bei der Landtagswahl in Schleswig-Holstein vom vergangenen Sonntag errang die Vertretung der d\u00e4nischen und der friesischen Minderheit nun sogar ihr bestes Ergebnis aller Zeiten: 5,7% auf Landesebene, vier [&hellip;]<\/p>","protected":false},"author":1,"featured_media":0,"comment_status":"open","ping_status":"open","sticky":false,"template":"","format":"standard","meta":{"_crdt_document":"","ngg_post_thumbnail":0,"_jetpack_memberships_contains_paid_content":false,"footnotes":""},"categories":[1],"tags":[],"class_list":["post-72189","post","type-post","status-publish","format-standard","hentry","category-allgemein","entity-afd","issue-good-news","issue-wahlen","location-schleswig-holstein","language-deutsch","topic-friesinnen","topic-minderheitenschutz","topic-politik"],"jetpack_featured_media_url":"","jetpack_sharing_enabled":true,"_links":{"self":[{"href":"https:\/\/www.brennerbasisdemokratie.eu\/index.php?rest_route=\/wp\/v2\/posts\/72189","targetHints":{"allow":["GET"]}}],"collection":[{"href":"https:\/\/www.brennerbasisdemokratie.eu\/index.php?rest_route=\/wp\/v2\/posts"}],"about":[{"href":"https:\/\/www.brennerbasisdemokratie.eu\/index.php?rest_route=\/wp\/v2\/types\/post"}],"author":[{"embeddable":true,"href":"https:\/\/www.brennerbasisdemokratie.eu\/index.php?rest_route=\/wp\/v2\/users\/1"}],"replies":[{"embeddable":true,"href":"https:\/\/www.brennerbasisdemokratie.eu\/index.php?rest_route=%2Fwp%2Fv2%2Fcomments&post=72189"}],"version-history":[{"count":4,"href":"https:\/\/www.brennerbasisdemokratie.eu\/index.php?rest_route=\/wp\/v2\/posts\/72189\/revisions"}],"predecessor-version":[{"id":90519,"href":"https:\/\/www.brennerbasisdemokratie.eu\/index.php?rest_route=\/wp\/v2\/posts\/72189\/revisions\/90519"}],"wp:attachment":[{"href":"https:\/\/www.brennerbasisdemokratie.eu\/index.php?rest_route=%2Fwp%2Fv2%2Fmedia&parent=72189"}],"wp:term":[{"taxonomy":"category","embeddable":true,"href":"https:\/\/www.brennerbasisdemokratie.eu\/index.php?rest_route=%2Fwp%2Fv2%2Fcategories&post=72189"},{"taxonomy":"post_tag","embeddable":true,"href":"https:\/\/www.brennerbasisdemokratie.eu\/index.php?rest_route=%2Fwp%2Fv2%2Ftags&post=72189"}],"curies":[{"name":"wp","href":"https:\/\/api.w.org\/{rel}","templated":true}]}}