{"id":72636,"date":"2022-06-05T17:35:31","date_gmt":"2022-06-05T15:35:31","guid":{"rendered":"https:\/\/www.brennerbasisdemokratie.eu\/?p=72636"},"modified":"2023-02-06T17:26:44","modified_gmt":"2023-02-06T16:26:44","slug":"neu-sudtiroler-co%e2%82%82-rechner","status":"publish","type":"post","link":"https:\/\/www.brennerbasisdemokratie.eu\/?p=72636","title":{"rendered":"Neu: S\u00fcdtiroler CO\u2082-Rechner."},"content":{"rendered":"<p>Es war hoch an der Zeit, dass auch das selbsternannte \u00bbKlimaland\u00ab S\u00fcdtirol (unter seinem rechtsradikalen <em>Lega<\/em>-Umweltlandesrat) <a title=\"LPA: Mitmachen und\u2026\" href=\"https:\/\/news.provinz.bz.it\/de\/news\/klimaschutz-mitmachen-und-die-eigene-co2-bilanz-berechnen\" target=\"_blank\" rel=\"noopener\">einen eigenen CO<sub>2<\/sub>-Fu\u00dfabdruckrechner<\/a>\u00a0bekommt. Sinnvoll und richtig, denn es gibt im Internet erst 23.487, nun sind es \u2014 endlich \u2014 23.488, und dieser ist auch noch speziell an S\u00fcdtirol angepasst.<\/p>\n<p>Den ersten Kalkulator dieser Art hatte \u00fcbrigens der Erd\u00f6l-Multi BP im Jahr 2004 entwickeln lassen, um den Einzelnen mehr oder minder subtil das falsche Bewusstsein einzuimpfen, dass sie selbst f\u00fcr Umweltzerst\u00f6rung und Erderw\u00e4rmung verantwortlich sind \u2014 nicht Konzerne oder Politik. Eine Botschaft, die durch jeden neuen CO<sub>2<\/sub>-Rechner unterstrichen und weitergetragen wird. Hier in etwa so: Macht ihr mal was gegen den Klimawandel, w\u00e4hrend die Landesregierung mal eben <a title=\"LPA: Brennerautobahn \u2013 \u00d6PP-Projekt\u2026\" href=\"https:\/\/news.provinz.bz.it\/de\/news\/brennerautobahn-opp-projekt-vorgestellt-nachhaltigkeit-im-fokus\" target=\"_blank\" rel=\"noopener\">mehrere Milliarden in die Autobahn spuckt.<\/a><\/p>\n<p>In einem gestern in <em>Le Monde<\/em> erschienenen Beitrag machte die Soziologin und Philosophin Dominique M\u00e9da darauf aufmerksam, dass die weniger wohlhabenden 50% der franz\u00f6sischen Bev\u00f6lkerung ihren\u00a0CO<sub>2<\/sub>-Aussto\u00df um 4% senken m\u00fcssten, um die Klimaziele zu erreichen, die reichsten 10% aber um \u00fcber 80%.<\/p>\n<p>Um dies zu erreichen, ist es mit etwas gutem Willen im individuellen Verhalten bei weitem nicht getan, schon gar nicht bei der Durchschnittsbev\u00f6lkerung. Da ist zu wenig rauszuholen. Wenn wir die Menschheit retten wollen, muss haupts\u00e4chlich bei den gro\u00dfen Klimas\u00fcnderinnen \u2014 Ultrareiche und Gro\u00dfkonzerne \u2014 angesetzt werden, und zwar verbindlich. Das ist Aufgabe der Regierenden.\u00a0CO<sub>2<\/sub>-Kalkulatoren sind Blendgranaten.<\/p>\n<p>Ja, nat\u00fcrlich m\u00fcssen wir alle unseren Beitrag leisten, doch wenn der Hauptfokus auf dem Individuum liegt, haben wir schon verloren. Das Wichtigste, was wir als Normalb\u00fcrgerinnen tun k\u00f6nnen, ist wohl auch gar nicht die Reduktion unseres individuellen\u00a0CO<sub>2<\/sub>-Abdruckes, sondern Druck auf die Politik auszu\u00fcben, damit sie die Rahmenbedingungen drastisch ver\u00e4ndert.<\/p>\n<p><strong><span style=\"font-family: Helvetica, Arial, sans-serif; text-transform: uppercase;\">C\u00ebla enghe:<\/span><\/strong> <a title=\"A22: Die Maut ist l\u00e4cherlich gering.\" href=\"https:\/\/www.brennerbasisdemokratie.eu\/?p=49755\"><code>01<\/code><\/a> <a title=\"Gr\u00fcngewaschener Korridor?\" href=\"https:\/\/www.brennerbasisdemokratie.eu\/?p=64424\"><code>02<\/code><\/a> <a title=\"Wo bleibt der Tutor?\" href=\"https:\/\/www.brennerbasisdemokratie.eu\/?p=69073\"><code>03<\/code><\/a> <a title=\"Klima: Wirtschaft oder Leben.\" href=\"https:\/\/www.brennerbasisdemokratie.eu\/?p=68160\"><code>04<\/code><\/a> <a title=\"Strengere Klimaziele: Dorfmann dagegen.\" href=\"https:\/\/www.brennerbasisdemokratie.eu\/?p=61175\"><code>05<\/code><\/a> <a title=\"Europaparlament erkl\u00e4rt den Klimanotstand.\" href=\"https:\/\/www.brennerbasisdemokratie.eu\/?p=53292\"><code>06<\/code><\/a> <a title=\"Streik gegen den Klimaplan.\" href=\"https:\/\/www.brennerbasisdemokratie.eu\/?p=69815\"><code>07<\/code><\/a> <a title=\"COP26 ohne uns.\" href=\"https:\/\/www.brennerbasisdemokratie.eu\/?p=69171\"><code>08<\/code><\/a> <a title=\"Die Systemfrage.\" href=\"https:\/\/www.brennerbasisdemokratie.eu\/?p=44694\"><code>09<\/code><\/a> <span style=\"font-family: Helvetica, Arial, sans-serif; font-weight: normal;\">||<\/span> <a title=\"M\u00fcssen wir selbst ran?\" href=\"https:\/\/www.brennerbasisdemokratie.eu\/?p=73181\" rel=\"\"><span style=\"color: #ff8c00\"><code>01<\/code><\/span><\/a> <a title=\"Lega gegen Nordtiroler Transitma\u00dfnahmen.\" href=\"https:\/\/www.brennerbasisdemokratie.eu\/?p=76836\" rel=\"\"><span style=\"color: #ff8c00\"><code>02<\/code><\/span><\/a><\/p>","protected":false},"excerpt":{"rendered":"<p>Es war hoch an der Zeit, dass auch das selbsternannte \u00bbKlimaland\u00ab S\u00fcdtirol (unter seinem rechtsradikalen Lega-Umweltlandesrat) einen eigenen CO2-Fu\u00dfabdruckrechner\u00a0bekommt. Sinnvoll und richtig, denn es gibt im Internet erst 23.487, nun sind es \u2014 endlich \u2014 23.488, und dieser ist auch noch speziell an S\u00fcdtirol angepasst. Den ersten Kalkulator dieser Art hatte \u00fcbrigens der Erd\u00f6l-Multi BP [&hellip;]<\/p>","protected":false},"author":1,"featured_media":0,"comment_status":"open","ping_status":"open","sticky":false,"template":"","format":"standard","meta":{"_crdt_document":"","ngg_post_thumbnail":0,"_jetpack_memberships_contains_paid_content":false,"footnotes":""},"categories":[1],"tags":[],"class_list":["post-72636","post","type-post","status-publish","format-standard","hentry","category-allgemein","entity-a22","entity-landesregierung","entity-lega","location-sudtirolo","language-deutsch","person-giuliano-vettorato","topic-ecologia","topic-medien","topic-politik","topic-wirtschaft"],"jetpack_featured_media_url":"","jetpack_sharing_enabled":true,"_links":{"self":[{"href":"https:\/\/www.brennerbasisdemokratie.eu\/index.php?rest_route=\/wp\/v2\/posts\/72636","targetHints":{"allow":["GET"]}}],"collection":[{"href":"https:\/\/www.brennerbasisdemokratie.eu\/index.php?rest_route=\/wp\/v2\/posts"}],"about":[{"href":"https:\/\/www.brennerbasisdemokratie.eu\/index.php?rest_route=\/wp\/v2\/types\/post"}],"author":[{"embeddable":true,"href":"https:\/\/www.brennerbasisdemokratie.eu\/index.php?rest_route=\/wp\/v2\/users\/1"}],"replies":[{"embeddable":true,"href":"https:\/\/www.brennerbasisdemokratie.eu\/index.php?rest_route=%2Fwp%2Fv2%2Fcomments&post=72636"}],"version-history":[{"count":13,"href":"https:\/\/www.brennerbasisdemokratie.eu\/index.php?rest_route=\/wp\/v2\/posts\/72636\/revisions"}],"predecessor-version":[{"id":76938,"href":"https:\/\/www.brennerbasisdemokratie.eu\/index.php?rest_route=\/wp\/v2\/posts\/72636\/revisions\/76938"}],"wp:attachment":[{"href":"https:\/\/www.brennerbasisdemokratie.eu\/index.php?rest_route=%2Fwp%2Fv2%2Fmedia&parent=72636"}],"wp:term":[{"taxonomy":"category","embeddable":true,"href":"https:\/\/www.brennerbasisdemokratie.eu\/index.php?rest_route=%2Fwp%2Fv2%2Fcategories&post=72636"},{"taxonomy":"post_tag","embeddable":true,"href":"https:\/\/www.brennerbasisdemokratie.eu\/index.php?rest_route=%2Fwp%2Fv2%2Ftags&post=72636"}],"curies":[{"name":"wp","href":"https:\/\/api.w.org\/{rel}","templated":true}]}}