{"id":72684,"date":"2022-06-10T15:11:14","date_gmt":"2022-06-10T13:11:14","guid":{"rendered":"https:\/\/www.brennerbasisdemokratie.eu\/?p=72684"},"modified":"2024-12-18T19:04:49","modified_gmt":"2024-12-18T18:04:49","slug":"landtag-will-autonomie-wiederherstellen","status":"publish","type":"post","link":"https:\/\/www.brennerbasisdemokratie.eu\/?p=72684","title":{"rendered":"Landtag will Autonomie wiederherstellen."},"content":{"rendered":"<p>Die <abbr title=\"S\u00fcd-Tiroler Freiheit\">STF<\/abbr> hatte im Landtag den Vorschlag eingebracht, den Staat aufzufordern und die Landesregierung zu beauftragen, f\u00fcr die Wiederherstellung der zahlreichen im Laufe der Jahre beschnittenen Autonomierechte (<a title=\"50% der Zust\u00e4ndigkeiten wurden beschnitten.\" href=\"https:\/\/www.brennerbasisdemokratie.eu\/?p=71051\" rel=\"\"><code>01<\/code><\/a> <a title=\"Studie zur Autonomieentwicklung seit 1992.\" href=\"https:\/\/www.brennerbasisdemokratie.eu\/?p=34967\" rel=\"\"><code>02<\/code><\/a>) sowie f\u00fcr die Umsetzung der Ergebnisse des <em>S\u00fcdtirolkonvents<\/em> zu arbeiten:<\/p>\n<blockquote>\n<ol>\n<li>Der S\u00fcd-Tiroler Landtag spricht sich f\u00fcr eine vollst\u00e4ndige Wiederherstellung aller beschnittenen Autonomiekompetenzen aus und fordert das italienische Parlament sowie die italienische Regierung auf, die S\u00fcd-Tirol-Autonomie vollumf\u00e4nglich wiederherzustellen.<\/li>\n<li>Das italienische Parlament und die italienische Regierung werden weiters aufgefordert, die Ergebnisse des partizipativen Prozesses des Autonomie-Konvents anzuerkennen und weitere Zust\u00e4ndigkeiten an das Land S\u00fcd-Tirol zu \u00fcbertragen.<\/li>\n<li>Zu diesem Zwecke wird die S\u00fcd-Tiroler Landesregierung aufgefordert, einen Katalog mit allen wiederherzustellenden Autonomiekompetenzen sowie mit den im Autonomie-Konvent angestrebten neuen Kompetenzen vorzulegen und in Absprache mit der Republik \u00d6sterreich mit dem italienischen Parlament und der italienischen Regierung zur Erlangung dieser Ziele in Verhandlungen zu treten.<\/li>\n<\/ol>\n<p><em>\u2013 Beschlie\u00dfender Teil von Begehrensantrag Nr. 44\/22 (Ersetzungsantrag)<br \/>\n<\/em><\/p><\/blockquote>\n<p><abbr title=\"Landeshauptmann\/-frau\">LH<\/abbr> Arno Kompatscher (<abbr title=\"S\u00fcdtiroler Volkspartei\">SVP<\/abbr>), der neulich auch in Wien f\u00fcr die Wiederherstellung der verlorenen Zust\u00e4ndigkeiten pl\u00e4diert hatte, zeigte sich mit den Zielen einverstanden, best\u00e4tigte einen zentralistischen Trend und beklagte die nicht beeinspruchbare Rechtsprechung des Verfassungsgerichts. Italien sei zur Gew\u00e4hrung der vereinbarten Autonomie verpflichtet.<\/p>\n<p>Mit Zustimmung der STF wurde allerdings der zweite Punkt des Antrags gestrichen, um ihn zu einem sp\u00e4teren Zeitpunkt gesondert zu behandeln. Der dritte Punkt wurde folgenderma\u00dfen umformuliert:<\/p>\n<blockquote><p>Zu diesem Zwecke wird die S\u00fcdtiroler Landesregierung aufgefordert, in Absprache mit der Republik \u00d6sterreich mit dem italienischen Parlament und der italienischen Regierung zur Erlangung dieser Ziele in Verhandlungen zu treten.<\/p>\n<p><em>\u2013 Formulierung von Punkt 3 in der genehmigten Fassung<\/em><\/p><\/blockquote>\n<p>In dieser Form wurde der Begehrensantrag gestern mit 26 zu einer Stimme angenommen.<\/p>\n<p><strong><span style=\"font-family: Helvetica, Arial, sans-serif; text-transform: uppercase;\">C\u00ebla enghe:<\/span><\/strong> <a title=\"Il Governo austriaco \u00abrivuole\u00bb l\u2019autonomia sudtirolese.\" href=\"https:\/\/www.brennerbasisdemokratie.eu\/?p=54034\" rel=\"\"><code>01<\/code><\/a> <a title=\"Competenze perse: piagnisteo?\" href=\"https:\/\/www.brennerbasisdemokratie.eu\/?p=54282\" rel=\"\"><code>02<\/code><\/a> <span style=\"font-family: Helvetica, Arial, sans-serif; font-weight: normal;\">||<\/span> <a title=\"Komplexit\u00e4t als Schutz vor dem Verfassungsgericht.\" href=\"https:\/\/www.brennerbasisdemokratie.eu\/?p=76894\"><span style=\"color: #ff8c00\"><code>01<\/code><\/span><\/a> <a title=\"Wiederherstellung durch Aush\u00f6hlung.\" href=\"https:\/\/www.brennerbasisdemokratie.eu\/?p=89038\"><span style=\"color: #ff8c00\"><code>02<\/code><\/span><\/a><\/p>","protected":false},"excerpt":{"rendered":"<p>Die STF hatte im Landtag den Vorschlag eingebracht, den Staat aufzufordern und die Landesregierung zu beauftragen, f\u00fcr die Wiederherstellung der zahlreichen im Laufe der Jahre beschnittenen Autonomierechte (01 02) sowie f\u00fcr die Umsetzung der Ergebnisse des S\u00fcdtirolkonvents zu arbeiten: Der S\u00fcd-Tiroler Landtag spricht sich f\u00fcr eine vollst\u00e4ndige Wiederherstellung aller beschnittenen Autonomiekompetenzen aus und fordert das [&hellip;]<\/p>","protected":false},"author":1,"featured_media":0,"comment_status":"open","ping_status":"open","sticky":false,"template":"","format":"standard","meta":{"_crdt_document":"","ngg_post_thumbnail":0,"_jetpack_memberships_contains_paid_content":false,"footnotes":""},"categories":[1],"tags":[],"class_list":["post-72684","post","type-post","status-publish","format-standard","hentry","category-allgemein","entity-landesregierung","entity-staat-italien","entity-stf","entity-sudtiroler-landtag","entity-svp","entity-verfassungsgericht","issue-autonomiereform","issue-good-news","issue-suedtirolkonvent","issue-zitac","location-italy","location-osterreich","location-sudtirolo","language-deutsch","person-arno-kompatscher","topic-politik","topic-vorzeigeautonomie","topic-zentralismus","topic-zustaendigkeiten"],"jetpack_featured_media_url":"","jetpack_sharing_enabled":true,"_links":{"self":[{"href":"https:\/\/www.brennerbasisdemokratie.eu\/index.php?rest_route=\/wp\/v2\/posts\/72684","targetHints":{"allow":["GET"]}}],"collection":[{"href":"https:\/\/www.brennerbasisdemokratie.eu\/index.php?rest_route=\/wp\/v2\/posts"}],"about":[{"href":"https:\/\/www.brennerbasisdemokratie.eu\/index.php?rest_route=\/wp\/v2\/types\/post"}],"author":[{"embeddable":true,"href":"https:\/\/www.brennerbasisdemokratie.eu\/index.php?rest_route=\/wp\/v2\/users\/1"}],"replies":[{"embeddable":true,"href":"https:\/\/www.brennerbasisdemokratie.eu\/index.php?rest_route=%2Fwp%2Fv2%2Fcomments&post=72684"}],"version-history":[{"count":5,"href":"https:\/\/www.brennerbasisdemokratie.eu\/index.php?rest_route=\/wp\/v2\/posts\/72684\/revisions"}],"predecessor-version":[{"id":89058,"href":"https:\/\/www.brennerbasisdemokratie.eu\/index.php?rest_route=\/wp\/v2\/posts\/72684\/revisions\/89058"}],"wp:attachment":[{"href":"https:\/\/www.brennerbasisdemokratie.eu\/index.php?rest_route=%2Fwp%2Fv2%2Fmedia&parent=72684"}],"wp:term":[{"taxonomy":"category","embeddable":true,"href":"https:\/\/www.brennerbasisdemokratie.eu\/index.php?rest_route=%2Fwp%2Fv2%2Fcategories&post=72684"},{"taxonomy":"post_tag","embeddable":true,"href":"https:\/\/www.brennerbasisdemokratie.eu\/index.php?rest_route=%2Fwp%2Fv2%2Ftags&post=72684"}],"curies":[{"name":"wp","href":"https:\/\/api.w.org\/{rel}","templated":true}]}}