{"id":72882,"date":"2022-06-29T09:47:21","date_gmt":"2022-06-29T07:47:21","guid":{"rendered":"https:\/\/www.brennerbasisdemokratie.eu\/?p=72882"},"modified":"2022-06-29T09:47:21","modified_gmt":"2022-06-29T07:47:21","slug":"ukraine-auch-minderheiten-im-visier","status":"publish","type":"post","link":"https:\/\/www.brennerbasisdemokratie.eu\/?p=72882","title":{"rendered":"Ukraine: Auch Minderheiten im Visier."},"content":{"rendered":"<!-- Snippets by WebberZone Snippetz --><div class=\"ata_snippets\"><hr style=\"height: 20px; border: none; margin-top: 0em; background-color: darkred;\"\/><\/div><p><strong>Die russische Armee geht laut ECMI auch gezielt gegen Angeh\u00f6rige der Minderheiten in der Ukraine vor<\/strong><\/p>\n<p>Das <a href=\"https:\/\/www.ecmi.de\/\" target=\"_blank\" rel=\"noopener\"><em>Europ\u00e4ische Zentrum f\u00fcr Minderheitenfragen<\/em><\/a> (ECMI) in Kiel dokumentiert in einer Serie von <a href=\"https:\/\/www.ecmi.de\/publications\/minorities-blog\/national-minorities-and-the-war-in-ukraine\">Reporten<\/a> die Lage der Minderheiten in den russisch besetzten Gebieten der Ukraine. Autorin <a href=\"https:\/\/www.ecmi.de\/infochannel\/detail\/ecmi-minorities-blog-ukraines-national-minorities-trapped-by-the-war-the-cases-of-ethnic-romanians-and-hungarians\">Kateryna Haertel<\/a> (Mitarbeiterin der OSZE) und Autor <a href=\"https:\/\/www.ecmi.de\/infochannel\/detail\/ecmi-minorities-blog-indigenous-peoples-and-national-minorities-in-the-temporarily-occupied-territories-of-ukraine\">Mykhailo Drapak<\/a>\u00a0von der <em>Yuriy Fedkovych Czernowitz National University<\/em> listen detailliert in ihren j\u00fcngsten Recherchen die d\u00fcstere Situation auf.<\/p>\n<p>Seit der Besetzung der Krim 2014 verfolgen die russischen Beh\u00f6rden die Angeh\u00f6rigen der Krimtataren. Mit ihrem Eroberungskrieg versch\u00e4rfen die Besatzungsbeh\u00f6rden die Repression gegen die Krimtataren in der gesamten Ukraine. W\u00e4hrend der Besetzung des Oblasts Cherson beispielsweise gingen die Besatzer in der Stadt Henichesk und in der Siedlung Novooleksiyivka gezielt gegen die dort lebenden 2000 Krimtataren vor.<\/p>\n<p>Die Krim-Beauftragte des ukrainischen Pr\u00e4sidenten, <a href=\"https:\/\/www.youtube.com\/watch?v=_Rn7EfTKvrc\" target=\"_blank\" rel=\"noopener\">Tamila Tasheva<\/a>, best\u00e4tigte den ECMI-Rechercheuren, dass die russische Besatzungsmacht Krimtataren jagt. Auch laut dem <a href=\"https:\/\/www.facebook.com\/CTRC2015\/posts\/3139728969640465\" target=\"_blank\" rel=\"noopener\">krimtatarischen Info-Zentrum<\/a> suchten Soldaten jedes Haus und jede Wohnung nach Krimtataren ab. Iskender Bariev, ein Mitglied des <a title=\"Wiki: Medschlis des Krimtatarischen Volkes.\" href=\"https:\/\/de.wikipedia.org\/wiki\/Medschlis_des_Krimtatarischen_Volkes\" target=\"_blank\" rel=\"noopener\">Majlis<\/a>,\u00a0berichtete, dass die russischen Besatzer viele Menschen festhielten.<\/p>\n<p>Die 600 Angeh\u00f6rigen der Roma in der Stadt Kachowka standen w\u00e4hrend der Besatzung unter st\u00e4ndiger Kontrolle der russischen Soldaten. Sie wurden \u2014 wie viele ihrer Nichtroma-Nachbarn \u2014 an der Flucht gehindert. In Wyssokopillya, Oblast Cherson, drangen russische Soldaten in die H\u00e4user der Roma ein, raubten Wertsachen und Autos. Viele wurden auch festgenommen.<\/p>\n<p>In den s\u00fcdlichen Bezirken des Oblasts Saporischschja \u2014 Melitopol, Berdiansk, Prymorsk, Polohy, Orikhiv, Hulyaypole \u2014 lebten neben den bulgarischen, griechischen und albanischen Minderheiten auch eine betr\u00e4chtliche Anzahl der j\u00fcdischen Kar\u00e4er und Krimtataren. Sie gelten in der Ukraine als indigene V\u00f6lker. Ihre Vertreter wurden \u2014 wie auch Funktion\u00e4re der Mehrheitsbev\u00f6lkerung \u2014 von den Sicherheitskr\u00e4ften festgenommen. Besonders pro-ukrainische Menschen wurden verhaftet, gefoltert und get\u00f6tet, sagte Aktivist Naufal Hamdani.<\/p>\n<p>Laut Hamdani, aktiv in der Vereinigung der nationalen Minderheiten des Oblast Saporischschja, leiden die Angeh\u00f6rigen der Minderheiten wie auch der Mehrheit an der d\u00fcrftigen Lebensmittelversorgung. Der Krieg bedroht auch das Leben der Menschen in diesem Oblast.<\/p>\n<p>Die russischen Besatzer machten Jagd auf Schulleiter, Museumsdirektoren und Journalisten. Damit setzten sie die verschiedenen sozialen Institutionen unter Druck. Den Schulen wurde angeordnet, nach dem russischen Lehrplan zu unterrichten.<\/p>\n<p>Heftige Kritik an der Besatzung \u00fcbte Olena Arabadzhi, <a href=\"https:\/\/gfbv-voices.org\/opfer-der-russischen-entnazifizierung\/\" target=\"_blank\" rel=\"noopener\">Kar\u00e4erin<\/a> und Direktorin des <em>Zentrums f\u00fcr das Studium des nationalen und kulturellen Erbes der Asowschen V\u00f6lker.<\/em> Sie wandte sich deshalb hilfesuchend an das St\u00e4ndige UN-Forum f\u00fcr indigene V\u00f6lker. Arabadzhi lebte vor der russischen Aggression in der inzwischen russisch besetzten Stadt Melitopol. F\u00fcr die Kar\u00e4er ist die Krim ihre historische Heimat. Viele verlie\u00dfen sie bereits 2014 nach der Annektion durch Russland.<\/p>\n<p>Die aus der Krim in den Oblast Saporischschja gefl\u00fcchteten Kar\u00e4er verlie\u00dfen gemeinsam mit der H\u00e4lfte der in diesem Oblast lebenden Kar\u00e4er das Land. Olena Arabadzhi schreibt: \u00bbMeine Kinder und Enkelkinder werden der M\u00f6glichkeit beraubt, die kar\u00e4ische Sprache zu lernen. [\u2026] Der Zugang zum Kulturzentrum der Kar\u00e4er wurde blockiert. Unter der russischen Besatzung wurde uns das Recht genommen, unsere Meinung zu \u00e4u\u00dfern und an Versammlungen teilzunehmen. Soweit ich wei\u00df, machen andere indigene V\u00f6lker der Ukraine, n\u00e4mlich Krimtataren und Krymtschak, die gleiche dramatische Erfahrung.\u00ab<\/p>\n<p>Derzeit setzt die russische Armee ihre ganze Feuerkraft ein, um den Donbas unter ihre Herrschaft zu bringen. Seit 2014 ist der Oblast Donezk unter \u00bbpro-russischer\u00ab Kontrolle, in diesem Oblast lebt die Mehrheit der griechischen Minderheit in der Ukraine (Asow-Griechen), es ist auch die Heimat von Armeniern, Roma und Krimtataren. Einige der Asow-Griechen \u2014 Rumei und Urum \u2014 wurden vertrieben.<\/p>\n<p>Die Angeh\u00f6rigen der verschiedenen nationalen Minderheiten wurden wie ihre ukrainischen Landsleute in \u00bbFiltrationslagern\u00ab schikaniert. Betroffen waren davon mehr als 1,2 Millionen Menschen. Tausende Menschen deportierte die russische Armee nach Russland und verstreute sie \u00fcber das Land, wie verschiedene Medien berichteten. Kaum Informationen gibt es \u00fcber die Lage der Roma im Oblast Luhansk, der auch seit 2014 russisch \u00bbverwaltet\u00ab ist.<\/p>\n<p>Die ECMI-Rechercheure befragten zudem Krimfl\u00fcchtlinge und Geflohene aus den \u00bb<a href=\"https:\/\/www.dekoder.org\/de\/gnose\/russlands-passportisierung-des-donbas\" target=\"_blank\" rel=\"noopener\">Volksrepubliken<\/a>\u00ab. Seit acht Jahren verfolgen die russischen Beh\u00f6rden auf der Krim Tataren und Ukrainer. Sie werden verhaftet, entf\u00fchrt und ermordet. Die krimtatarischen Volksorganisationen stuften die Besatzungsbeh\u00f6rden als extremistisch ein.<\/p>\n<p>Krimtataren wurden und werden gezwungen, sich \u00f6ffentlich zum russischen Krieg gegen die Ukraine zu bekennen. An den Schulen auf der Krim betreiben die Beh\u00f6rden eine massive Propaganda. Auf der Krim und im Donbas zieht die russische Armee <a href=\"https:\/\/www.facebook.com\/DefenceIntelligenceofUkraine\/posts\/275303718114389\">zwangsweise<\/a> M\u00e4nner zum Krieg ein. Sie werden gezwungen, gegen die eigene Armee zu k\u00e4mpfen.<\/p>\n<p>Die im westlichen Landesteil lebenden Minderheiten, Rum\u00e4nen und Ungarn, zeigten gro\u00dfe Solidarit\u00e4t mit den aus dem Osten geflohenen Menschen. Obwohl die Elite beider Minderheiten bisher mit Kritik an der Nationalit\u00e4tenpolitik der ukrainischen Regierung nicht sparte, stellen sie sich konsequent hinter den ukrainischen Staat.<\/p>\n<p>F\u00fcr Mykhailo Drapak ist der Krieg ein Lackmustest f\u00fcr die ukrainische Minderheitenpolitik. Die Organisationen der rum\u00e4nischen und der ungarischen Minderheit organisierten f\u00fcr die Fl\u00fcchtlinge aus der Ostukraine und in der Fr\u00fchphase des Krieges aus der Hauptstadt Hilfe vor Ort und versuchten gleichzeitig in ihren \u00bbVerwandtschaftsstaaten\u00ab (Zitat Mykhailo Drapak) humanit\u00e4re Unterst\u00fctzung zu organisieren. Drapak nennt diese Organisationen zivilgesellschaftliche Architekten der Westukraine.<\/p>\n<p>Drapak verweist auf \u00c4u\u00dferungen ukrainischer PolitikerInnen, die \u00bb<a href=\"https:\/\/brill.com\/view\/journals\/shrs\/aop\/article-10.1163-18750230-bja10007\/article-10.1163-18750230-bja10007.xml\" target=\"_blank\" rel=\"noopener\">Multiethnizit\u00e4t<\/a>\u00ab des Staates zu bewahren. Das bedeutet, schreibt Drapak, die Anerkennung der Zwei- und Mehrsprachigkeit und deren F\u00f6rderung besonders in den <a href=\"https:\/\/www.gfbv.de\/de\/zeitschriftfuervielfalt\/298-minderheiten-in-der-ukraine\/\" target=\"_blank\" rel=\"noopener\">Minderheitenregionen<\/a>. Ein besonderer Schwerpunkt dabei wird die Unterst\u00fctzung von Minderheitenmedien sein.<\/p>\n<p>Siehe auch <a href=\"https:\/\/www.ecmi.de\/fileadmin\/redakteure\/publications\/annual_programme\/ECMI_Perspektives_2021__1_.pdf\" target=\"_blank\" rel=\"noopener\">Informationen<\/a> \u00fcber die Arbeit des ECMI<\/p>\n<!-- Snippets by WebberZone Snippetz --><div class=\"ata_snippets\"><hr style=\"height: 10px;border: none;margin-top: 0px;background-color: darkred\" \/>\r\n\r\n<div style=\"background-color: none;padding: 0px;font-size: 14px;font-family: Helvetica,Arial;margin: 10px 0px 0px 0px\"><span style=\"color: darkred\"><strong><small>Autor:innen- und Gastbeitr\u00e4ge widerspiegeln nicht notwendigerweise die Meinung oder die Position von BBD, so wie die jeweiligen Verfasser:innen nicht notwendigerweise die Ziele von BBD unterst\u00fctzen.<\/small><\/strong><small>\u00b7 I contributi esterni non necessariamente riflettono le opinioni o la posizione di BBD, come a loro volta le autrici\/gli autori non necessariamente condividono gli obiettivi di BBD. \u2014 <a href=\"http:\/\/www.brennerbasisdemokratie.eu\/?page_id=11356#copyleft\"><strong>\u00a9<\/strong><\/a><\/small><\/span><\/div><\/div>","protected":false},"excerpt":{"rendered":"<p>Die russische Armee geht laut ECMI auch gezielt gegen Angeh\u00f6rige der Minderheiten in der Ukraine vor Das Europ\u00e4ische Zentrum f\u00fcr Minderheitenfragen (ECMI) in Kiel dokumentiert in einer Serie von Reporten die Lage der Minderheiten in den russisch besetzten Gebieten der Ukraine. Autorin Kateryna Haertel (Mitarbeiterin der OSZE) und Autor Mykhailo Drapak\u00a0von der Yuriy Fedkovych Czernowitz [&hellip;]<\/p>","protected":false},"author":14,"featured_media":0,"comment_status":"open","ping_status":"open","sticky":false,"template":"","format":"standard","meta":{"_crdt_document":"","ngg_post_thumbnail":0,"_jetpack_memberships_contains_paid_content":false,"footnotes":""},"categories":[14],"tags":[],"class_list":["post-72882","post","type-post","status-publish","format-standard","hentry","category-autorinnen","entity-osze","entity-uno","issue-angriffskrieg-ukraine","location-russia","location-ukraine","language-deutsch","topic-krieg","topic-minderheitenschutz","topic-politik"],"jetpack_featured_media_url":"","jetpack_sharing_enabled":true,"_links":{"self":[{"href":"https:\/\/www.brennerbasisdemokratie.eu\/index.php?rest_route=\/wp\/v2\/posts\/72882","targetHints":{"allow":["GET"]}}],"collection":[{"href":"https:\/\/www.brennerbasisdemokratie.eu\/index.php?rest_route=\/wp\/v2\/posts"}],"about":[{"href":"https:\/\/www.brennerbasisdemokratie.eu\/index.php?rest_route=\/wp\/v2\/types\/post"}],"author":[{"embeddable":true,"href":"https:\/\/www.brennerbasisdemokratie.eu\/index.php?rest_route=\/wp\/v2\/users\/14"}],"replies":[{"embeddable":true,"href":"https:\/\/www.brennerbasisdemokratie.eu\/index.php?rest_route=%2Fwp%2Fv2%2Fcomments&post=72882"}],"version-history":[{"count":1,"href":"https:\/\/www.brennerbasisdemokratie.eu\/index.php?rest_route=\/wp\/v2\/posts\/72882\/revisions"}],"predecessor-version":[{"id":72883,"href":"https:\/\/www.brennerbasisdemokratie.eu\/index.php?rest_route=\/wp\/v2\/posts\/72882\/revisions\/72883"}],"wp:attachment":[{"href":"https:\/\/www.brennerbasisdemokratie.eu\/index.php?rest_route=%2Fwp%2Fv2%2Fmedia&parent=72882"}],"wp:term":[{"taxonomy":"category","embeddable":true,"href":"https:\/\/www.brennerbasisdemokratie.eu\/index.php?rest_route=%2Fwp%2Fv2%2Fcategories&post=72882"},{"taxonomy":"post_tag","embeddable":true,"href":"https:\/\/www.brennerbasisdemokratie.eu\/index.php?rest_route=%2Fwp%2Fv2%2Ftags&post=72882"}],"curies":[{"name":"wp","href":"https:\/\/api.w.org\/{rel}","templated":true}]}}