{"id":73556,"date":"2022-07-29T09:38:45","date_gmt":"2022-07-29T07:38:45","guid":{"rendered":"https:\/\/www.brennerbasisdemokratie.eu\/?p=73556"},"modified":"2026-03-27T17:20:21","modified_gmt":"2026-03-27T16:20:21","slug":"i-diritti-con-le-destre-sono-a-rischio","status":"publish","type":"post","link":"https:\/\/www.brennerbasisdemokratie.eu\/?p=73556","title":{"rendered":"I diritti con le destre sono a rischio."},"content":{"rendered":"<p>Sui diritti civili, specialmente quelli delle minoranze (LGBTQIA+, immigrate\u2026) gi\u00e0 oggi l&#8217;Italia \u00e8 uno dei paesi pi\u00f9 arretrati di tutto il cosiddetto occidente \u2014 perlomeno tra i paesi che non si trovavano dietro alla cortina di ferro fino a pochi decenni fa. Ora per\u00f2 l&#8217;alta probabilit\u00e0 di una vittoria della destra alle elezioni del 25 settembre e, dunque, di un governo a trazione neofascista, fa temere un&#8217;imminente ulteriore e repentina regressione su temi fondamentali come unioni civili, parit\u00e0 di genere, naturalizzazioni, procreazione assistita, aborto, fine vita e chi pi\u00f9 ne ha pi\u00f9 ne metta<sup class=\"modern-footnotes-footnote modern-footnotes-footnote--hover-on-desktop \" data-mfn=\"1\" data-mfn-post-scope=\"00000000000007e30000000000000000_73556\"><a href=\"javascript:void(0)\"  role=\"button\" aria-pressed=\"false\" aria-describedby=\"mfn-content-00000000000007e30000000000000000_73556-1\">1<\/a><\/sup><span id=\"mfn-content-00000000000007e30000000000000000_73556-1\" role=\"tooltip\" class=\"modern-footnotes-footnote__note\" tabindex=\"0\" data-mfn=\"1\">Sul divorzio mi preoccupo di meno, ch\u00e9 i politici di destra son quasi tutti divorziati.<\/span>. Solo il pensiero mi fa letteralmente rabbrividire.<\/p>\n<p>La prova generale, come alcuni hanno fatto notare, si \u00e8 gi\u00e0 avuta pochi giorni fa, con le destre che hanno affossato un emendamento al regolamento del Senato (cofirmataria Julia Unterberger, <abbr title=\"S\u00fcdtiroler Volkspartei\">SVP<\/abbr>) che avrebbe introdotto la distinzione di genere nelle comunicazioni istituzionali. E non parliamo certo di <em>gendering<\/em> \u00abspinto\u00bb, ma solo dell&#8217;utilizzo dei termini femminili \u00absenatrice\u00bb o \u00abla presidente\u00bb quando il riferimento \u00e8 a una donna. Come in tedesco, ad esempio, \u00e8 da sempre <em>(Senatorin, Pr\u00e4sidentin, Ministerin\u2026).<\/em><\/p>\n<p>Se almeno in Sudtirolo avessimo un&#8217;autonomia vera, che ci consentisse di intervenire in questi ambiti e che non fosse modificabile unilateralmente dallo stato, l&#8217;eventuale desiderio maggioritario dell&#8217;Italia di tornare al medioevo ci potrebbe preoccupare un po&#8217; meno.<\/p>\n<p>Per fare un esempio, ma se ne potrebbero fare <a title=\"Codi Civil.\" href=\"https:\/\/www.brennerbasisdemokratie.eu\/?p=199\">altri<\/a>, il Vermont con poco pi\u00f9 di mezzo milione di abitanti ha <a title=\"Wiki: Abortion in Vermont.\" href=\"https:\/\/en.wikipedia.org\/wiki\/Abortion_in_Vermont\" target=\"_blank\" rel=\"noopener\">la sua propria legge sull&#8217;aborto.<\/a><\/p>\n<p>Se davvero le destre dovessero vincere le prossime elezioni, per noi potrebbe gi\u00e0 essere troppo tardi. Ma se per caso questa volta la scampassimo, quella di estendere l&#8217;autonomia al campo dei diritti e di proteggerla dalle manomissioni dovrebbe essere una priorit\u00e0 assoluta.<\/p>\n<p><strong><span style=\"font-family: Helvetica, Arial, sans-serif; text-transform: uppercase;\">C\u00ebla enghe:<\/span><\/strong> <a title=\"Dunkelschwarze Aussichten.\" href=\"https:\/\/www.brennerbasisdemokratie.eu\/?p=73494\"><code>01<\/code><\/a> <a title=\"Wo sind die Hinterw\u00e4ldlerinnen?\" href=\"https:\/\/www.brennerbasisdemokratie.eu\/?p=20046\"><code>02<\/code><\/a> <a title=\"Heterogene Homo-Ansichten.\" href=\"https:\/\/www.brennerbasisdemokratie.eu\/?p=23850\"><code>03<\/code><\/a> <a title=\"Un \u00abno\u00bb che non ha senso.\" href=\"https:\/\/www.brennerbasisdemokratie.eu\/?p=35448\"><code>04<\/code><\/a> <a title=\"Die Antidiskriminierungsstelle kommt.\" href=\"https:\/\/www.brennerbasisdemokratie.eu\/?p=60631\"><code>05<\/code><\/a> <span style=\"font-family: Helvetica, Arial, sans-serif; font-weight: normal;\">||<\/span> <a title=\"Nostalgikerin einer nicht erlebten Zeit.\" href=\"https:\/\/www.brennerbasisdemokratie.eu\/?p=73762\" rel=\"\"><span style=\"color: #ff8c00\"><code>01<\/code><\/span><\/a> <a title=\"Kinder homosexueller Eltern, EU-Parlament r\u00fcgt Italien.\" href=\"https:\/\/www.brennerbasisdemokratie.eu\/?p=77563\"><span style=\"color: #ff8c00\"><code>02<\/code><\/span><\/a> <a title=\"Entrechtete Kinder.\" href=\"https:\/\/www.brennerbasisdemokratie.eu\/?p=79161\"><span style=\"color: #ff8c00\"><code>03<\/code><\/span><\/a> <a title=\"Homophobes Italien.\" href=\"https:\/\/www.brennerbasisdemokratie.eu\/?p=85789\"><span style=\"color: #ff8c00\"><code>04<\/code><\/span><\/a> <a title=\"Zwei Jahre Abbau von Demokratie und Grundfreiheiten.\" href=\"https:\/\/www.brennerbasisdemokratie.eu\/?p=88586\"><span style=\"color: #ff8c00\"><code>05<\/code><\/span><\/a> <a title=\"SLAPP-Meister Italien.\" href=\"https:\/\/www.brennerbasisdemokratie.eu\/?p=98653\"><span style=\"color: #ff8c00\"><code>06<\/code><\/span><\/a><\/p>\n<ul class=\"modern-footnotes-list modern-footnotes-list--show-only-for-print\"><li><span>1<\/span><div>Sul divorzio mi preoccupo di meno, ch\u00e9 i politici di destra son quasi tutti divorziati.<\/div><\/li><\/ul>","protected":false},"excerpt":{"rendered":"<p>Sui diritti civili, specialmente quelli delle minoranze (LGBTQIA+, immigrate\u2026) gi\u00e0 oggi l&#8217;Italia \u00e8 uno dei paesi pi\u00f9 arretrati di tutto il cosiddetto occidente \u2014 perlomeno tra i paesi che non si trovavano dietro alla cortina di ferro fino a pochi decenni fa. Ora per\u00f2 l&#8217;alta probabilit\u00e0 di una vittoria della destra alle elezioni del 25 [&hellip;]<\/p>","protected":false},"author":1,"featured_media":0,"comment_status":"open","ping_status":"open","sticky":false,"template":"","format":"standard","meta":{"_crdt_document":"","ngg_post_thumbnail":0,"_jetpack_memberships_contains_paid_content":false,"footnotes":""},"categories":[1],"tags":[],"class_list":["post-73556","post","type-post","status-publish","format-standard","hentry","category-allgemein","entity-fdi","entity-land-sudtirol","entity-pdl","entity-staat-italien","entity-svp","issue-autonomievergleich","issue-parlamentswahl-2022","location-italy","location-sudtirolo","location-usa","language-italiano","person-julia-unterberger","topic-comparatio","topic-faschismen","topic-feminae","topic-grundrechte","topic-kohasion","topic-lgbtqia","topic-migraziun","topic-politik","topic-soziales","topic-vorzeigeautonomie"],"jetpack_featured_media_url":"","jetpack_sharing_enabled":true,"_links":{"self":[{"href":"https:\/\/www.brennerbasisdemokratie.eu\/index.php?rest_route=\/wp\/v2\/posts\/73556","targetHints":{"allow":["GET"]}}],"collection":[{"href":"https:\/\/www.brennerbasisdemokratie.eu\/index.php?rest_route=\/wp\/v2\/posts"}],"about":[{"href":"https:\/\/www.brennerbasisdemokratie.eu\/index.php?rest_route=\/wp\/v2\/types\/post"}],"author":[{"embeddable":true,"href":"https:\/\/www.brennerbasisdemokratie.eu\/index.php?rest_route=\/wp\/v2\/users\/1"}],"replies":[{"embeddable":true,"href":"https:\/\/www.brennerbasisdemokratie.eu\/index.php?rest_route=%2Fwp%2Fv2%2Fcomments&post=73556"}],"version-history":[{"count":16,"href":"https:\/\/www.brennerbasisdemokratie.eu\/index.php?rest_route=\/wp\/v2\/posts\/73556\/revisions"}],"predecessor-version":[{"id":98665,"href":"https:\/\/www.brennerbasisdemokratie.eu\/index.php?rest_route=\/wp\/v2\/posts\/73556\/revisions\/98665"}],"wp:attachment":[{"href":"https:\/\/www.brennerbasisdemokratie.eu\/index.php?rest_route=%2Fwp%2Fv2%2Fmedia&parent=73556"}],"wp:term":[{"taxonomy":"category","embeddable":true,"href":"https:\/\/www.brennerbasisdemokratie.eu\/index.php?rest_route=%2Fwp%2Fv2%2Fcategories&post=73556"},{"taxonomy":"post_tag","embeddable":true,"href":"https:\/\/www.brennerbasisdemokratie.eu\/index.php?rest_route=%2Fwp%2Fv2%2Ftags&post=73556"}],"curies":[{"name":"wp","href":"https:\/\/api.w.org\/{rel}","templated":true}]}}