{"id":73777,"date":"2022-08-19T22:12:40","date_gmt":"2022-08-19T20:12:40","guid":{"rendered":"https:\/\/www.brennerbasisdemokratie.eu\/?p=73777"},"modified":"2022-08-20T12:15:58","modified_gmt":"2022-08-20T10:15:58","slug":"die-zweisprachigkeit-der-vizegouverneurin","status":"publish","type":"post","link":"https:\/\/www.brennerbasisdemokratie.eu\/?p=73777","title":{"rendered":"Die Zweisprachigkeit der Vizegouverneurin."},"content":{"rendered":"<p>Im Jahr 2019 hatte die kanadische <a title=\"Wiki: Generalgouverneur von Kanada.\" href=\"https:\/\/de.wikipedia.org\/wiki\/Generalgouverneur_von_Kanada\" target=\"_blank\" rel=\"noopener\">Generalgouverneurin<\/a>\u00a0auf Vorschlag von Regierungschef Justin Trudeau eine Vizegouverneurin f\u00fcr die Provinz Neubraunschweig (Nouveau Brunswick\/New Brunswick) ernannt, die nicht der franz\u00f6sischen Sprache m\u00e4chtig ist.<\/p>\n<p>Obschon sie auf dem Papier nach wie vor auch inhaltliche Befugnisse haben, beschr\u00e4nkt sich die Rolle der Vizegouverneurinnen in den Provinzen heute faktisch auf zeremonielle und repr\u00e4sentative Aufgaben sowie auf die Beurkundung von Gesetzen.<\/p>\n<p>Gegen die Ernennung, die einen Bruch mit der langj\u00e4hrigen Tradition zweisprachiger Amtsinhaberinnen darstellte, erhob die frankophone Vereinigung <em>Soci\u00e9t\u00e9 de l&#8217;Acadie du Nouveau-Brunswick<\/em> (SANB) Einspruch und bekam im April dieses Jahres vor dem Obersten Gericht der zweisprachigen Provinz Recht. Die Bundesregierung hatte sich ins Verfahren eingelassen und argumentiert, dass das B\u00fcro der neuen Vizegouverneurin Brenda Murphy auch dann einen zweisprachigen Dienst gew\u00e4hrleisten k\u00f6nne, wenn die Amtsinhaberin selbst nicht beider Sprachen m\u00e4chtig ist. Eine Darstellung, die das Tribunal jedoch als unzul\u00e4ssige Vereinfachung betrachtete. Es verwies darauf, dass Englisch und Franz\u00f6sisch in Neubraunschweig gleichgestellte Sprachen sind, weshalb die B\u00fcrgerinnen einen Anspruch darauf h\u00e4tten, dass auch die Vizegouverneurin beider Sprachen (gleicherma\u00dfen) m\u00e4chtig ist, selbst wenn dies gesetzlich nicht ausdr\u00fccklich so vorgeschrieben ist.<\/p>\n<p>Die SANB hatte von Anfang an klargestellt, dass ihre Klage nicht auf den R\u00fccktritt oder die Enthebung von Murphy abzielt, sondern die verpflichtende Ber\u00fccksichtigung der Zweisprachigkeit bei k\u00fcnftigen Ernennungen bezweckt.<\/p>\n<h6>Zum Vergleich<\/h6>\n<p>In S\u00fcdtirol sind die beiden Sprachen Deutsch und Italienisch auf dem Papier ebenfalls gleichgestellt. Meines Wissens war aber noch nie eine Regierungskommiss\u00e4rin (trotz ihrer erheblich gr\u00f6\u00dferen Befugnisse als die einer kanadischen Vizegouverneurin) der deutschen Sprache m\u00e4chtig, schon gar nicht auf gleichem Niveau wie der italienischen. Und jedenfalls z\u00e4hlt dies nicht zu den Voraussetzungen f\u00fcr den verantwortungsvollen Posten.<\/p>","protected":false},"excerpt":{"rendered":"<p>Im Jahr 2019 hatte die kanadische Generalgouverneurin\u00a0auf Vorschlag von Regierungschef Justin Trudeau eine Vizegouverneurin f\u00fcr die Provinz Neubraunschweig (Nouveau Brunswick\/New Brunswick) ernannt, die nicht der franz\u00f6sischen Sprache m\u00e4chtig ist. Obschon sie auf dem Papier nach wie vor auch inhaltliche Befugnisse haben, beschr\u00e4nkt sich die Rolle der Vizegouverneurinnen in den Provinzen heute faktisch auf zeremonielle und [&hellip;]<\/p>","protected":false},"author":1,"featured_media":0,"comment_status":"open","ping_status":"open","sticky":false,"template":"","format":"standard","meta":{"_crdt_document":"","ngg_post_thumbnail":0,"_jetpack_memberships_contains_paid_content":false,"footnotes":""},"categories":[1],"tags":[],"class_list":["post-73777","post","type-post","status-publish","format-standard","hentry","category-allgemein","entity-regierungskommissariat","issue-bilinguismo-negato","location-canada","location-italy","location-sudtirolo","language-deutsch","topic-comparatio","topic-plurilinguism","topic-servicepublic"],"jetpack_featured_media_url":"","jetpack_sharing_enabled":true,"_links":{"self":[{"href":"https:\/\/www.brennerbasisdemokratie.eu\/index.php?rest_route=\/wp\/v2\/posts\/73777","targetHints":{"allow":["GET"]}}],"collection":[{"href":"https:\/\/www.brennerbasisdemokratie.eu\/index.php?rest_route=\/wp\/v2\/posts"}],"about":[{"href":"https:\/\/www.brennerbasisdemokratie.eu\/index.php?rest_route=\/wp\/v2\/types\/post"}],"author":[{"embeddable":true,"href":"https:\/\/www.brennerbasisdemokratie.eu\/index.php?rest_route=\/wp\/v2\/users\/1"}],"replies":[{"embeddable":true,"href":"https:\/\/www.brennerbasisdemokratie.eu\/index.php?rest_route=%2Fwp%2Fv2%2Fcomments&post=73777"}],"version-history":[{"count":6,"href":"https:\/\/www.brennerbasisdemokratie.eu\/index.php?rest_route=\/wp\/v2\/posts\/73777\/revisions"}],"predecessor-version":[{"id":73783,"href":"https:\/\/www.brennerbasisdemokratie.eu\/index.php?rest_route=\/wp\/v2\/posts\/73777\/revisions\/73783"}],"wp:attachment":[{"href":"https:\/\/www.brennerbasisdemokratie.eu\/index.php?rest_route=%2Fwp%2Fv2%2Fmedia&parent=73777"}],"wp:term":[{"taxonomy":"category","embeddable":true,"href":"https:\/\/www.brennerbasisdemokratie.eu\/index.php?rest_route=%2Fwp%2Fv2%2Fcategories&post=73777"},{"taxonomy":"post_tag","embeddable":true,"href":"https:\/\/www.brennerbasisdemokratie.eu\/index.php?rest_route=%2Fwp%2Fv2%2Ftags&post=73777"}],"curies":[{"name":"wp","href":"https:\/\/api.w.org\/{rel}","templated":true}]}}