{"id":73978,"date":"2022-09-05T22:06:26","date_gmt":"2022-09-05T20:06:26","guid":{"rendered":"https:\/\/www.brennerbasisdemokratie.eu\/?p=73978"},"modified":"2023-12-04T19:22:16","modified_gmt":"2023-12-04T18:22:16","slug":"die-zerstorung-der-svp","status":"publish","type":"post","link":"https:\/\/www.brennerbasisdemokratie.eu\/?p=73978","title":{"rendered":"Die Zerst\u00f6rung der SVP."},"content":{"rendered":"<p>Am Freitag hat die <abbr title=\"S\u00fcdtiroler Wirtschaftszeitung\">SWZ<\/abbr> wieder das Ergebnis einer sogenannten Sonntagsfrage ver\u00f6ffentlicht, bei der abgefragt wurde, was die W\u00e4hlerinnen ankreuzen w\u00fcrden, wenn am Wochenende ein neuer Landtag gew\u00e4hlt w\u00fcrde. Wie immer handelt es sich auch bei dieser Erhebung des Sozialforschungsinstituts <em>Apollis<\/em> um eine Momentaufnahme und nicht um eine Prognose, da sich bis zum tats\u00e4chlichen Wahltermin noch einiges \u00e4ndern k\u00f6nnte, insbesondere auch Meinungen und Priorit\u00e4ten der Befragten.<\/p>\n<p>Dennoch zeichnen solche Umfragen ein wichtiges Stimmungsbild, und das ist in diesem Fall gerade f\u00fcr die Mehrheitspartei wenig schmeichelhaft. Nur noch 37% w\u00fcrden demnach heute das Edelwei\u00df ankreuzen<sup class=\"modern-footnotes-footnote modern-footnotes-footnote--hover-on-desktop \" data-mfn=\"1\" data-mfn-post-scope=\"00000000000007e30000000000000000_73978\"><a href=\"javascript:void(0)\"  role=\"button\" aria-pressed=\"false\" aria-describedby=\"mfn-content-00000000000007e30000000000000000_73978-1\">1<\/a><\/sup><span id=\"mfn-content-00000000000007e30000000000000000_73978-1\" role=\"tooltip\" class=\"modern-footnotes-footnote__note\" tabindex=\"0\" data-mfn=\"1\">Ergebnis LTW 2018: 41,9% \u2013 Sonntagsfrage Juni 2021: 43% \u2013 Sonntagsfrage J\u00e4nner 2022: 42%<\/span>, w\u00e4hrend vor allem die <em>Gr\u00fcnen<\/em>&nbsp;\u2014 auf sage und schreibe 17% \u2014 zulegen k\u00f6nnten<sup class=\"modern-footnotes-footnote modern-footnotes-footnote--hover-on-desktop \" data-mfn=\"2\" data-mfn-post-scope=\"00000000000007e30000000000000000_73978\"><a href=\"javascript:void(0)\"  role=\"button\" aria-pressed=\"false\" aria-describedby=\"mfn-content-00000000000007e30000000000000000_73978-2\">2<\/a><\/sup><span id=\"mfn-content-00000000000007e30000000000000000_73978-2\" role=\"tooltip\" class=\"modern-footnotes-footnote__note\" tabindex=\"0\" data-mfn=\"2\">Ergebnis LTW 2018: 6,8% \u2013 Sonntagsfrage Juni 2021: 13% \u2013 Sonntagsfrage J\u00e4nner 2022: 14%<\/span>. Sie w\u00e4ren dann, beg\u00fcnstigt auch durch die Sorge um den Klimawandel, schon fast halb so stark wie die <abbr title=\"S\u00fcdtiroler Volkspartei\">SVP<\/abbr>.<\/p>\n<p>Verbessern w\u00fcrden sich auch die <em>Freiheitlichen<\/em> (auf 8%)<sup class=\"modern-footnotes-footnote modern-footnotes-footnote--hover-on-desktop \" data-mfn=\"3\" data-mfn-post-scope=\"00000000000007e30000000000000000_73978\"><a href=\"javascript:void(0)\"  role=\"button\" aria-pressed=\"false\" aria-describedby=\"mfn-content-00000000000007e30000000000000000_73978-3\">3<\/a><\/sup><span id=\"mfn-content-00000000000007e30000000000000000_73978-3\" role=\"tooltip\" class=\"modern-footnotes-footnote__note\" tabindex=\"0\" data-mfn=\"3\">Ergebnis LTW 2018: 6,2% \u2013 Sonntagsfrage Juni 2021: 4% \u2013 Sonntagsfrage J\u00e4nner 2022: 6%<\/span> und <abbr title=\"Fratelli d\u2019Italia\">FdI<\/abbr> (auf 6%)<sup class=\"modern-footnotes-footnote modern-footnotes-footnote--hover-on-desktop \" data-mfn=\"4\" data-mfn-post-scope=\"00000000000007e30000000000000000_73978\"><a href=\"javascript:void(0)\"  role=\"button\" aria-pressed=\"false\" aria-describedby=\"mfn-content-00000000000007e30000000000000000_73978-4\">4<\/a><\/sup><span id=\"mfn-content-00000000000007e30000000000000000_73978-4\" role=\"tooltip\" class=\"modern-footnotes-footnote__note\" tabindex=\"0\" data-mfn=\"4\">Ergebnis LTW 2018: 1,7% \u2013 Sonntagsfrage Juni 2021: 2% \u2013 Sonntagsfrage J\u00e4nner 2022: 4%<\/span>. <abbr title=\"Partito Democratico\">PD<\/abbr><sup class=\"modern-footnotes-footnote modern-footnotes-footnote--hover-on-desktop \" data-mfn=\"5\" data-mfn-post-scope=\"00000000000007e30000000000000000_73978\"><a href=\"javascript:void(0)\"  role=\"button\" aria-pressed=\"false\" aria-describedby=\"mfn-content-00000000000007e30000000000000000_73978-5\">5<\/a><\/sup><span id=\"mfn-content-00000000000007e30000000000000000_73978-5\" role=\"tooltip\" class=\"modern-footnotes-footnote__note\" tabindex=\"0\" data-mfn=\"5\">Ergebnis LTW 2018: 3,8% \u2013 Sonntagsfrage Juni 2021: 6% \u2013 Sonntagsfrage J\u00e4nner 2022: 4%<\/span> und <abbr title=\"F\u00fcnfsternebewegung\">5SB<\/abbr><sup class=\"modern-footnotes-footnote modern-footnotes-footnote--hover-on-desktop \" data-mfn=\"6\" data-mfn-post-scope=\"00000000000007e30000000000000000_73978\"><a href=\"javascript:void(0)\"  role=\"button\" aria-pressed=\"false\" aria-describedby=\"mfn-content-00000000000007e30000000000000000_73978-6\">6<\/a><\/sup><span id=\"mfn-content-00000000000007e30000000000000000_73978-6\" role=\"tooltip\" class=\"modern-footnotes-footnote__note\" tabindex=\"0\" data-mfn=\"6\">Ergebnis LTW 2018: 2,4% \u2013 Sonntagsfrage Juni 2021: 2% \u2013 Sonntagsfrage J\u00e4nner 2022: 1%<\/span> k\u00f6nnten das magere Ergebnis der letzten Landtagswahl in etwa halten, w\u00e4hrend <abbr title=\"Team K\">TK<\/abbr><sup class=\"modern-footnotes-footnote modern-footnotes-footnote--hover-on-desktop \" data-mfn=\"7\" data-mfn-post-scope=\"00000000000007e30000000000000000_73978\"><a href=\"javascript:void(0)\"  role=\"button\" aria-pressed=\"false\" aria-describedby=\"mfn-content-00000000000007e30000000000000000_73978-7\">7<\/a><\/sup><span id=\"mfn-content-00000000000007e30000000000000000_73978-7\" role=\"tooltip\" class=\"modern-footnotes-footnote__note\" tabindex=\"0\" data-mfn=\"7\">Ergebnis LTW 2018: 15,2% \u2013 Sonntagsfrage Juni 2021: 9% \u2013 Sonntagsfrage J\u00e4nner 2022: 8%<\/span>, <abbr title=\"S\u00fcd-Tiroler Freiheit\">STF<\/abbr><sup class=\"modern-footnotes-footnote modern-footnotes-footnote--hover-on-desktop \" data-mfn=\"8\" data-mfn-post-scope=\"00000000000007e30000000000000000_73978\"><a href=\"javascript:void(0)\"  role=\"button\" aria-pressed=\"false\" aria-describedby=\"mfn-content-00000000000007e30000000000000000_73978-8\">8<\/a><\/sup><span id=\"mfn-content-00000000000007e30000000000000000_73978-8\" role=\"tooltip\" class=\"modern-footnotes-footnote__note\" tabindex=\"0\" data-mfn=\"8\">Ergebnis LTW 2018: 6% \u2013 Sonntagsfrage Juni 2021: 7% \u2013 Sonntagsfrage J\u00e4nner 2022: 7%<\/span> und <em>Lega<\/em><sup class=\"modern-footnotes-footnote modern-footnotes-footnote--hover-on-desktop \" data-mfn=\"9\" data-mfn-post-scope=\"00000000000007e30000000000000000_73978\"><a href=\"javascript:void(0)\"  role=\"button\" aria-pressed=\"false\" aria-describedby=\"mfn-content-00000000000007e30000000000000000_73978-9\">9<\/a><\/sup><span id=\"mfn-content-00000000000007e30000000000000000_73978-9\" role=\"tooltip\" class=\"modern-footnotes-footnote__note\" tabindex=\"0\" data-mfn=\"9\">Ergebnis LTW 2018: 11,1% \u2013 Sonntagsfrage Juni 2021: 10% \u2013 Sonntagsfrage J\u00e4nner 2022: 8%<\/span> die Werte von 2018 nicht mehr erreichen k\u00f6nnten.<\/p>\n<p>Eine derart geschw\u00e4chte <em>Volkspartei<\/em> w\u00e4re zwar nach innen \u2014 also in S\u00fcdtirol \u2014 ein Beitrag zur Pluralisierung; nach au\u00dfen hin, insbesondere auf staatlicher Ebene, k\u00f6nnte ein Absturz der gro\u00dfen Minderheitenpartei, wie wohl auch Oppositionelle einr\u00e4umen w\u00fcrden, mitunter als Zeichen missverstanden werden, dass den S\u00fcdtirolerinnen die Autonomie nicht mehr so wichtig ist. Umso besorgniserregender w\u00e4re dies, falls Italien demn\u00e4chst tats\u00e4chlich eine weit rechte Regierung erhielte.<\/p>\n<p>Daf\u00fcr tr\u00e4gt die SVP, die<\/p>\n<ul>\n<li>sich zu sehr mit sich selbst besch\u00e4ftigt;<\/li>\n<li>immer \u00f6fter als Freunderl-, Selbstbedienungs- und Lobbypartei wahrgenommen wird;<\/li>\n<li>das Soziale ebenso h\u00e4ufig vernachl\u00e4ssigt wie ihre einstigen Kernthemen (Autonomieausbau, Minderheitenschutz\u2026) und<\/li>\n<li>noch nicht einmal eine klare Abgrenzung zur postfaschistischen FdI auf die Reihe kriegt<\/li>\n<\/ul>\n<p>allerdings die fast alleinige Schuld. Genausowenig wie Rezo <a title=\"YT: Rezo: Die Zerst\u00f6rung der CDU.\" href=\"https:\/\/www.youtube.com\/watch?v=4Y1lZQsyuSQ\" target=\"_blank\" rel=\"noopener\">damals<\/a> als \u00dcberbringer der schlechten Nachricht f\u00fcr die \u00bbZerst\u00f6rung\u00ab der <abbr title=\"Christlich Demokratische Union\">CDU<\/abbr> verantwortlich war, sind hierzulande Journalistinnen, die wenig erbauliche Machenschaften und Skandale in der <em>Volkspartei<\/em> aufdecken, f\u00fcr <em>deren<\/em> Zerst\u00f6rung verantwortlich \u2014 wiewohl sich das offenbar einige in der Sammelpartei einreden wollen.<\/p>\n<p>Bei der SVP-Landesversammlung vom Samstag waren zumindest schon einige T\u00f6ne zu vernehmen, die man als Schritt in die richtige Richtung werten k\u00f6nnte. Ob den Worten auch Taten folgen werden und welche Linie sich schlussendlich durchsetzt, muss sich aber erst zeigen.<\/p>\n<p>Sp\u00e4testens im Herbst 2023 steht dann aber keine Sonntagsfrage mehr an. Wenn beim Ergebnis der <em>Volkspartei<\/em> auch dann noch eine drei vorne steht, wird es f\u00fcr Arno Kompatscher<sup class=\"modern-footnotes-footnote modern-footnotes-footnote--hover-on-desktop \" data-mfn=\"10\" data-mfn-post-scope=\"00000000000007e30000000000000000_73978\"><a href=\"javascript:void(0)\"  role=\"button\" aria-pressed=\"false\" aria-describedby=\"mfn-content-00000000000007e30000000000000000_73978-10\">10<\/a><\/sup><span id=\"mfn-content-00000000000007e30000000000000000_73978-10\" role=\"tooltip\" class=\"modern-footnotes-footnote__note\" tabindex=\"0\" data-mfn=\"10\">sofern er noch einmal antritt<\/span>, Philipp Achammer und alle anderen in der Partei ungem\u00fctlich.<\/p>\n<p><strong><span style=\"font-family: Helvetica, Arial, sans-serif; text-transform: uppercase;\">C\u00ebla enghe:<\/span><\/strong> <a title=\"Apollis-Sonntagsfrage f\u00fcr die SWZ.\" href=\"https:\/\/www.brennerbasisdemokratie.eu\/?p=67091\" rel=\"\"><code>01<\/code><\/a> <a title=\"Sonntagsfrage: SVP verliert, PD legt zu.\" href=\"https:\/\/www.brennerbasisdemokratie.eu\/?p=12157\" rel=\"\"><code>02<\/code><\/a> <span style=\"font-family: Helvetica, Arial, sans-serif; font-weight: normal;\">||<\/span> <a href=\"https:\/\/www.brennerbasisdemokratie.eu\/?p=81575\" title=\"Zum Landtagswahlergebnis.\"><span style=\"color: #ff8c00\"><code>01<\/code><\/span><\/a><\/p>\n<ul class=\"modern-footnotes-list modern-footnotes-list--show-only-for-print\"><li><span>1<\/span><div>Ergebnis LTW 2018: 41,9% \u2013 Sonntagsfrage Juni 2021: 43% \u2013 Sonntagsfrage J\u00e4nner 2022: 42%<\/div><\/li><li><span>2<\/span><div>Ergebnis LTW 2018: 6,8% \u2013 Sonntagsfrage Juni 2021: 13% \u2013 Sonntagsfrage J\u00e4nner 2022: 14%<\/div><\/li><li><span>3<\/span><div>Ergebnis LTW 2018: 6,2% \u2013 Sonntagsfrage Juni 2021: 4% \u2013 Sonntagsfrage J\u00e4nner 2022: 6%<\/div><\/li><li><span>4<\/span><div>Ergebnis LTW 2018: 1,7% \u2013 Sonntagsfrage Juni 2021: 2% \u2013 Sonntagsfrage J\u00e4nner 2022: 4%<\/div><\/li><li><span>5<\/span><div>Ergebnis LTW 2018: 3,8% \u2013 Sonntagsfrage Juni 2021: 6% \u2013 Sonntagsfrage J\u00e4nner 2022: 4%<\/div><\/li><li><span>6<\/span><div>Ergebnis LTW 2018: 2,4% \u2013 Sonntagsfrage Juni 2021: 2% \u2013 Sonntagsfrage J\u00e4nner 2022: 1%<\/div><\/li><li><span>7<\/span><div>Ergebnis LTW 2018: 15,2% \u2013 Sonntagsfrage Juni 2021: 9% \u2013 Sonntagsfrage J\u00e4nner 2022: 8%<\/div><\/li><li><span>8<\/span><div>Ergebnis LTW 2018: 6% \u2013 Sonntagsfrage Juni 2021: 7% \u2013 Sonntagsfrage J\u00e4nner 2022: 7%<\/div><\/li><li><span>9<\/span><div>Ergebnis LTW 2018: 11,1% \u2013 Sonntagsfrage Juni 2021: 10% \u2013 Sonntagsfrage J\u00e4nner 2022: 8%<\/div><\/li><li><span>10<\/span><div>sofern er noch einmal antritt<\/div><\/li><\/ul>","protected":false},"excerpt":{"rendered":"<p>Am Freitag hat die SWZ wieder das Ergebnis einer sogenannten Sonntagsfrage ver\u00f6ffentlicht, bei der abgefragt wurde, was die W\u00e4hlerinnen ankreuzen w\u00fcrden, wenn am Wochenende ein neuer Landtag gew\u00e4hlt w\u00fcrde. Wie immer handelt es sich auch bei dieser Erhebung des Sozialforschungsinstituts Apollis um eine Momentaufnahme und nicht um eine Prognose, da sich bis zum tats\u00e4chlichen Wahltermin [&hellip;]<\/p>","protected":false},"author":1,"featured_media":0,"comment_status":"open","ping_status":"open","sticky":false,"template":"","format":"standard","meta":{"_crdt_document":"","ngg_post_thumbnail":0,"_jetpack_memberships_contains_paid_content":false,"footnotes":""},"categories":[1],"tags":[],"class_list":["post-73978","post","type-post","status-publish","format-standard","hentry","category-allgemein","entity-5sb","entity-apollis","entity-cdu-csu","entity-fdi","entity-freiheitliche","entity-lega","entity-pd","entity-stf","entity-sudtiroler-landtag","entity-svp","entity-tk","entity-verc","issue-landtagswahl-2018","issue-landtagswahl-2023","location-sudtirolo","language-deutsch","medium-swz","person-arno-kompatscher","person-christoph-franceschini","person-philipp-achammer","topic-minderheitenschutz","topic-politik","topic-statistik","topic-transparenz"],"jetpack_featured_media_url":"","jetpack_sharing_enabled":true,"_links":{"self":[{"href":"https:\/\/www.brennerbasisdemokratie.eu\/index.php?rest_route=\/wp\/v2\/posts\/73978","targetHints":{"allow":["GET"]}}],"collection":[{"href":"https:\/\/www.brennerbasisdemokratie.eu\/index.php?rest_route=\/wp\/v2\/posts"}],"about":[{"href":"https:\/\/www.brennerbasisdemokratie.eu\/index.php?rest_route=\/wp\/v2\/types\/post"}],"author":[{"embeddable":true,"href":"https:\/\/www.brennerbasisdemokratie.eu\/index.php?rest_route=\/wp\/v2\/users\/1"}],"replies":[{"embeddable":true,"href":"https:\/\/www.brennerbasisdemokratie.eu\/index.php?rest_route=%2Fwp%2Fv2%2Fcomments&post=73978"}],"version-history":[{"count":12,"href":"https:\/\/www.brennerbasisdemokratie.eu\/index.php?rest_route=\/wp\/v2\/posts\/73978\/revisions"}],"predecessor-version":[{"id":82353,"href":"https:\/\/www.brennerbasisdemokratie.eu\/index.php?rest_route=\/wp\/v2\/posts\/73978\/revisions\/82353"}],"wp:attachment":[{"href":"https:\/\/www.brennerbasisdemokratie.eu\/index.php?rest_route=%2Fwp%2Fv2%2Fmedia&parent=73978"}],"wp:term":[{"taxonomy":"category","embeddable":true,"href":"https:\/\/www.brennerbasisdemokratie.eu\/index.php?rest_route=%2Fwp%2Fv2%2Fcategories&post=73978"},{"taxonomy":"post_tag","embeddable":true,"href":"https:\/\/www.brennerbasisdemokratie.eu\/index.php?rest_route=%2Fwp%2Fv2%2Ftags&post=73978"}],"curies":[{"name":"wp","href":"https:\/\/api.w.org\/{rel}","templated":true}]}}