{"id":73990,"date":"2022-09-06T12:36:18","date_gmt":"2022-09-06T10:36:18","guid":{"rendered":"https:\/\/www.brennerbasisdemokratie.eu\/?p=73990"},"modified":"2026-02-03T12:13:44","modified_gmt":"2026-02-03T11:13:44","slug":"smantellamento-delle-specialita","status":"publish","type":"post","link":"https:\/\/www.brennerbasisdemokratie.eu\/?p=73990","title":{"rendered":"Smantellamento delle specialit\u00e0."},"content":{"rendered":"<blockquote><p>Sono tempi difficili per tutte le autonomie speciali e solo una forte capacit\u00e0 istituzionale pu\u00f2 sostenere le nostre due Autonomie in un confronto nel quale sistema nazionale dei partiti, apparati ministeriali e la stessa corte costituzionale sembrano impegnati in un progressivo smantellamento delle specialit\u00e0.<\/p><\/blockquote>\n<p><em>tratto da <\/em>\u00c8 tempo del terzo statuto,<em> commento a firma del prof. Roberto Toniatti apparso sull&#8217;inserto sudtirolese del <\/em>Corriere, <em>edizione odierna<\/em><\/p>\n<p><strong><span style=\"font-family: Helvetica, Arial, sans-serif; text-transform: uppercase;\">C\u00ebla enghe:<\/span><\/strong> <a title=\"Competenze perse: piagnisteo?\" href=\"https:\/\/www.brennerbasisdemokratie.eu\/?p=54282\"><code>01<\/code><\/a> <a title=\"Landtag will Autonomie wiederherstellen.\" href=\"https:\/\/www.brennerbasisdemokratie.eu\/?p=72684\"><code>02<\/code><\/a> <a title=\"50% der Zust\u00e4ndigkeiten wurden beschnitten.\" href=\"https:\/\/www.brennerbasisdemokratie.eu\/?p=71051\"><code>03<\/code><\/a> <span style=\"font-family: Helvetica, Arial, sans-serif; font-weight: normal;\">||<\/span> <a title=\"VfG: Staat sticht Land auch beim Wahlrecht.\" href=\"https:\/\/www.brennerbasisdemokratie.eu\/?p=95934\"><span style=\"color: #ff8c00\"><code>01<\/code><\/span><\/a><\/p>","protected":false},"excerpt":{"rendered":"<p>Sono tempi difficili per tutte le autonomie speciali e solo una forte capacit\u00e0 istituzionale pu\u00f2 sostenere le nostre due Autonomie in un confronto nel quale sistema nazionale dei partiti, apparati ministeriali e la stessa corte costituzionale sembrano impegnati in un progressivo smantellamento delle specialit\u00e0. tratto da \u00c8 tempo del terzo statuto, commento a firma del [&hellip;]<\/p>","protected":false},"author":1,"featured_media":0,"comment_status":"open","ping_status":"open","sticky":false,"template":"","format":"standard","meta":{"_crdt_document":"","ngg_post_thumbnail":0,"_jetpack_memberships_contains_paid_content":false,"footnotes":""},"categories":[1],"tags":[],"class_list":["post-73990","post","type-post","status-publish","format-standard","hentry","category-allgemein","entity-staat-italien","entity-verfassungsgericht","issue-quotation","location-italy","location-sudtirolo","location-trentino","language-italiano","medium-corriere","person-roberto-toniatti","topic-autonomieverlust","topic-staatland","topic-vorzeigeautonomie","topic-zentralismus"],"jetpack_featured_media_url":"","jetpack_sharing_enabled":true,"_links":{"self":[{"href":"https:\/\/www.brennerbasisdemokratie.eu\/index.php?rest_route=\/wp\/v2\/posts\/73990","targetHints":{"allow":["GET"]}}],"collection":[{"href":"https:\/\/www.brennerbasisdemokratie.eu\/index.php?rest_route=\/wp\/v2\/posts"}],"about":[{"href":"https:\/\/www.brennerbasisdemokratie.eu\/index.php?rest_route=\/wp\/v2\/types\/post"}],"author":[{"embeddable":true,"href":"https:\/\/www.brennerbasisdemokratie.eu\/index.php?rest_route=\/wp\/v2\/users\/1"}],"replies":[{"embeddable":true,"href":"https:\/\/www.brennerbasisdemokratie.eu\/index.php?rest_route=%2Fwp%2Fv2%2Fcomments&post=73990"}],"version-history":[{"count":5,"href":"https:\/\/www.brennerbasisdemokratie.eu\/index.php?rest_route=\/wp\/v2\/posts\/73990\/revisions"}],"predecessor-version":[{"id":95940,"href":"https:\/\/www.brennerbasisdemokratie.eu\/index.php?rest_route=\/wp\/v2\/posts\/73990\/revisions\/95940"}],"wp:attachment":[{"href":"https:\/\/www.brennerbasisdemokratie.eu\/index.php?rest_route=%2Fwp%2Fv2%2Fmedia&parent=73990"}],"wp:term":[{"taxonomy":"category","embeddable":true,"href":"https:\/\/www.brennerbasisdemokratie.eu\/index.php?rest_route=%2Fwp%2Fv2%2Fcategories&post=73990"},{"taxonomy":"post_tag","embeddable":true,"href":"https:\/\/www.brennerbasisdemokratie.eu\/index.php?rest_route=%2Fwp%2Fv2%2Ftags&post=73990"}],"curies":[{"name":"wp","href":"https:\/\/api.w.org\/{rel}","templated":true}]}}