{"id":74047,"date":"2022-09-17T16:43:12","date_gmt":"2022-09-17T14:43:12","guid":{"rendered":"https:\/\/www.brennerbasisdemokratie.eu\/?p=74047"},"modified":"2022-09-18T17:49:26","modified_gmt":"2022-09-18T15:49:26","slug":"basco-galiziano-catalano-nel-parlamento-europeo","status":"publish","type":"post","link":"https:\/\/www.brennerbasisdemokratie.eu\/?p=74047","title":{"rendered":"Basco, galiziano, catalano nel Parlamento europeo."},"content":{"rendered":"<p>Il governo spagnolo ha avanzato ufficialmente la richiesta al Parlamento europeo di riconoscere il basco, il galiziano e il catalano e di consentirne l&#8217;uso ad esempio negli interventi in aula. Questo \u00e8 uno dei pochi risultati tangibili finora scaturiti dal tavolo di trattativa tra il governo socialista spagnolo di Pedro S\u00e1nchez (<abbr title=\"Partido Socialista Obrero Espa\u00f1ol\">PSOE<\/abbr>) e quello indipendentista catalano di Pere Aragon\u00e9s (<abbr title=\"Esquerra Republicana de Catalunya\">ERC<\/abbr>) \u2014 dal quale S\u00e1nchez aveva bandito fin da subito il tema pi\u00f9 scottante, l&#8217;autodeterminazione, scatenando le proteste catalane.<\/p>\n<p>Quella di ufficializzare le lingue minoritarie nella camera europea \u00e8 una vecchia richiesta di molti europarlamentari baschi, galiziani e catalani, che per\u00f2 si sono sempre dovuti scontrare con un&#8217;amministrazione europea che ascolta solo gli stati e con governi spagnoli di ogni colore che finora si erano pervicacemente rifiutati di soddisfare le loro richieste.<\/p>\n<p>L&#8217;attuale passo non significa comunque che le tre lingue parlate nello stato spagnolo stiano per diventare a tutti gli effetti lingue ufficiali dell&#8217;Unione europea, come avvenuto recentemente con l&#8217;irlandese, in quanto il loro riconoscimento si limiter\u00e0 (per ora) al solo ambito parlamentare.<\/p>\n<p>In passato vari deputati europei <a title=\"EU-Parlament: Eklat um Minderheitensprachen.\" href=\"https:\/\/www.brennerbasisdemokratie.eu\/?p=34981\">avevano fatto uso delle lingue minoritarie<\/a> non riconosciute per sensibilizzare i loro colleghi sulla discriminazione che stavano subendo, e alcuni baschi, galiziani e catalani si erano abituati a fare i loro interventi in <a title=\"Europe is for exigents.\" href=\"https:\/\/www.brennerbasisdemokratie.eu\/?p=54141\">inglese<\/a>, francese o tedesco come segno di disobbedienza nei confronti di chi voleva imporre loro di \u00abfare i castigliani\u00bb a Strasburgo.<\/p>\n<p>Ora per\u00f2 finalmente il governo centrale si \u00e8 deciso a fare questo passo verso la parit\u00e0 linguistica e ben presto, c&#8217;\u00e8 da scommetterci, i suoni delle lingue basca, galiziana e catalana saranno regolarmente udibili nel luogo della democrazia europea. Pi\u00f9 improbabile invece che vengano riconosciuti anche il friulano o il sardo, che \u2014 nonostante la <a title=\"Costituzione pi\u00f9 bella del mondo.\" href=\"https:\/\/www.brennerbasisdemokratie.eu\/?p=16291\">costituzione pi\u00f9 bella del mondo<\/a> \u2014 non si parlano nemmeno nei rispettivi consigli regionali.<\/p>","protected":false},"excerpt":{"rendered":"<p>Il governo spagnolo ha avanzato ufficialmente la richiesta al Parlamento europeo di riconoscere il basco, il galiziano e il catalano e di consentirne l&#8217;uso ad esempio negli interventi in aula. Questo \u00e8 uno dei pochi risultati tangibili finora scaturiti dal tavolo di trattativa tra il governo socialista spagnolo di Pedro S\u00e1nchez (PSOE) e quello indipendentista [&hellip;]<\/p>","protected":false},"author":1,"featured_media":0,"comment_status":"open","ping_status":"open","sticky":false,"template":"","format":"standard","meta":{"_crdt_document":"","ngg_post_thumbnail":0,"_jetpack_memberships_contains_paid_content":false,"footnotes":""},"categories":[1],"tags":[],"class_list":["post-74047","post","type-post","status-publish","format-standard","hentry","category-allgemein","entity-erc","entity-eu-parlament","entity-psoe","issue-good-news","location-catalunya","location-europa","location-euskadi","location-friaul","location-galiza","location-sardigna","language-italiano","person-pedro-sanchez","person-pere-aragones","topic-minderheitenschutz","topic-plurilinguism","topic-politik"],"jetpack_featured_media_url":"","jetpack_sharing_enabled":true,"_links":{"self":[{"href":"https:\/\/www.brennerbasisdemokratie.eu\/index.php?rest_route=\/wp\/v2\/posts\/74047","targetHints":{"allow":["GET"]}}],"collection":[{"href":"https:\/\/www.brennerbasisdemokratie.eu\/index.php?rest_route=\/wp\/v2\/posts"}],"about":[{"href":"https:\/\/www.brennerbasisdemokratie.eu\/index.php?rest_route=\/wp\/v2\/types\/post"}],"author":[{"embeddable":true,"href":"https:\/\/www.brennerbasisdemokratie.eu\/index.php?rest_route=\/wp\/v2\/users\/1"}],"replies":[{"embeddable":true,"href":"https:\/\/www.brennerbasisdemokratie.eu\/index.php?rest_route=%2Fwp%2Fv2%2Fcomments&post=74047"}],"version-history":[{"count":7,"href":"https:\/\/www.brennerbasisdemokratie.eu\/index.php?rest_route=\/wp\/v2\/posts\/74047\/revisions"}],"predecessor-version":[{"id":74064,"href":"https:\/\/www.brennerbasisdemokratie.eu\/index.php?rest_route=\/wp\/v2\/posts\/74047\/revisions\/74064"}],"wp:attachment":[{"href":"https:\/\/www.brennerbasisdemokratie.eu\/index.php?rest_route=%2Fwp%2Fv2%2Fmedia&parent=74047"}],"wp:term":[{"taxonomy":"category","embeddable":true,"href":"https:\/\/www.brennerbasisdemokratie.eu\/index.php?rest_route=%2Fwp%2Fv2%2Fcategories&post=74047"},{"taxonomy":"post_tag","embeddable":true,"href":"https:\/\/www.brennerbasisdemokratie.eu\/index.php?rest_route=%2Fwp%2Fv2%2Ftags&post=74047"}],"curies":[{"name":"wp","href":"https:\/\/api.w.org\/{rel}","templated":true}]}}