{"id":74223,"date":"2022-10-01T07:30:00","date_gmt":"2022-10-01T05:30:00","guid":{"rendered":"https:\/\/www.brennerbasisdemokratie.eu\/?p=74223"},"modified":"2023-01-29T09:18:28","modified_gmt":"2023-01-29T08:18:28","slug":"urzi-attackiert-rai-sudtirol","status":"publish","type":"post","link":"https:\/\/www.brennerbasisdemokratie.eu\/?p=74223","title":{"rendered":"Urz\u00ec attackiert Rai S\u00fcdtirol."},"content":{"rendered":"<p>Seit den Wahlen vom letzten Sonntag steht fest, dass die postfaschistische <abbr title=\"Fratelli d\u2019Italia\">FdI<\/abbr> st\u00e4rkste Kraft im neuen \u2014 von der rechtsrechten Koalition um Giorgia Meloni, Matteo Salvini und Silvio Berlusconi dominierten \u2014 italienischen Parlament sein wird. Meloni kann daher Anspruch auf das Amt der Ministerpr\u00e4sidentin erheben.<\/p>\n<p>Mit im Bunde auch das in Vicenza gew\u00e4hlte rechtsradikale Urgestein aus S\u00fcdtirol, Alessandro Urz\u00ec (FdI). Der hat sich jetzt in einem langen <em>Facebook<\/em>\u2013<a title=\"FB-Eintrag.\" href=\"https:\/\/www.facebook.com\/story.php?story_fbid=pfbid02SrhLFhgCHLz3Uw7FdnWgd378zHTk2nio5Q2scFA3aLdpbHXjZyqsBKbXLTrMxn3Hl&amp;id=100063805326151\" target=\"_blank\" rel=\"noopener\">Eintrag<\/a>\u00a0\u00f6ffentlich \u00fcber <em>Rai S\u00fcdtirol<\/em> beschwert, dessen Berichterstattung nicht nach seinem Geschmack ausf\u00e4llt. So st\u00f6\u00dft er sich zum Beispiel daran, dass der \u00f6ffentlich-rechtliche Sender seine postfaschistische Partei \u2014 wie es auch andere Medien tun \u2014 korrekt als postfaschistisch bezeichnet. Chefredakteurin Heidy Kessler habe sogar von einer nationalistischen, zentralistischen und egoistischen italienischen Rechten gesprochen.<\/p>\n<p>Dass ihn <em>Rai S\u00fcdtirol<\/em> als \u00bbKammerabgeordneter von <em>Fratelli d&#8217;Italia<\/em> in Vicenza\u00ab bezeichnete, missf\u00e4llt Urz\u00ec ebenfalls.\u00a0Er wittert eine Verletzung des \u00dcberparteilichkeitsgebots und droht offen mit Konsequenzen.<\/p>\n<p>Die deutschsprachige <em>Rai<\/em> f\u00f6rdere \u00bbideologischen Terrorismus\u00ab. Hinter der Betonung, dass er nicht in S\u00fcdtirol gew\u00e4hlt wurde, vermutet er eine Vorgabe der <abbr title=\"S\u00fcdtiroler Volkspartei\">SVP<\/abbr>, weshalb Urz\u00ec zudem von einem \u00bbPropagandasystem\u00ab nach DDR-Muster und gar von einem \u00bbEinsch\u00fcchterungsversuch\u00ab der <em>Rai<\/em> faselt, die ihm nichts weniger als den Wohnsitz streitig mache. Dabei habe FdI doch nur \u00bbgro\u00dfz\u00fcgigerweise\u00ab eine italienische Vertretung f\u00fcr S\u00fcdtirol im Parlament gew\u00e4hrleisten wollen \u2014 \u00fcber die aber, einem sonderbaren Demokratieverst\u00e4ndnis folgend, die W\u00e4hlerinnen in Venetien und nicht jene in S\u00fcdtirol zu befinden hatten.<\/p>\n<p>Wenn die Stellungnahme von Urz\u00ec ein Vorgeschmack auf die kommende Regierungszeit ist, die ja noch gar nicht begonnen hat, k\u00f6nnen wir uns auf einiges gefasst machen.<\/p>\n<p><strong><span style=\"font-family: Helvetica, Arial, sans-serif; text-transform: uppercase;\">C\u00ebla enghe:<\/span><\/strong> <a title=\"Autorit\u00e4res Demokratieverst\u00e4ndnis.\" href=\"https:\/\/www.brennerbasisdemokratie.eu\/?p=74271\" rel=\"\"><span style=\"color: #ff8c00\"><code>01<\/code><\/span><\/a><\/p>","protected":false},"excerpt":{"rendered":"<p>Seit den Wahlen vom letzten Sonntag steht fest, dass die postfaschistische FdI st\u00e4rkste Kraft im neuen \u2014 von der rechtsrechten Koalition um Giorgia Meloni, Matteo Salvini und Silvio Berlusconi dominierten \u2014 italienischen Parlament sein wird. Meloni kann daher Anspruch auf das Amt der Ministerpr\u00e4sidentin erheben. Mit im Bunde auch das in Vicenza gew\u00e4hlte rechtsradikale Urgestein [&hellip;]<\/p>","protected":false},"author":1,"featured_media":0,"comment_status":"open","ping_status":"open","sticky":false,"template":"","format":"standard","meta":{"_crdt_document":"","ngg_post_thumbnail":0,"_jetpack_memberships_contains_paid_content":false,"footnotes":""},"categories":[1],"tags":[],"class_list":["post-74223","post","type-post","status-publish","format-standard","hentry","category-allgemein","entity-fdi","entity-pdl","entity-svp","issue-parlamentswahl-2022","location-italy","location-sudtirolo","location-venetien","language-deutsch","medium-rai","medium-socialmedia","person-alessandro-urzi","person-giorgia-meloni","person-heidy-kessler","topic-colonialismi","topic-democrazia","topic-faschismen","topic-grundrechte","topic-medien","topic-politik","topic-servicepublic"],"jetpack_featured_media_url":"","jetpack_sharing_enabled":true,"_links":{"self":[{"href":"https:\/\/www.brennerbasisdemokratie.eu\/index.php?rest_route=\/wp\/v2\/posts\/74223","targetHints":{"allow":["GET"]}}],"collection":[{"href":"https:\/\/www.brennerbasisdemokratie.eu\/index.php?rest_route=\/wp\/v2\/posts"}],"about":[{"href":"https:\/\/www.brennerbasisdemokratie.eu\/index.php?rest_route=\/wp\/v2\/types\/post"}],"author":[{"embeddable":true,"href":"https:\/\/www.brennerbasisdemokratie.eu\/index.php?rest_route=\/wp\/v2\/users\/1"}],"replies":[{"embeddable":true,"href":"https:\/\/www.brennerbasisdemokratie.eu\/index.php?rest_route=%2Fwp%2Fv2%2Fcomments&post=74223"}],"version-history":[{"count":9,"href":"https:\/\/www.brennerbasisdemokratie.eu\/index.php?rest_route=\/wp\/v2\/posts\/74223\/revisions"}],"predecessor-version":[{"id":76783,"href":"https:\/\/www.brennerbasisdemokratie.eu\/index.php?rest_route=\/wp\/v2\/posts\/74223\/revisions\/76783"}],"wp:attachment":[{"href":"https:\/\/www.brennerbasisdemokratie.eu\/index.php?rest_route=%2Fwp%2Fv2%2Fmedia&parent=74223"}],"wp:term":[{"taxonomy":"category","embeddable":true,"href":"https:\/\/www.brennerbasisdemokratie.eu\/index.php?rest_route=%2Fwp%2Fv2%2Fcategories&post=74223"},{"taxonomy":"post_tag","embeddable":true,"href":"https:\/\/www.brennerbasisdemokratie.eu\/index.php?rest_route=%2Fwp%2Fv2%2Ftags&post=74223"}],"curies":[{"name":"wp","href":"https:\/\/api.w.org\/{rel}","templated":true}]}}