{"id":74235,"date":"2022-10-01T19:26:24","date_gmt":"2022-10-01T17:26:24","guid":{"rendered":"https:\/\/www.brennerbasisdemokratie.eu\/?p=74235"},"modified":"2022-10-01T20:08:15","modified_gmt":"2022-10-01T18:08:15","slug":"hundert-jahre-marsch-auf-bozen","status":"publish","type":"post","link":"https:\/\/www.brennerbasisdemokratie.eu\/?p=74235","title":{"rendered":"Hundert Jahre Marsch auf Bozen."},"content":{"rendered":"<p>Heute vor genau hundert Jahren fand der <em><a title=\"Wiki: Marsch auf Bozen.\" href=\"https:\/\/de.wikipedia.org\/wiki\/Marsch_auf_Bozen\" target=\"_blank\" rel=\"noopener\">Marsch auf Bozen<\/a><\/em> statt, in dessen Rahmen faschistische Schl\u00e4gertrupps unter anderem f\u00fcr die Absetzung des gew\u00e4hlten B\u00fcrgermeisters Julius Perathoner sorgten und eine deutsche Schule besetzten, um ihre Umwandlung in eine italienische Schule zu erzwingen. Beides wurde niemals r\u00fcckg\u00e4ngig gemacht.<\/p>\n<p>Weniger als einen Monat sp\u00e4ter, am 27. Oktober 1922, fand der <em>Marsch auf Rom<\/em> statt.<\/p>\n<p>Landeshauptmann Arno Kompatscher (<abbr title=\"S\u00fcdtiroler Volkspartei\">SVP<\/abbr>) <a title=\"FB-Eintrag.\" href=\"https:\/\/www.facebook.com\/story.php?story_fbid=pfbid0MwSXGnr8exYKcCimkQhsppyeYHAKt8LBZiLSFcp1AgfzHVZH13gJWKR9Lg2FNtLal&amp;id=100044634330220\" target=\"_blank\" rel=\"noopener\">fordert<\/a>, die damaligen Geschehnisse sollen uns eine Lehre sein. Wir m\u00fcssten stets wachsam sein und unsere demokratischen Werte und Grundregeln verteidigen. Das ist nach dem <a title=\"Hundert Jahre danach.\" href=\"https:\/\/www.brennerbasisdemokratie.eu\/?p=74177\" rel=\"\">Ergebnis der j\u00fcngsten Parlamentswahl<\/a>\u00a0wohl mehr denn je n\u00f6tig. Die rechtsradikale <em>Lega,<\/em> Koalitionspartnerin der SVP in S\u00fcdtirol, wird voraussichtlich bald eine Regierung unter F\u00fchrung der Postfaschistin Giorgia Meloni (<abbr title=\"Fratelli d\u2019Italia\">FdI<\/abbr>) unterst\u00fctzen.<\/p>\n<p>SVP-Obmann Philipp Achammer <a title=\"FB-Eintrag.\" href=\"https:\/\/www.facebook.com\/story.php?story_fbid=pfbid036Aax1qGrgQi3AvsQwFjJ767fxBefoDbSZxTNsd4MDz2Nu7YcLCkfDosKqbuSnQD6l&amp;id=100044307015515\" target=\"_blank\" rel=\"noopener\">erinnert daran<\/a>, dass nur ein Jahr nach dem <em>Marsch auf Bozen<\/em> die deutschsprachige Schule in S\u00fcdtirol abgeschafft wurde. Es sei unsere Verantwortung, dass nie wieder passiert, was unsere Vorfahren erleiden mussten. Diesbez\u00fcglich regt er auch <a title=\"TAZ: Dunkle Vergangenheit.\" href=\"https:\/\/www.tageszeitung.it\/2022\/10\/01\/dunkle-vergangenheit\/\" target=\"_blank\" rel=\"noopener\">die Umbenennung der Amba-Alagi-Stra\u00dfe in Bozen<\/a> an, wo die deutsche Bildungsdirektion ihren Sitz hat.<\/p>\n<p><strong><span style=\"font-family: Helvetica, Arial, sans-serif; text-transform: uppercase;\">C\u00ebla enghe:<\/span><\/strong> <a title=\"Marschs auf Bozen gedacht.\" href=\"https:\/\/www.brennerbasisdemokratie.eu\/?p=12890\"><code>01<\/code><\/a> <a title=\"Per sempre?\" href=\"https:\/\/www.brennerbasisdemokratie.eu\/?p=29491\"><code>02<\/code><\/a> <a title=\"Eine Topographie des Grauens.\" href=\"https:\/\/www.brennerbasisdemokratie.eu\/?p=63617\"><code>03<\/code><\/a> <a title=\"Nie wieder\u2026 oder doch?\" href=\"https:\/\/www.brennerbasisdemokratie.eu\/?p=45625\"><code>04<\/code><\/a><\/p>","protected":false},"excerpt":{"rendered":"<p>Heute vor genau hundert Jahren fand der Marsch auf Bozen statt, in dessen Rahmen faschistische Schl\u00e4gertrupps unter anderem f\u00fcr die Absetzung des gew\u00e4hlten B\u00fcrgermeisters Julius Perathoner sorgten und eine deutsche Schule besetzten, um ihre Umwandlung in eine italienische Schule zu erzwingen. Beides wurde niemals r\u00fcckg\u00e4ngig gemacht. Weniger als einen Monat sp\u00e4ter, am 27. Oktober 1922, [&hellip;]<\/p>","protected":false},"author":1,"featured_media":0,"comment_status":"open","ping_status":"open","sticky":false,"template":"","format":"standard","meta":{"_crdt_document":"","ngg_post_thumbnail":0,"_jetpack_memberships_contains_paid_content":false,"footnotes":""},"categories":[1],"tags":[],"class_list":["post-74235","post","type-post","status-publish","format-standard","hentry","category-allgemein","entity-fdi","entity-lega","entity-svp","issue-faschistische-relikte","issue-geschichtsaufarbeitung","issue-parlamentswahl-2022","location-italy","location-sudtirolo","language-deutsch","medium-socialmedia","person-arno-kompatscher","person-giorgia-meloni","person-philipp-achammer","topic-colonialismi","topic-faschismen","topic-geschichte","topic-politik","topic-scola"],"jetpack_featured_media_url":"","jetpack_sharing_enabled":true,"_links":{"self":[{"href":"https:\/\/www.brennerbasisdemokratie.eu\/index.php?rest_route=\/wp\/v2\/posts\/74235","targetHints":{"allow":["GET"]}}],"collection":[{"href":"https:\/\/www.brennerbasisdemokratie.eu\/index.php?rest_route=\/wp\/v2\/posts"}],"about":[{"href":"https:\/\/www.brennerbasisdemokratie.eu\/index.php?rest_route=\/wp\/v2\/types\/post"}],"author":[{"embeddable":true,"href":"https:\/\/www.brennerbasisdemokratie.eu\/index.php?rest_route=\/wp\/v2\/users\/1"}],"replies":[{"embeddable":true,"href":"https:\/\/www.brennerbasisdemokratie.eu\/index.php?rest_route=%2Fwp%2Fv2%2Fcomments&post=74235"}],"version-history":[{"count":12,"href":"https:\/\/www.brennerbasisdemokratie.eu\/index.php?rest_route=\/wp\/v2\/posts\/74235\/revisions"}],"predecessor-version":[{"id":74254,"href":"https:\/\/www.brennerbasisdemokratie.eu\/index.php?rest_route=\/wp\/v2\/posts\/74235\/revisions\/74254"}],"wp:attachment":[{"href":"https:\/\/www.brennerbasisdemokratie.eu\/index.php?rest_route=%2Fwp%2Fv2%2Fmedia&parent=74235"}],"wp:term":[{"taxonomy":"category","embeddable":true,"href":"https:\/\/www.brennerbasisdemokratie.eu\/index.php?rest_route=%2Fwp%2Fv2%2Fcategories&post=74235"},{"taxonomy":"post_tag","embeddable":true,"href":"https:\/\/www.brennerbasisdemokratie.eu\/index.php?rest_route=%2Fwp%2Fv2%2Ftags&post=74235"}],"curies":[{"name":"wp","href":"https:\/\/api.w.org\/{rel}","templated":true}]}}