{"id":74507,"date":"2022-10-16T18:10:25","date_gmt":"2022-10-16T16:10:25","guid":{"rendered":"https:\/\/www.brennerbasisdemokratie.eu\/?p=74507"},"modified":"2022-10-27T22:03:20","modified_gmt":"2022-10-27T20:03:20","slug":"politische-bildung-marsch-auf-rom","status":"publish","type":"post","link":"https:\/\/www.brennerbasisdemokratie.eu\/?p=74507","title":{"rendered":"Politische Bildung: Marsch auf Rom."},"content":{"rendered":"<p>Unter dem Titel<\/p>\n<p style=\"text-align: center;\"><strong>Der \u201cMarsch auf Rom\u201d \u2013 damals und heute<\/strong><\/p>\n<p>findet am 27. Oktober von 17.00 bis 19.00 Uhr via <em>Zoom<\/em> eine Onlineveranstaltung der <em>Bundeszentrale f\u00fcr Politische Bildung<\/em> statt.<\/p>\n<p>Es sprechen und diskutieren:<\/p>\n<ul>\n<li>Prof. Dr. <strong>Aram Mattioli<\/strong> von der Univerist\u00e4t Luzern. Er ist unter anderem Autor des Buches <em>\u00bbViva Mussolini!\u00ab Die Aufwertung des Faschismus im Italien Berlusconis.<\/em><\/li>\n<li><strong>J\u00f6rg Seisselberg<\/strong>, ARD-Studio Rom.<\/li>\n<li>Die Journalistin und Publizistin <strong>Birgit Sch\u00f6nau <\/strong>moderiert.<\/li>\n<\/ul>\n<blockquote><p>Vor 100 Jahren marschierte Benito Mussolini mit seinen sogenannten Schwarzhemden auf Rom zu \u2013 die Regierung trat zur\u00fcck und an ihre Stelle trat der geb\u00fcrtige Norditaliener als faschistischer F\u00fchrer und Diktator. Bis heute erinnern an vielen Orten im Land Denkm\u00e4ler an seine Herrschaft, die Gewalt und Tod mit sich brachte, jedoch noch immer verkl\u00e4rt wird. Und allj\u00e4hrlich kommen seine alten und jungen Anh\u00e4nger an seinem Geburtsort zusammen, um seiner zu gedenken.<\/p>\n<p>Politisch \u00fcbernahmen nach seinem Tod 1945 neue Akteure sein Erbe \u2013 in j\u00fcngerer Vergangenheit nicht nur seine Enkelinnen Alessandra und Rachele Mussolini, sondern auch die Partei Fratelli d&#8217;Italia.<\/p>\n<p>Die einhundertste Jahrung ist Anlass, auf das faschistische Italien zur\u00fcckzublicken und zu fragen, wie das Erbe Benito Mussolinis und seiner \u201cSchwarzhemden\u201d bis heute \u00fcberdauert.<\/p>\n<p><em>\u2013 aus der offiziellen Ank\u00fcndigung<\/em><\/p><\/blockquote>\n<p><a title=\"bpb: Anmeldung.\" href=\"http:\/\/www.bpb.de\/marsch-auf-rom\" target=\"_blank\" rel=\"noopener\">Hier<\/a> geht es zur Anmeldung f\u00fcr die kostenfreie Veranstaltung.<\/p>","protected":false},"excerpt":{"rendered":"<p>Unter dem Titel Der \u201cMarsch auf Rom\u201d \u2013 damals und heute findet am 27. Oktober von 17.00 bis 19.00 Uhr via Zoom eine Onlineveranstaltung der Bundeszentrale f\u00fcr Politische Bildung statt. Es sprechen und diskutieren: Prof. Dr. Aram Mattioli von der Univerist\u00e4t Luzern. Er ist unter anderem Autor des Buches \u00bbViva Mussolini!\u00ab Die Aufwertung des Faschismus [&hellip;]<\/p>","protected":false},"author":1,"featured_media":0,"comment_status":"open","ping_status":"open","sticky":false,"template":"","format":"standard","meta":{"_crdt_document":"","ngg_post_thumbnail":0,"_jetpack_memberships_contains_paid_content":false,"footnotes":""},"categories":[1],"tags":[],"class_list":["post-74507","post","type-post","status-publish","format-standard","hentry","category-allgemein","entity-fdi","issue-faschistische-relikte","issue-geschichtsaufarbeitung","issue-zitac","location-italy","language-deutsch","medium-ard","topic-bildung","topic-faschismen","topic-geschichte"],"jetpack_featured_media_url":"","jetpack_sharing_enabled":true,"_links":{"self":[{"href":"https:\/\/www.brennerbasisdemokratie.eu\/index.php?rest_route=\/wp\/v2\/posts\/74507","targetHints":{"allow":["GET"]}}],"collection":[{"href":"https:\/\/www.brennerbasisdemokratie.eu\/index.php?rest_route=\/wp\/v2\/posts"}],"about":[{"href":"https:\/\/www.brennerbasisdemokratie.eu\/index.php?rest_route=\/wp\/v2\/types\/post"}],"author":[{"embeddable":true,"href":"https:\/\/www.brennerbasisdemokratie.eu\/index.php?rest_route=\/wp\/v2\/users\/1"}],"replies":[{"embeddable":true,"href":"https:\/\/www.brennerbasisdemokratie.eu\/index.php?rest_route=%2Fwp%2Fv2%2Fcomments&post=74507"}],"version-history":[{"count":5,"href":"https:\/\/www.brennerbasisdemokratie.eu\/index.php?rest_route=\/wp\/v2\/posts\/74507\/revisions"}],"predecessor-version":[{"id":74512,"href":"https:\/\/www.brennerbasisdemokratie.eu\/index.php?rest_route=\/wp\/v2\/posts\/74507\/revisions\/74512"}],"wp:attachment":[{"href":"https:\/\/www.brennerbasisdemokratie.eu\/index.php?rest_route=%2Fwp%2Fv2%2Fmedia&parent=74507"}],"wp:term":[{"taxonomy":"category","embeddable":true,"href":"https:\/\/www.brennerbasisdemokratie.eu\/index.php?rest_route=%2Fwp%2Fv2%2Fcategories&post=74507"},{"taxonomy":"post_tag","embeddable":true,"href":"https:\/\/www.brennerbasisdemokratie.eu\/index.php?rest_route=%2Fwp%2Fv2%2Ftags&post=74507"}],"curies":[{"name":"wp","href":"https:\/\/api.w.org\/{rel}","templated":true}]}}