{"id":74580,"date":"2022-10-24T22:00:18","date_gmt":"2022-10-24T20:00:18","guid":{"rendered":"https:\/\/www.brennerbasisdemokratie.eu\/?p=74580"},"modified":"2023-05-28T13:52:25","modified_gmt":"2023-05-28T11:52:25","slug":"gefluchtete-uberleben-mit-43-euro-im-monat","status":"publish","type":"post","link":"https:\/\/www.brennerbasisdemokratie.eu\/?p=74580","title":{"rendered":"Gefl\u00fcchtete: \u00dcberleben mit 43 Euro im Monat."},"content":{"rendered":"<p>Damit hier nicht jemand auf den Gedanken kommt, dass die Gefl\u00fcchteten aus der Ukraine inzwischen das ihnen gesetzlich zustehende Geld vom Staat bekommen haben, nur weil ich l\u00e4nger nichts mehr dar\u00fcber geschrieben habe: Dem ist nicht so.<\/p>\n<p>Schon mehrmals hatte ich auf <img class=\"bbdlogo\" src=\"https:\/\/www.brennerbasisdemokratie.eu\/wp-content\/uploads\/bbdsmileys\/bbde.png\"> \u00fcber eine\u00a0Frau mit zwei Kindern im Pflichtschulalter berichtet, die im April nach S\u00fcdtirol gekommen war. Sie hatte ihren Antrag auf finanzielle Unterst\u00fctzung fristgerecht am 20. Mai eingereicht, bekam das Geld f\u00fcr April und Mai (je 300 Euro) aber erst Ende Juni. Der Betrag f\u00fcr die Kinder (je 150 Euro pro Kopf und Monat) war nicht dabei.<\/p>\n<p>Noch heute kann ihr niemand sagen, ob sie dieses Kindergeld, auf das sie einen rechtlichen Anspruch hat, jemals bekommen wird. Bis vor kurzem galt die Ungewissheit auch f\u00fcr die 300 Euro, die ihr f\u00fcr den Monat Juni h\u00e4tten \u00fcberwiesen werden sollen.<\/p>\n<p>Doch am 15. Oktober erhielt sie aus heiterem Himmel eine Mitteilung, wonach ihr dieser Betrag nun endlich ausgezahlt wird. Von der Unterst\u00fctzung f\u00fcr die Kinder war darin nach wie vor keine Rede.<\/p>\n<p>Zusammengefasst: Die Frau hat f\u00fcr sich und ihre Kinder bis jetzt insgesamt 900 statt der von der Regierung versprochenen 1.800 Euro bekommen. Im Durchschnitt sind das weniger als 43 Euro pro Nase und Monat, mit denen die dreik\u00f6pfige Familie h\u00e4tte in S\u00fcdtirol \u00fcberleben sollen. Kein Wunder, dass viele \u2014 vermutlich die Mehrzahl \u2014 der ukrainischen Gefl\u00fcchteten, die wir hier kennengelernt hatten, inzwischen wieder in die Ukraine zur\u00fcckgekehrt sind, wo sie nach den j\u00fcngsten russischen Angriffen auf zivile Infrastruktur, wenn nicht dem Tod so zumindest einem \u00e4u\u00dferst ungewissen Winter entgegensehen.<\/p>\n<p>Die Frau, von der ich hier berichte, hat das Gl\u00fcck, dass ihr Mann in der Heimat noch arbeitet und ihr jeden Monat etwas Geld \u00fcberweisen kann \u2014 von einem Kriegsgebiet ins reiche S\u00fcdtirol.<\/p>\n<p>Von uns nimmt sie schon l\u00e4nger kaum noch etwas an, vermutlich weil sie es entw\u00fcrdigend findet. Das kann ich (wenigstens teilweise) nachvollziehen.<\/p>\n<p>Umso besch\u00e4mender finde ich aber, wie wenig institutionelle (finanzielle) Solidarit\u00e4t Gefl\u00fcchtete in Italien und auch in S\u00fcdtirol erfahren. Im Grunde wird alles daf\u00fcr getan, dass sie ins Kriegsgebiet zur\u00fcckkehren m\u00fcssen.<\/p>\n<p><strong><span style=\"font-family: Helvetica, Arial, sans-serif; text-transform: uppercase;\">C\u00ebla enghe:<\/span><\/strong> <a title=\"Gefl\u00fcchtete weiterhin ohne Geld vom Staat.\" href=\"https:\/\/www.brennerbasisdemokratie.eu\/?p=72841\"><code>01<\/code><\/a> <a title=\"Gefl\u00fcchtete: Geld, aber m\u00f6glichst keine Perspektive.\" href=\"https:\/\/www.brennerbasisdemokratie.eu\/?p=72142\"><code>02<\/code><\/a> <a title=\"Aufnahme Gefl\u00fcchteter in M\u00fcnchen und S\u00fcdtirol.\" href=\"https:\/\/www.brennerbasisdemokratie.eu\/?p=71448\"><code>03<\/code><\/a> <span style=\"font-family: Helvetica, Arial, sans-serif; font-weight: normal;\">||<\/span> <a title=\"Integration\u2026 im Alpenzoo.\" href=\"https:\/\/www.brennerbasisdemokratie.eu\/?p=78647\" rel=\"\"><span style=\"color: #ff8c00\"><code>01<\/code><\/span><\/a><\/p>","protected":false},"excerpt":{"rendered":"<p>Damit hier nicht jemand auf den Gedanken kommt, dass die Gefl\u00fcchteten aus der Ukraine inzwischen das ihnen gesetzlich zustehende Geld vom Staat bekommen haben, nur weil ich l\u00e4nger nichts mehr dar\u00fcber geschrieben habe: Dem ist nicht so. Schon mehrmals hatte ich auf \u00fcber eine\u00a0Frau mit zwei Kindern im Pflichtschulalter berichtet, die im April nach S\u00fcdtirol [&hellip;]<\/p>","protected":false},"author":1,"featured_media":0,"comment_status":"open","ping_status":"open","sticky":false,"template":"","format":"standard","meta":{"_crdt_document":"","ngg_post_thumbnail":0,"_jetpack_memberships_contains_paid_content":false,"footnotes":""},"categories":[1],"tags":[],"class_list":["post-74580","post","type-post","status-publish","format-standard","hentry","category-allgemein","entity-land-sudtirol","entity-staat-italien","issue-angriffskrieg-ukraine","location-italy","location-sudtirolo","location-ukraine","language-deutsch","topic-krieg","topic-migraziun","topic-solidariete","topic-soziales","topic-wirtschaft"],"jetpack_featured_media_url":"","jetpack_sharing_enabled":true,"_links":{"self":[{"href":"https:\/\/www.brennerbasisdemokratie.eu\/index.php?rest_route=\/wp\/v2\/posts\/74580","targetHints":{"allow":["GET"]}}],"collection":[{"href":"https:\/\/www.brennerbasisdemokratie.eu\/index.php?rest_route=\/wp\/v2\/posts"}],"about":[{"href":"https:\/\/www.brennerbasisdemokratie.eu\/index.php?rest_route=\/wp\/v2\/types\/post"}],"author":[{"embeddable":true,"href":"https:\/\/www.brennerbasisdemokratie.eu\/index.php?rest_route=\/wp\/v2\/users\/1"}],"replies":[{"embeddable":true,"href":"https:\/\/www.brennerbasisdemokratie.eu\/index.php?rest_route=%2Fwp%2Fv2%2Fcomments&post=74580"}],"version-history":[{"count":10,"href":"https:\/\/www.brennerbasisdemokratie.eu\/index.php?rest_route=\/wp\/v2\/posts\/74580\/revisions"}],"predecessor-version":[{"id":78649,"href":"https:\/\/www.brennerbasisdemokratie.eu\/index.php?rest_route=\/wp\/v2\/posts\/74580\/revisions\/78649"}],"wp:attachment":[{"href":"https:\/\/www.brennerbasisdemokratie.eu\/index.php?rest_route=%2Fwp%2Fv2%2Fmedia&parent=74580"}],"wp:term":[{"taxonomy":"category","embeddable":true,"href":"https:\/\/www.brennerbasisdemokratie.eu\/index.php?rest_route=%2Fwp%2Fv2%2Fcategories&post=74580"},{"taxonomy":"post_tag","embeddable":true,"href":"https:\/\/www.brennerbasisdemokratie.eu\/index.php?rest_route=%2Fwp%2Fv2%2Ftags&post=74580"}],"curies":[{"name":"wp","href":"https:\/\/api.w.org\/{rel}","templated":true}]}}