{"id":74594,"date":"2022-10-25T13:05:41","date_gmt":"2022-10-25T11:05:41","guid":{"rendered":"https:\/\/www.brennerbasisdemokratie.eu\/?p=74594"},"modified":"2022-10-25T13:29:57","modified_gmt":"2022-10-25T11:29:57","slug":"enthaltung-als-haltung","status":"publish","type":"post","link":"https:\/\/www.brennerbasisdemokratie.eu\/?p=74594","title":{"rendered":"Enthaltung als Haltung?"},"content":{"rendered":"<!-- Snippets by WebberZone Snippetz --><div class=\"ata_snippets\"><hr style=\"height: 20px; border: none; margin-top: 0em; background-color: darkred;\"\/><\/div><p><span class=\"s2\"><span class=\"bumpedFont15\">Die SVP-Parlamentarier suchen eine \u00bbpragmatische\u00ab Haltung zur rechtsrechten Regierung <\/span><\/span><span class=\"s2\"><span class=\"bumpedFont15\">Meloni.<\/span><\/span><\/p>\n<p><span class=\"s2\"><span class=\"bumpedFont15\">Die SVP-<\/span><\/span><span class=\"s2\"><span class=\"bumpedFont15\">Kammerabgeordneten<\/span><\/span><span class=\"s2\"><span class=\"bumpedFont15\">\u00a0und SenatorInnen wollen die Regierungserkl\u00e4rung der designierten Ministerpr\u00e4sidentin abwarten. Sie erwarten darin einen Autonomiepassus. Entsprechend vorgeprescht ist Antonio <\/span><\/span><span class=\"s2\"><span class=\"bumpedFont15\">Tajani<\/span><\/span><span class=\"s2\"><span class=\"bumpedFont15\">, Au\u00dfenminister, einst Pr\u00e4sident des Europaparlaments und Vertrauter der <em>Forza-Italia-<\/em>Mumie Silvio Berlusconi.<\/span><\/span><\/p>\n<p><span class=\"s2\"><span class=\"bumpedFont15\">Zu <\/span><\/span><span class=\"s2\"><span class=\"bumpedFont15\">Tajani\u00a0<\/span><\/span><span class=\"s2\"><span class=\"bumpedFont15\">pflegt SVP-Europaparlamentarier Herbert Dorfmann, der f\u00fcr Stimmenthaltung im Parlament wirbt,\u00a0beste Kontakte. Es verwundert nicht, dass <\/span><\/span><span class=\"s2\"><span class=\"bumpedFont15\">Tajani<\/span><\/span><span class=\"s2\"><span class=\"bumpedFont15\">\u00a0ank\u00fcndigt, mit der SVP \u00fcber die Autonomie reden zu wollen. F\u00fcr die SVP-Rechten<\/span><\/span><span class=\"s2\"><span class=\"bumpedFont15\">, die <\/span><\/span><em><span class=\"s2\"><span class=\"bumpedFont15\">Athesia<\/span><\/span><\/em><span class=\"s2\"><span class=\"bumpedFont15\">-Fraktion in der Volkspartei, das Kooperationsangebot der <\/span><\/span><span class=\"s2\"><span class=\"bumpedFont15\">Meloni<\/span><\/span><span class=\"s2\"><span class=\"bumpedFont15\">-Regierung an die SVP. <\/span><\/span><\/p>\n<p><span class=\"s2\"><span class=\"bumpedFont15\">D<\/span><\/span><span class=\"s2\"><span class=\"bumpedFont15\">er<\/span><\/span><span class=\"s2\"><span class=\"bumpedFont15\"> Taktgeber in dieser Angelegenheit ist die <\/span><\/span><em><span class=\"s2\"><span class=\"bumpedFont15\">Athesia<\/span><\/span><\/em><span class=\"s2\"><span class=\"bumpedFont15\"><em>.<\/em> Kurz vor den Wahlen darf sich Giorgi<\/span><\/span><span class=\"s2\"><span class=\"bumpedFont15\">a\u00a0<\/span><\/span><span class=\"s2\"><span class=\"bumpedFont15\">Meloni<\/span><\/span><span class=\"s2\"><span class=\"bumpedFont15\"> \u00fcber eine ganze Seite lang <\/span><\/span><a href=\"https:\/\/www.brennerbasisdemokratie.eu\/?p=74105\"><span class=\"s3\"><span class=\"bumpedFont15\">in der Tageszeitung <em>Dolomiten<\/em><\/span><\/span><\/a> <span class=\"s3\"><span class=\"bumpedFont15\">e<\/span><\/span><span class=\"s2\"><span class=\"bumpedFont15\">rkl\u00e4ren. Starker Tobak, <\/span><\/span><span class=\"s4\"><span class=\"bumpedFont15\">Meloni<\/span><\/span> <span class=\"s4\"><span class=\"bumpedFont15\">schwafelt zwar von einer starken Autonomie, sie <\/span><\/span><span class=\"s4\"><span class=\"bumpedFont15\">m\u00fcsse sich <\/span><\/span><span class=\"s4\"><span class=\"bumpedFont15\">aber \u00bb<\/span><\/span><span class=\"s4\"><span class=\"bumpedFont15\">ins Gesamtspektrum der nationalen Einheit\u00ab\u00a0<\/span><\/span><span class=\"s4\"><span class=\"bumpedFont15\">eingliedern. Es gebe n\u00e4mlich Bereiche, die von strategischem Interesse seien, von der Infrastruktur bis hin zur Energie. <\/span><\/span><span class=\"s4\"><span class=\"bumpedFont15\">Offensichtlich d<\/span><\/span><span class=\"s4\"><span class=\"bumpedFont15\">ie Grenzen der starken Autonomie, <\/span><\/span><span class=\"s4\"><span class=\"bumpedFont15\">gezogen von <\/span><\/span><span class=\"s4\"><span class=\"bumpedFont15\">Meloni<\/span><\/span><span class=\"s4\"><span class=\"bumpedFont15\">, <\/span><\/span><span class=\"s4\"><span class=\"bumpedFont15\">S\u00fcdtirol m\u00fcsse in diesen Bereichen die F\u00fchrung der Zentralregierung \u00fcberlassen, <\/span><\/span><span class=\"s4\"><span class=\"bumpedFont15\">stellte <\/span><\/span><span class=\"s4\"><span class=\"bumpedFont15\">sie<\/span><\/span><span class=\"s4\"><span class=\"bumpedFont15\"> im \u00bb<\/span><\/span><span class=\"s5\"><span class=\"bumpedFont15\">Tagblatt der S\u00fcdtiroler\u00ab\u00a0<\/span><\/span><span class=\"s4\"><span class=\"bumpedFont15\">unwidersprochen<\/span><\/span><span class=\"s4\"><span class=\"bumpedFont15\"> fest. <\/span><\/span><\/p>\n<p><span class=\"s4\"><span class=\"bumpedFont15\">Eine klare Ansage der Neofaschistin, die S\u00fcdtirol-Autonomie <\/span><\/span><span class=\"s4\"><span class=\"bumpedFont15\">verst\u00e4rkt <\/span><\/span><span class=\"s4\"><span class=\"bumpedFont15\">ins staatliche Gef\u00fcge eingliedern<\/span><\/span><span class=\"s4\"><span class=\"bumpedFont15\">, zur\u00fcckf\u00fchren <\/span><\/span><span class=\"s4\"><span class=\"bumpedFont15\">zu wollen, als<\/span><\/span><span class=\"s4\"><span class=\"bumpedFont15\">o<\/span><\/span><span class=\"s4\"><span class=\"bumpedFont15\"> zu beschneiden. Und trotzdem werben <\/span><\/span><a href=\"https:\/\/www.brennerbasisdemokratie.eu\/?p=74368\"><span class=\"s6\"><span class=\"bumpedFont15\"><em>Athesia<\/em><\/span><\/span><span class=\"s6\"><span class=\"bumpedFont15\"> und ihre Mannen in der SVP, Senator Meinhard Durnwalder und Dorfmann<\/span><\/span><\/a><span class=\"s4\"><span class=\"bumpedFont15\"> f\u00fcr eine pragmatische Haltung zur rechtsrechten Regierung. Ihre Vorgabe, jetzt offizielle SVP-Strategie? <\/span><\/span><\/p>\n<p><span class=\"s4\"><span class=\"bumpedFont15\">Die Wortmeldung <\/span><\/span><span class=\"s4\"><span class=\"bumpedFont15\">Tajanis<\/span><\/span><span class=\"s4\"><span class=\"bumpedFont15\"> scheint doch orchestriert zu sein. F\u00fcr Dorfmann ist <\/span><\/span><span class=\"s4\"><span class=\"bumpedFont15\">Tajani<\/span><\/span><span class=\"s4\"><span class=\"bumpedFont15\"> ein Freund S\u00fcdtirols, <img class=\"bbdlogo\" src=\"https:\/\/www.brennerbasisdemokratie.eu\/wp-content\/uploads\/bbdsmileys\/bbde.png\"> schl\u00fcsselte den <\/span><\/span><a href=\"https:\/\/www.brennerbasisdemokratie.eu\/?p=47374\"><span class=\"s6\"><span class=\"bumpedFont15\">politischen Werdegang<\/span><\/span><\/a><span class=\"s4\"><span class=\"bumpedFont15\"> dieses S\u00fcdtirol-Freundes auf, origin\u00e4r monarchistisch bis neofaschistisch. <\/span><\/span><span class=\"s4\"><span class=\"bumpedFont15\">Ob Dorfmann seinen Freund <\/span><\/span><span class=\"s4\"><span class=\"bumpedFont15\">Tajani<\/span><\/span><span class=\"s4\"><span class=\"bumpedFont15\">\u00a0zu seinen S\u00fcdtirol-\u00c4u\u00dferungen angeregt hat, im Duett mit dem CSU-Politiker und Vorsitzenden der Fraktion der Europ\u00e4ischen Volkspartei im Europaparlament, Manfred Weber?<\/span><\/span><\/p>\n<p><span class=\"s4\"><span class=\"bumpedFont15\">Ein weiterer angeblicher S\u00fcdtirol-Freund sitzt in der Regierung, <em>Lega<\/em>-Mann\u00a0<\/span><\/span><span class=\"s4\"><span class=\"bumpedFont15\">Roberto <\/span><\/span><span class=\"s4\"><span class=\"bumpedFont15\">Calderoli<\/span><\/span><span class=\"s4\"><span class=\"bumpedFont15\">. Vor elf Jahren ging er <\/span><\/span><a href=\"https:\/\/www.ilpost.it\/2019\/01\/14\/calderoli-condanna-kyenge\/\"><span class=\"s6\"><span class=\"bumpedFont15\">Cecile <\/span><\/span><span class=\"s6\"><span class=\"bumpedFont15\">Kyenge,<\/span><\/span><\/a><span class=\"s4\"><span class=\"bumpedFont15\"> Integrationsministerin der Regierung Letta, heftig an. Er verglich sie mit einem Orang-Utan<\/span><\/span><span class=\"s4\"><span class=\"bumpedFont15\">. Ein sch\u00f6ner Freund, abgesehen davon, dass m\u00f6glicherweise viele <\/span><\/span><span class=\"s4\"><span class=\"bumpedFont15\">S\u00fcdtirolerInnen<\/span><\/span> <span class=\"s4\"><span class=\"bumpedFont15\">Calderoli<\/span><\/span> <span class=\"s4\"><span class=\"bumpedFont15\">zuapplaudieren<\/span><\/span><span class=\"s4\"><span class=\"bumpedFont15\">. <\/span><\/span><\/p>\n<p><span class=\"s4\"><span class=\"bumpedFont15\">Offensichtlich setzt sich wieder der Machtblock durch, der schon daf\u00fcr sorgte, dass die <em>Lega<\/em> nach den letzten Landtagswahlen in die Landesregierung gebeten wurde. Die <\/span><\/span><em><span class=\"s4\"><span class=\"bumpedFont15\">Athesia<\/span><\/span><\/em><span class=\"s4\"><span class=\"bumpedFont15\">-Fraktion. Warum legt sich die SVP ins Bett und <\/span><\/span><a href=\"https:\/\/www.brennerbasisdemokratie.eu\/?p=74588\"><span class=\"s6\"><span class=\"bumpedFont15\">kuschelt mit Rechtsrechten<\/span><\/span><\/a><span class=\"s4\"><span class=\"bumpedFont15\">? \u00a0<\/span><\/span><span class=\"s4\"><span class=\"bumpedFont15\">Wer erwartet sich was davon?<\/span><\/span><\/p>\n<p><span class=\"s4\"><span class=\"bumpedFont15\">In den vergangenen vier Jahren verabschiedeten die verschiedenen italienischen Regierungen, mit <em>Lega<\/em>-Beteiligung, knappe vier d\u00fcrftige und d\u00fcrre Durchf\u00fchrungsbestimmungen. Die ach so f\u00f6deralistische und minderheitenfreundliche <em>Lega<\/em> fiel nicht besonders pro-autonomistisch auf. <\/span><\/span><\/p>\n<p><span class=\"s4\"><span class=\"bumpedFont15\">Der langj\u00e4hrige Kammerabgeordnete und Senator Karl Zeller (SVP) schl\u00fcsselte im <em>Europ\u00e4ischen Journal f\u00fcr Minderheitenfragen<\/em> detailliert auf, welche italienische Regierungen im Dialog mit der SVP zur Weiterentwicklung der S\u00fcdtirolautonomie beitrugen. Die Freunde S\u00fcdtirols sind <\/span><\/span><span class=\"s4\"><span class=\"bumpedFont15\">die <\/span><\/span><span class=\"s4\"><span class=\"bumpedFont15\">linke Mitte, auch wenn das S\u00fcdtirols Wirtschaft und ihrem Blatt nicht gef\u00e4llt. <\/span><\/span><\/p>\n<p><span class=\"s4\"><span class=\"bumpedFont15\">Ein Vergleich: Zwischen 1972 und 1992 wurden 72 weitreichende Durchf\u00fchrungsbestimmungen verabschiedet. Von 1992 bis 2021 weitere 88 Durchf\u00fchrungsbestimmungen, die die Autonomie weiter ausdehnten. 53 davon von mittelinken Regierungen. Die restlichen 25 von den verschiedenen Berlusconi-Regierungen, \u00bbwobei es sich dabei lediglich um kleinere technische Anpassungen bestehender Durchf\u00fchrungsbestimmungen handelte\u00ab, stellte Zeller klar. In der Berlusconi-\u00c4ra gab es keine zus\u00e4tzlichen Kompetenzen. \u00a0<\/span><\/span><\/p>\n<p><span class=\"s4\"><span class=\"bumpedFont15\">Die Freunde von Rechtsrechts in der SVP\u00a0<\/span><\/span><span class=\"s4\"><span class=\"bumpedFont15\">k\u00fcmmert das nicht, sie zwingen den Rest auf ihren m<\/span><\/span><span class=\"s4\"><span class=\"bumpedFont15\">eloni<\/span><\/span><span class=\"s4\"><span class=\"bumpedFont15\">freundlichen Kurs. Dieses politische \u00bbSchleimen\u00ab entseelt die SVP, wird sie die Identit\u00e4t einer autonomistischen Partei kosten. Ein halbes Jahrhundert nach Inkrafttreten des Zweiten Autonomiestatuts. Ein Jahrhundert nach der Machtergreifung das faschistischen Duce Mussolini biedert sich die SVP seiner politischen Enkelin an, Giorgia <\/span><\/span><span class=\"s4\"><span class=\"bumpedFont15\">Meloni<\/span><\/span><span class=\"s4\"><span class=\"bumpedFont15\">. Enthaltung bei der Vertrauensabstimmung ist keine Haltung, sondern Opportunismus.<\/span><\/span><\/p>\n<!-- Snippets by WebberZone Snippetz --><div class=\"ata_snippets\"><hr style=\"height: 10px;border: none;margin-top: 0px;background-color: darkred\" \/>\r\n\r\n<div style=\"background-color: none;padding: 0px;font-size: 14px;font-family: Helvetica,Arial;margin: 10px 0px 0px 0px\"><span style=\"color: darkred\"><strong><small>Autor:innen- und Gastbeitr\u00e4ge widerspiegeln nicht notwendigerweise die Meinung oder die Position von BBD, so wie die jeweiligen Verfasser:innen nicht notwendigerweise die Ziele von BBD unterst\u00fctzen.<\/small><\/strong><small>\u00b7 I contributi esterni non necessariamente riflettono le opinioni o la posizione di BBD, come a loro volta le autrici\/gli autori non necessariamente condividono gli obiettivi di BBD. \u2014 <a href=\"http:\/\/www.brennerbasisdemokratie.eu\/?page_id=11356#copyleft\"><strong>\u00a9<\/strong><\/a><\/small><\/span><\/div><\/div>","protected":false},"excerpt":{"rendered":"<p>Die SVP-Parlamentarier suchen eine \u00bbpragmatische\u00ab Haltung zur rechtsrechten Regierung Meloni. Die SVP-Kammerabgeordneten\u00a0und SenatorInnen wollen die Regierungserkl\u00e4rung der designierten Ministerpr\u00e4sidentin abwarten. Sie erwarten darin einen Autonomiepassus. Entsprechend vorgeprescht ist Antonio Tajani, Au\u00dfenminister, einst Pr\u00e4sident des Europaparlaments und Vertrauter der Forza-Italia-Mumie Silvio Berlusconi. Zu Tajani\u00a0pflegt SVP-Europaparlamentarier Herbert Dorfmann, der f\u00fcr Stimmenthaltung im Parlament wirbt,\u00a0beste Kontakte. Es verwundert [&hellip;]<\/p>","protected":false},"author":14,"featured_media":0,"comment_status":"open","ping_status":"open","sticky":false,"template":"","format":"standard","meta":{"_crdt_document":"","ngg_post_thumbnail":0,"_jetpack_memberships_contains_paid_content":false,"footnotes":""},"categories":[14],"tags":[],"class_list":["post-74594","post","type-post","status-publish","format-standard","hentry","category-autorinnen","entity-fdi","entity-lega","entity-pdl","entity-svp","issue-parlamentswahl-2022","location-italy","location-sudtirolo","language-deutsch","medium-athesia","medium-dolo","person-antonio-tajani","person-giorgia-meloni","person-herbert-dorfmann","person-karl-zeller","person-meinhard-durnwalder","person-roberto-calderoli","person-silvio-berlusconi","topic-faschismen","topic-politik","topic-vorzeigeautonomie","topic-zentralismus","topic-zustaendigkeiten"],"jetpack_featured_media_url":"","jetpack_sharing_enabled":true,"_links":{"self":[{"href":"https:\/\/www.brennerbasisdemokratie.eu\/index.php?rest_route=\/wp\/v2\/posts\/74594","targetHints":{"allow":["GET"]}}],"collection":[{"href":"https:\/\/www.brennerbasisdemokratie.eu\/index.php?rest_route=\/wp\/v2\/posts"}],"about":[{"href":"https:\/\/www.brennerbasisdemokratie.eu\/index.php?rest_route=\/wp\/v2\/types\/post"}],"author":[{"embeddable":true,"href":"https:\/\/www.brennerbasisdemokratie.eu\/index.php?rest_route=\/wp\/v2\/users\/14"}],"replies":[{"embeddable":true,"href":"https:\/\/www.brennerbasisdemokratie.eu\/index.php?rest_route=%2Fwp%2Fv2%2Fcomments&post=74594"}],"version-history":[{"count":6,"href":"https:\/\/www.brennerbasisdemokratie.eu\/index.php?rest_route=\/wp\/v2\/posts\/74594\/revisions"}],"predecessor-version":[{"id":74600,"href":"https:\/\/www.brennerbasisdemokratie.eu\/index.php?rest_route=\/wp\/v2\/posts\/74594\/revisions\/74600"}],"wp:attachment":[{"href":"https:\/\/www.brennerbasisdemokratie.eu\/index.php?rest_route=%2Fwp%2Fv2%2Fmedia&parent=74594"}],"wp:term":[{"taxonomy":"category","embeddable":true,"href":"https:\/\/www.brennerbasisdemokratie.eu\/index.php?rest_route=%2Fwp%2Fv2%2Fcategories&post=74594"},{"taxonomy":"post_tag","embeddable":true,"href":"https:\/\/www.brennerbasisdemokratie.eu\/index.php?rest_route=%2Fwp%2Fv2%2Ftags&post=74594"}],"curies":[{"name":"wp","href":"https:\/\/api.w.org\/{rel}","templated":true}]}}