{"id":74619,"date":"2022-10-28T22:09:45","date_gmt":"2022-10-28T20:09:45","guid":{"rendered":"https:\/\/www.brennerbasisdemokratie.eu\/?p=74619"},"modified":"2024-12-18T19:05:12","modified_gmt":"2024-12-18T18:05:12","slug":"vergifteter-apfel","status":"publish","type":"post","link":"https:\/\/www.brennerbasisdemokratie.eu\/?p=74619","title":{"rendered":"Vergifteter Apfel."},"content":{"rendered":"<p>Wie <a title=\"SVP kuschelt mit Faschistinnen.\" href=\"https:\/\/www.brennerbasisdemokratie.eu\/?p=74588\" rel=\"\">bef\u00fcrchtet<\/a>&nbsp;hat sich die <abbr title=\"S\u00fcdtiroler Volkspartei\">SVP<\/abbr> bei der Vertrauensfrage zur Entstehung der Regierung von Giorgia Meloni (<abbr title=\"Fratelli d\u2019Italia\">FdI<\/abbr>) in beiden Kammern des Parlaments der Stimme enthalten. Ein billiges S\u00e4tzchen zur Wiederherstellung <a title=\"Studie zur Autonomieentwicklung seit 1992.\" href=\"https:\/\/www.brennerbasisdemokratie.eu\/?p=34967\" rel=\"\">der seit 1992 verlorengegangenen Zust\u00e4ndigkeiten<\/a>&nbsp;in der Antrittserkl\u00e4rung der rechtsextremen Ministerpr\u00e4sidentin war der vergiftete Apfel, den die Minderheitenpartei bereitwillig \u2014 ja geradezu sehns\u00fcchtig \u2014 geschluckt hat. Womit sie im Nu ihre Jahrzehnte alte Geschichte \u00fcber Bord geworfen und einer Regierung von Post- und Neofaschistinnen, Rassistinnen, Homophoben und Misogynen einen Vertrauensvorschuss gegeben hat, als h\u00e4tte es das 20. Jahrhundert nie gegeben.<\/p>\n<p>Autonomie ist f\u00fcr S\u00fcdtirol extrem wichtig, doch sie schwebt nicht im luftleeren Raum. Umso weniger, da in wesentlichen Bereichen (<a title=\"Codi Civil.\" href=\"https:\/\/www.brennerbasisdemokratie.eu\/?p=199\" rel=\"\">Zivilrecht<\/a>!) Rom das Sagen hat. In welchen Rahmen unsere Teilautonomie eingebettet ist, ist daher von au\u00dferordentlicher Bedeutung. In einem r\u00fcckw\u00e4rtsgewandten, reaktion\u00e4ren, autorit\u00e4ren Land ist die Autonomie \u2014 mit oder ohne wiederhergestellten Zust\u00e4ndigkeiten \u2014 wertlos.<\/p>\n<p>W\u00e4hrend im Parlament noch abgestimmt wurde, bereitete der neue Innenminister denn auch schon die ersten Abweisungen von Seenotrettungsschiffen vor.<\/p>\n<p>Stimmt schon: die SVP hat nicht <em>f\u00fcr<\/em> die Regierung gestimmt. Doch diese Enthaltung riecht wie keine andere nach einer versteckten Zustimmung. Wenn man <em>hier<\/em> nicht dagegenstimmt \u2014 wann will man es dann tun? F\u00fchrende Parteivertreterinnen werden nicht m\u00fcde, uns zu sagen, dass sie in Sachfragen noch immer gegen die Regierung stimmen k\u00f6nnen und dies auch tun werden, sollte sie Grundrechte und -werte in Frage stellen. W\u00e4re ja noch sch\u00f6ner. Dasselbe, also in Sachfragen dagegen oder auch daf\u00fcr zu stimmen, w\u00e4re aber genauso gut ohne den unerh\u00f6rten Vertrauensvorschuss m\u00f6glich gewesen.<\/p>\n<p>Sogar die Zentristen von Matteo Renzi und Carlo Calenda, die sich ja schon als Gehilfen von Giorgia Meloni in Stellung bringen, haben es fertig gebracht, ihr das Vertrauen zu verweigern.<\/p>\n<p>Bei aller Fassungslosigkeit \u00fcber das Verhalten der SVP ist aber auch erw\u00e4hnenswert, dass Mittelinks sich im Gegensatz zu Meloni bislang nie zu einer generischen Aussage zur Wiederherstellung der beschnittenen Kompetenzen durchringen konnte. Und im Umgang mit den Seenotretterinnen waren die sogenannten Progressiven beispielsweise ebenfalls kaum besser als Matteo Salvini <em>(Lega).<\/em> Das rechtfertigt zwar keineswegs die Haltung der SVP, sollte aber zu den Gr\u00fcnden f\u00fcr den Erfolg der Rechten und die Verf\u00e4nglichkeit ihrer mehr als zweifelhaften Angebote gez\u00e4hlt werden.<\/p>\n<p><strong><span style=\"font-family: Helvetica, Arial, sans-serif; text-transform: uppercase;\">C\u00ebla enghe:<\/span><\/strong> <a title=\"Mit Urz\u00ec die Autonomie wiederherstellen.\" href=\"https:\/\/www.brennerbasisdemokratie.eu\/?p=76997\"><span style=\"color: #ff8c00\"><code>01<\/code><\/span><\/a> <a title=\"S\u00fcdtiroler Fascho-Kuschelei.\" href=\"https:\/\/www.brennerbasisdemokratie.eu\/?p=78000\" rel=\"\"><span style=\"color: #ff8c00\"><code>02<\/code><\/span><\/a> <a title=\"DFB zur Wettbewerbssprache.\" href=\"https:\/\/www.brennerbasisdemokratie.eu\/?p=78311\" rel=\"\"><span style=\"color: #ff8c00\"><code>03<\/code><\/span><\/a><\/p>","protected":false},"excerpt":{"rendered":"<p>Wie bef\u00fcrchtet&nbsp;hat sich die SVP bei der Vertrauensfrage zur Entstehung der Regierung von Giorgia Meloni (FdI) in beiden Kammern des Parlaments der Stimme enthalten. Ein billiges S\u00e4tzchen zur Wiederherstellung der seit 1992 verlorengegangenen Zust\u00e4ndigkeiten&nbsp;in der Antrittserkl\u00e4rung der rechtsextremen Ministerpr\u00e4sidentin war der vergiftete Apfel, den die Minderheitenpartei bereitwillig \u2014 ja geradezu sehns\u00fcchtig \u2014 geschluckt hat. Womit [&hellip;]<\/p>","protected":false},"author":1,"featured_media":0,"comment_status":"open","ping_status":"open","sticky":false,"template":"","format":"standard","meta":{"_crdt_document":"","ngg_post_thumbnail":0,"_jetpack_memberships_contains_paid_content":false,"footnotes":""},"categories":[1],"tags":[],"class_list":["post-74619","post","type-post","status-publish","format-standard","hentry","category-allgemein","entity-fdi","entity-lega","entity-pdl","entity-staat-italien","entity-svp","issue-autonomiereform","issue-parlamentswahl-2022","location-italy","location-sudtirolo","language-deutsch","person-giorgia-meloni","person-matteo-renzi","person-matteo-salvini","topic-faschismen","topic-feminae","topic-kohasion","topic-lgbtqia","topic-migraziun","topic-politik","topic-racism","topic-zustaendigkeiten"],"jetpack_featured_media_url":"","jetpack_sharing_enabled":true,"_links":{"self":[{"href":"https:\/\/www.brennerbasisdemokratie.eu\/index.php?rest_route=\/wp\/v2\/posts\/74619","targetHints":{"allow":["GET"]}}],"collection":[{"href":"https:\/\/www.brennerbasisdemokratie.eu\/index.php?rest_route=\/wp\/v2\/posts"}],"about":[{"href":"https:\/\/www.brennerbasisdemokratie.eu\/index.php?rest_route=\/wp\/v2\/types\/post"}],"author":[{"embeddable":true,"href":"https:\/\/www.brennerbasisdemokratie.eu\/index.php?rest_route=\/wp\/v2\/users\/1"}],"replies":[{"embeddable":true,"href":"https:\/\/www.brennerbasisdemokratie.eu\/index.php?rest_route=%2Fwp%2Fv2%2Fcomments&post=74619"}],"version-history":[{"count":8,"href":"https:\/\/www.brennerbasisdemokratie.eu\/index.php?rest_route=\/wp\/v2\/posts\/74619\/revisions"}],"predecessor-version":[{"id":89781,"href":"https:\/\/www.brennerbasisdemokratie.eu\/index.php?rest_route=\/wp\/v2\/posts\/74619\/revisions\/89781"}],"wp:attachment":[{"href":"https:\/\/www.brennerbasisdemokratie.eu\/index.php?rest_route=%2Fwp%2Fv2%2Fmedia&parent=74619"}],"wp:term":[{"taxonomy":"category","embeddable":true,"href":"https:\/\/www.brennerbasisdemokratie.eu\/index.php?rest_route=%2Fwp%2Fv2%2Fcategories&post=74619"},{"taxonomy":"post_tag","embeddable":true,"href":"https:\/\/www.brennerbasisdemokratie.eu\/index.php?rest_route=%2Fwp%2Fv2%2Ftags&post=74619"}],"curies":[{"name":"wp","href":"https:\/\/api.w.org\/{rel}","templated":true}]}}