{"id":74726,"date":"2022-11-10T10:25:16","date_gmt":"2022-11-10T09:25:16","guid":{"rendered":"https:\/\/www.brennerbasisdemokratie.eu\/?p=74726"},"modified":"2022-11-11T09:11:49","modified_gmt":"2022-11-11T08:11:49","slug":"kennzeichen-rechtsunsicherheit","status":"publish","type":"post","link":"https:\/\/www.brennerbasisdemokratie.eu\/?p=74726","title":{"rendered":"Kennzeichen: Rechtsunsicherheit."},"content":{"rendered":"<p>Ein Freund von mir hat in Bayern einen Gebrauchtwagen gekauft und l\u00e4sst ihn nun in S\u00fcdtirol zu. Er hat das Fahrzeug selbst beim Autohaus abgeholt und mit einem deutschen <a title=\"Wiki: Ausfuhrkennzeichen.\" href=\"https:\/\/de.wikipedia.org\/wiki\/Ausfuhrkennzeichen\" target=\"_blank\" rel=\"noopener\">Zollkennzeichen<\/a> (das mit dem roten Rand und Datumsfeld) hierhergebracht.<\/p>\n<p>Da er mir davon erz\u00e4hlt hat, dass er hier mit dem deutschen, auf ihn lautenden Kennzeichen so lange fahren wird, bis das S\u00fcdtiroler Nummernschild da ist, habe ich ihm empfohlen, sich sicherheitshalber noch einmal bei der Agentur zu informieren, die die Zulassung hierzulande f\u00fcr ihn abwickelt.<\/p>\n<p>Die Auskunft war dabei landestypisch: Genau wisse man es nicht, denn man habe sich sowohl bei der italienischen Stra\u00dfenpolizei als auch bei den <em>Carabinieri<\/em> informiert und zwei v\u00f6llig gegens\u00e4tzliche Informationen erhalten. W\u00e4hrend die Polizei der Agentur gesagt habe, dass mit dem Kennzeichen \u00bbproblemlos\u00ab gefahren werden d\u00fcrfe, insbesondere wenn nachweisbar ist, dass die sogenannte \u00bbNationalisierung\u00ab bereits eingeleitet wurde, h\u00e4tten die <em>Carabinieri<\/em> gesagt, das d\u00fcrfe man auf keinen Fall.<\/p>\n<p>Da seit Salvinis tollem <a title=\"Absurdes Fahrverbot.\" href=\"https:\/\/www.brennerbasisdemokratie.eu\/?p=45174\" rel=\"\">Dekret<\/a>, das der <abbr title=\"Europ\u00e4ischer Gerichtshof\">EuGH<\/abbr> bereits <a title=\"Italienische Kennzeichen-Schikane EU-vertragswidrig.\" href=\"https:\/\/www.brennerbasisdemokratie.eu\/?p=70752\" rel=\"\">als vertragswidrig eingestuft<\/a> hat, bei Zuwiderhandlung m\u00f6glicherweise sogar die Beschlagnahme des Fahrzeugs droht, l\u00e4sst mein Freund sein Auto \u2014 auf das er privat und beruflich dringend angewiesen w\u00e4re und f\u00fcr das er mit dem Zollkennzeichen auch KfZ-Steuer und Versicherung bezahlt hat \u2014 nun lieber stehen. Und zwar drei Wochen lang, denn so lange dauert laut der Autoagentur ungef\u00e4hr das Zulassungsverfahren.<\/p>\n<p>Hier geht es aber weniger um Autos und um die Mobilit\u00e4t eines Einzelnen als um die miserable Rechtssicherheit in diesem Staat, an die wir uns zwar weitgehend gew\u00f6hnt haben, die aber aus B\u00fcrgerinnen Untertaninnen und Bittstellerinnen macht.<\/p>","protected":false},"excerpt":{"rendered":"<p>Ein Freund von mir hat in Bayern einen Gebrauchtwagen gekauft und l\u00e4sst ihn nun in S\u00fcdtirol zu. Er hat das Fahrzeug selbst beim Autohaus abgeholt und mit einem deutschen Zollkennzeichen (das mit dem roten Rand und Datumsfeld) hierhergebracht. Da er mir davon erz\u00e4hlt hat, dass er hier mit dem deutschen, auf ihn lautenden Kennzeichen so [&hellip;]<\/p>","protected":false},"author":1,"featured_media":0,"comment_status":"open","ping_status":"open","sticky":false,"template":"","format":"standard","meta":{"_crdt_document":"","ngg_post_thumbnail":0,"_jetpack_memberships_contains_paid_content":false,"footnotes":""},"categories":[1],"tags":[],"class_list":["post-74726","post","type-post","status-publish","format-standard","hentry","category-allgemein","entity-carabinieri","entity-eugh","entity-staat-italien","entity-staatspolizei","location-bayern","location-italy","location-sudtirolo","language-deutsch","person-matteo-salvini","topic-buerokratismus","topic-mobilitaet","topic-polizei","topic-recht"],"jetpack_featured_media_url":"","jetpack_sharing_enabled":true,"_links":{"self":[{"href":"https:\/\/www.brennerbasisdemokratie.eu\/index.php?rest_route=\/wp\/v2\/posts\/74726","targetHints":{"allow":["GET"]}}],"collection":[{"href":"https:\/\/www.brennerbasisdemokratie.eu\/index.php?rest_route=\/wp\/v2\/posts"}],"about":[{"href":"https:\/\/www.brennerbasisdemokratie.eu\/index.php?rest_route=\/wp\/v2\/types\/post"}],"author":[{"embeddable":true,"href":"https:\/\/www.brennerbasisdemokratie.eu\/index.php?rest_route=\/wp\/v2\/users\/1"}],"replies":[{"embeddable":true,"href":"https:\/\/www.brennerbasisdemokratie.eu\/index.php?rest_route=%2Fwp%2Fv2%2Fcomments&post=74726"}],"version-history":[{"count":6,"href":"https:\/\/www.brennerbasisdemokratie.eu\/index.php?rest_route=\/wp\/v2\/posts\/74726\/revisions"}],"predecessor-version":[{"id":74743,"href":"https:\/\/www.brennerbasisdemokratie.eu\/index.php?rest_route=\/wp\/v2\/posts\/74726\/revisions\/74743"}],"wp:attachment":[{"href":"https:\/\/www.brennerbasisdemokratie.eu\/index.php?rest_route=%2Fwp%2Fv2%2Fmedia&parent=74726"}],"wp:term":[{"taxonomy":"category","embeddable":true,"href":"https:\/\/www.brennerbasisdemokratie.eu\/index.php?rest_route=%2Fwp%2Fv2%2Fcategories&post=74726"},{"taxonomy":"post_tag","embeddable":true,"href":"https:\/\/www.brennerbasisdemokratie.eu\/index.php?rest_route=%2Fwp%2Fv2%2Ftags&post=74726"}],"curies":[{"name":"wp","href":"https:\/\/api.w.org\/{rel}","templated":true}]}}