{"id":74760,"date":"2022-11-13T19:14:33","date_gmt":"2022-11-13T18:14:33","guid":{"rendered":"https:\/\/www.brennerbasisdemokratie.eu\/?p=74760"},"modified":"2022-11-14T09:26:40","modified_gmt":"2022-11-14T08:26:40","slug":"mspi-eugh-deckt-untatigkeit-der-kommission","status":"publish","type":"post","link":"https:\/\/www.brennerbasisdemokratie.eu\/?p=74760","title":{"rendered":"MSPI: EuG deckt Unt\u00e4tigkeit der Kommission."},"content":{"rendered":"<p>Dass sich das <em>Gericht der Europ\u00e4ischen Union<\/em> (EuG) in einem Urteil k\u00fcrzlich hinter die EU-Kommission von Ursula von der Leyen und ihre Vernachl\u00e4ssigung von Minderheitenschutzma\u00dfnahmen stellte, ist f\u00fcr das angeblich <em>in Vielfalt<\/em> geeinte Europa wahrlich keine gute Nachricht.<\/p>\n<p>\u00dcber eine Million Unterschriften waren vor wenigen Jahren f\u00fcr die <em>Minority-Safepack-Initiative<\/em> (MSPI) gesammelt worden, eine Leistung, die umso h\u00f6her zu bewerten ist, als sie in erheblichem Ma\u00dfe von den Minderheiten selbst erbracht wurde. Dennoch<span class=\"s1\">\u00a0<a title=\"EU sch\u00fctzt Minderheiten nicht.\" href=\"https:\/\/www.brennerbasisdemokratie.eu\/?p=63051\" rel=\"\">verharrte die Kommission daraufhin weitgehend in Unt\u00e4tigkeit,<\/a> weshalb die <a title=\"FUEN.\" href=\"https:\/\/fuen.org\/\" target=\"_blank\" rel=\"noopener\">FUEN<\/a> den Rechtsweg beschritt.<\/span><\/p>\n<h6>Das Urteil<\/h6>\n<p>Erstaunlich ist nicht nur, dass der bestehende Minderheitenschutz in der EU laut Einsch\u00e4tzung des EuG bereits ausreicht, um die Ziele der Initiative zu erreichen, sondern insbesondere auch, dass das Gericht sich zur <a title=\"Pressemitteilung EuGH: MSPI.\" href=\"https:\/\/www.brennerbasisdemokratie.eu\/wp-content\/uploads\/2022\/11\/eugh_pm-179-22.pdf\" rel=\"\">Begr\u00fcndung<\/a> ma\u00dfgeblich auf die <em><a title=\"Die Charta der Minderheitensprachen.\" href=\"https:\/\/www.brennerbasisdemokratie.eu\/?p=1348\">Europ\u00e4ische Charta der Minderheiten- oder Regionalsprachen<\/a><\/em> st\u00fctzte. Die jedoch wurde nicht von der EU, sondern vom <em>Europarat<\/em> beschlossen und kommt in mehreren wichtigen EU-Mitgliedsstaaten gar nicht zur Anwendung. So gro\u00dfe und an Minderheiten reiche L\u00e4nder wie Frankreich und Italien etwa haben die <em>Charta<\/em> zwar unterzeichnet, aber niemals ratifiziert und in staatliches Recht \u00fcbertragen, womit sie dort keine Rechtswirksamkeit entfaltet.<\/p>\n<p>Wenn also das Ziel der MSPI war, den Minderheitenschutz in der gesamten EU zu verbessern, zu einem Schwerpunkt der gemeinsamen Politik zu machen und verbindliche Mindeststandards festzulegen, wurde es klar verfehlt. Zahlreichen Minderheiten wird der geforderte Schutz weiterhin verweigert, da sie gar nicht in den Genuss der Ma\u00dfnahmen kommen, die das EuG f\u00fcr sein Urteil herangezogen hat.<\/p>\n<p>Dabei hatte das EU-Parlament 2020 gro\u00dfmehrheitlich die Umsetzung der MSPI <a title=\"EU-Parlament f\u00fcr Minority Safepack.\" href=\"https:\/\/www.brennerbasisdemokratie.eu\/?p=62519\">gefordert<\/a> und bei dieser Gelegenheit festgestellt, dass<\/p>\n<blockquote><p>die meisten nationalen und sprachlichen Minderheiten mit einer immer schneller werdenden Entwicklung zur Assimilation und zum Verlust ihrer Sprache konfrontiert sind.<\/p><\/blockquote>\n<p>Die Vielfalt, die die EU einigerma\u00dfen ernstnimmt, ist offenbar jedoch noch immer vor allem die der nationalen Mehrheiten, die sich zur <em>Europ\u00e4ischen Union<\/em> zusammengeschlossen haben.<\/p>\n<p>Und da die postnationale Verhei\u00dfung der EU nicht in Erf\u00fcllung geht, bleibt die mittelfristige Alternative f\u00fcr viele Minderheiten weiterhin Assimilierung oder Eigenstaatlichkeit.<\/p>\n<p><strong><span style=\"font-family: Helvetica, Arial, sans-serif; text-transform: uppercase;\">C\u00ebla enghe:<\/span><\/strong> <a title=\"Carta delle lingue, critiche all\u2019Italia.\" href=\"https:\/\/www.brennerbasisdemokratie.eu\/?p=15630\"><code>01<\/code><\/a> <a title=\"MSPI: Landtag tadelt EU-Kommission.\" href=\"https:\/\/www.brennerbasisdemokratie.eu\/?p=64253\"><code>02<\/code><\/a> <a title=\"Minority Safepack aus reiner N\u00e4chstenliebe?\" href=\"https:\/\/www.brennerbasisdemokratie.eu\/?p=39933\"><code>03<\/code><\/a><\/p>","protected":false},"excerpt":{"rendered":"<p>Dass sich das Gericht der Europ\u00e4ischen Union (EuG) in einem Urteil k\u00fcrzlich hinter die EU-Kommission von Ursula von der Leyen und ihre Vernachl\u00e4ssigung von Minderheitenschutzma\u00dfnahmen stellte, ist f\u00fcr das angeblich in Vielfalt geeinte Europa wahrlich keine gute Nachricht. \u00dcber eine Million Unterschriften waren vor wenigen Jahren f\u00fcr die Minority-Safepack-Initiative (MSPI) gesammelt worden, eine Leistung, die [&hellip;]<\/p>","protected":false},"author":1,"featured_media":0,"comment_status":"open","ping_status":"open","sticky":false,"template":"","format":"standard","meta":{"_crdt_document":"","ngg_post_thumbnail":0,"_jetpack_memberships_contains_paid_content":false,"footnotes":""},"categories":[1],"tags":[],"class_list":["post-74760","post","type-post","status-publish","format-standard","hentry","category-allgemein","entity-eu-kommission","entity-eu-parlament","entity-eugh","entity-europarat","entity-fuen","issue-charta-der-minderheitensprachen","issue-minority-safepack","issue-zitac","location-europa","location-france","location-italy","language-deutsch","person-ursula-von-der-leyen","topic-minderheitenschutz","topic-plurilinguism","topic-politik","topic-recht"],"jetpack_featured_media_url":"","jetpack_sharing_enabled":true,"_links":{"self":[{"href":"https:\/\/www.brennerbasisdemokratie.eu\/index.php?rest_route=\/wp\/v2\/posts\/74760","targetHints":{"allow":["GET"]}}],"collection":[{"href":"https:\/\/www.brennerbasisdemokratie.eu\/index.php?rest_route=\/wp\/v2\/posts"}],"about":[{"href":"https:\/\/www.brennerbasisdemokratie.eu\/index.php?rest_route=\/wp\/v2\/types\/post"}],"author":[{"embeddable":true,"href":"https:\/\/www.brennerbasisdemokratie.eu\/index.php?rest_route=\/wp\/v2\/users\/1"}],"replies":[{"embeddable":true,"href":"https:\/\/www.brennerbasisdemokratie.eu\/index.php?rest_route=%2Fwp%2Fv2%2Fcomments&post=74760"}],"version-history":[{"count":14,"href":"https:\/\/www.brennerbasisdemokratie.eu\/index.php?rest_route=\/wp\/v2\/posts\/74760\/revisions"}],"predecessor-version":[{"id":74790,"href":"https:\/\/www.brennerbasisdemokratie.eu\/index.php?rest_route=\/wp\/v2\/posts\/74760\/revisions\/74790"}],"wp:attachment":[{"href":"https:\/\/www.brennerbasisdemokratie.eu\/index.php?rest_route=%2Fwp%2Fv2%2Fmedia&parent=74760"}],"wp:term":[{"taxonomy":"category","embeddable":true,"href":"https:\/\/www.brennerbasisdemokratie.eu\/index.php?rest_route=%2Fwp%2Fv2%2Fcategories&post=74760"},{"taxonomy":"post_tag","embeddable":true,"href":"https:\/\/www.brennerbasisdemokratie.eu\/index.php?rest_route=%2Fwp%2Fv2%2Ftags&post=74760"}],"curies":[{"name":"wp","href":"https:\/\/api.w.org\/{rel}","templated":true}]}}