{"id":74941,"date":"2022-11-24T22:47:52","date_gmt":"2022-11-24T21:47:52","guid":{"rendered":"https:\/\/www.brennerbasisdemokratie.eu\/?p=74941"},"modified":"2026-02-14T15:49:17","modified_gmt":"2026-02-14T14:49:17","slug":"liberale-gleichberechtigung","status":"publish","type":"post","link":"https:\/\/www.brennerbasisdemokratie.eu\/?p=74941","title":{"rendered":"Liberale Gleichberechtigung."},"content":{"rendered":"<p>Der Fall mit der <a title=\"Der Regionalrat dolmetscht einseitig.\" href=\"https:\/\/www.brennerbasisdemokratie.eu\/?p=74857\" rel=\"\">einseitigen Simultan\u00fcbersetzung<\/a> im Regionalrat (und im Landtag) f\u00fchrt mich zu einer weiteren, grunds\u00e4tzlicheren \u00dcberlegung: Liberale erliegen leider nicht selten dem auf Oberfl\u00e4chlichkeit zur\u00fcckzuf\u00fchrenden Trugschluss, dass Gleichberechtigung <a title=\"Entscheidend ist, was hinten rauskommt.\" href=\"https:\/\/www.brennerbasisdemokratie.eu\/?p=29677\" rel=\"\">immer und \u00fcberall Gleichheit<\/a> voraussetzt. Dabei untersch\u00e4tzen oder blenden sie die Mechanismen fast v\u00f6llig aus, die der <a title=\"Minorisierte Sprachen.\" href=\"https:\/\/www.brennerbasisdemokratie.eu\/?p=72762\" rel=\"\">Minorisierung<\/a> \u2014 und ganz allgemein unausgewogenen Machtverh\u00e4ltnissen \u2014 zugrundeliegen.<\/p>\n<p>Wenn zum Beispiel eine deutschsprachige S\u00fcdtiroler Abgeordnete im Plenum des Landtags bewusst Italienisch spricht, weil dort (in einem von nur zwei Landesparlamenten des Staates, in denen nicht <a title=\"Venetien: (Kein) Zimbrisch im Regionalrat.\" href=\"https:\/\/www.brennerbasisdemokratie.eu\/?p=62586\" rel=\"\">ausschlie\u00dflich Italienisch<\/a> gesprochen werden darf!) die Staatssprache <em>unterrepr\u00e4sentiert<\/em> sei, so mag das gut gemeint sein \u2014 zeugt aber von einer verzerrten Wahrnehmung.<\/p>\n<p>Dass italienischsprachige Kolleginnen jemals im Regionalrat (oder <a title=\"Bozner Stadtviertelr\u00e4te: Deutsch inexistent.\" href=\"https:\/\/www.brennerbasisdemokratie.eu\/?p=64791\" rel=\"\">in einem Bozner Stadtviertelrat<\/a>) bewusst und systematisch Deutsch sprechen w\u00fcrden, weil die Sprache dort unterrepr\u00e4sentiert ist, wage ich zu bezweifeln. Viele machen jedenfalls noch nicht einmal die Anstrengung, Deutsch auch nur <em>zu verstehen.<\/em><\/p>\n<p>\u00c4hnlich verh\u00e4lt es sich, wenn deutschsprachige Abgeordnete (Gru\u00df ans <em>Team K!)<\/em> systematisch Landtagsanfragen auf Italienisch verfassen. Das mag bei oberfl\u00e4chlicher Betrachtung nett aussehen, ist aber nichts anderes als ein weiterer Schritt zur sprachlichen Unterordnung. Sie blenden aus, dass die Mitarbeiterinnen der Landesverwaltung und des Landtags aufgrund des staatlichen Kontexts ohnehin \u00fcberdurchschnittlich viel auf Italienisch abwickeln m\u00fcssen. Und tragen dazu bei, dass sie noch \u00f6fter in die Staatssprache schwenken m\u00fcssen als ohnehin \u2014 denn Landtagsanfragen werden ausschlie\u00dflich in der Frage beantwortet, in der sie gestellt werden.<\/p>\n<p>Dabei ist ja sogar bei Gesetzen, die quasi \u00bbauf Deutsch\u00ab ersonnen, geschrieben und verabschiedet werden, letztendlich nur der italienische Wortlaut entscheidend.<sup class=\"modern-footnotes-footnote modern-footnotes-footnote--hover-on-desktop \" data-mfn=\"1\" data-mfn-post-scope=\"00000000000007e30000000000000000_74941\"><a href=\"javascript:void(0)\"  role=\"button\" aria-pressed=\"false\" aria-describedby=\"mfn-content-00000000000007e30000000000000000_74941-1\">1<\/a><\/sup><span id=\"mfn-content-00000000000007e30000000000000000_74941-1\" role=\"tooltip\" class=\"modern-footnotes-footnote__note\" tabindex=\"0\" data-mfn=\"1\">Autonomiestatut, Art. 99<\/span> Gegen derart substantielle Ungleichbehandlung w\u00e4re Widerstand n\u00f6tig, doch daran haben sich offenbar schon alle gew\u00f6hnt.<\/p>\n<p>Wenn Liberale falsche R\u00fccksicht auf die dominante Staatssprache nehmen, machen sie jedenfalls das Spiel des alles homogenisierenden Nationalstaats \u2014 und f\u00fchlen sich ironischerweise ganz besonders weltoffen und respektvoll.<\/p>\n<p>Was am Ende dabei rauskommt, sind Dinge wie der einsprachige Dolmetschdienst, den dann aber leider kaum jemand problematisch findet. Schon gar nicht die Liberalen.<\/p>\n<p><strong><span style=\"font-family: Helvetica, Arial, sans-serif; text-transform: uppercase;\">C\u00ebla enghe:<\/span><\/strong> <a title=\"Minorities and the oppressing freedom.\" href=\"https:\/\/www.brennerbasisdemokratie.eu\/?p=70900\" rel=\"\"><code>01<\/code><\/a> <a title=\"Flaggensalut statt Minderheitensprache.\" href=\"https:\/\/www.brennerbasisdemokratie.eu\/?p=74893\" rel=\"\"><code>02<\/code><\/a> <span style=\"font-family: Helvetica, Arial, sans-serif; font-weight: normal;\">||<\/span> <a title=\"Hegemoniale Zweisprachigkeit.\" href=\"https:\/\/www.brennerbasisdemokratie.eu\/?p=75013\"><span style=\"color: #ff8c00\"><code>01<\/code><\/span><\/a><\/p>\n<ul class=\"modern-footnotes-list modern-footnotes-list--show-only-for-print\"><li><span>1<\/span><div>Autonomiestatut, Art. 99<\/div><\/li><\/ul>","protected":false},"excerpt":{"rendered":"<p>Der Fall mit der einseitigen Simultan\u00fcbersetzung im Regionalrat (und im Landtag) f\u00fchrt mich zu einer weiteren, grunds\u00e4tzlicheren \u00dcberlegung: Liberale erliegen leider nicht selten dem auf Oberfl\u00e4chlichkeit zur\u00fcckzuf\u00fchrenden Trugschluss, dass Gleichberechtigung immer und \u00fcberall Gleichheit voraussetzt. Dabei untersch\u00e4tzen oder blenden sie die Mechanismen fast v\u00f6llig aus, die der Minorisierung \u2014 und ganz allgemein unausgewogenen Machtverh\u00e4ltnissen \u2014 [&hellip;]<\/p>","protected":false},"author":1,"featured_media":0,"comment_status":"open","ping_status":"open","sticky":false,"template":"","format":"standard","meta":{"_crdt_document":"","ngg_post_thumbnail":0,"_jetpack_memberships_contains_paid_content":false,"footnotes":""},"categories":[1],"tags":[],"class_list":["post-74941","post","type-post","status-publish","format-standard","hentry","category-allgemein","entity-region-sudtirol-trentino","entity-sudtiroler-landtag","entity-tk","entity-verc","issue-bilinguismo-negato","issue-italianizzazione","location-sudtirolo","location-trentino","language-deutsch","topic-minderheitenschutz","topic-minorisaziun","topic-nationalismus","topic-plurilinguism","topic-politik","topic-servicepublic"],"jetpack_featured_media_url":"","jetpack_sharing_enabled":true,"_links":{"self":[{"href":"https:\/\/www.brennerbasisdemokratie.eu\/index.php?rest_route=\/wp\/v2\/posts\/74941","targetHints":{"allow":["GET"]}}],"collection":[{"href":"https:\/\/www.brennerbasisdemokratie.eu\/index.php?rest_route=\/wp\/v2\/posts"}],"about":[{"href":"https:\/\/www.brennerbasisdemokratie.eu\/index.php?rest_route=\/wp\/v2\/types\/post"}],"author":[{"embeddable":true,"href":"https:\/\/www.brennerbasisdemokratie.eu\/index.php?rest_route=\/wp\/v2\/users\/1"}],"replies":[{"embeddable":true,"href":"https:\/\/www.brennerbasisdemokratie.eu\/index.php?rest_route=%2Fwp%2Fv2%2Fcomments&post=74941"}],"version-history":[{"count":12,"href":"https:\/\/www.brennerbasisdemokratie.eu\/index.php?rest_route=\/wp\/v2\/posts\/74941\/revisions"}],"predecessor-version":[{"id":98124,"href":"https:\/\/www.brennerbasisdemokratie.eu\/index.php?rest_route=\/wp\/v2\/posts\/74941\/revisions\/98124"}],"wp:attachment":[{"href":"https:\/\/www.brennerbasisdemokratie.eu\/index.php?rest_route=%2Fwp%2Fv2%2Fmedia&parent=74941"}],"wp:term":[{"taxonomy":"category","embeddable":true,"href":"https:\/\/www.brennerbasisdemokratie.eu\/index.php?rest_route=%2Fwp%2Fv2%2Fcategories&post=74941"},{"taxonomy":"post_tag","embeddable":true,"href":"https:\/\/www.brennerbasisdemokratie.eu\/index.php?rest_route=%2Fwp%2Fv2%2Ftags&post=74941"}],"curies":[{"name":"wp","href":"https:\/\/api.w.org\/{rel}","templated":true}]}}