{"id":75579,"date":"2023-01-02T19:12:53","date_gmt":"2023-01-02T18:12:53","guid":{"rendered":"https:\/\/www.brennerbasisdemokratie.eu\/?p=75579"},"modified":"2025-10-18T11:27:09","modified_gmt":"2025-10-18T09:27:09","slug":"gegluckte-italianisierung-einer-apotheke","status":"publish","type":"post","link":"https:\/\/www.brennerbasisdemokratie.eu\/?p=75579","title":{"rendered":"Gegl\u00fcckte Italianisierung einer Apotheke."},"content":{"rendered":"<p>Die geschichtstr\u00e4chtige <em>F\u00fcrstbisch\u00f6fliche Hofapotheke<\/em> in Brixen hat sich ein neues, immer mehr auf italienische Einsprachigkeit setzendes Erscheinungsbild gegeben.<\/p>\n<p>Auf einer Seite des Gesch\u00e4ftsschilds unter den Lauben steht zwar auch noch die Hauptbezeichnung in deutscher Sprache, doch schon der Zusatz <em>farmacia laboratorio<\/em>&nbsp;(die Marke eines Zusammenschlusses von Apotheken) ist beidseitig nur noch auf Italienisch zu lesen:<\/p>\n<blockquote><p><img loading=\"lazy\" decoding=\"async\" class=\"size-full wp-image-75580 aligncenter\" src=\"https:\/\/www.brennerbasisdemokratie.eu\/wp-content\/uploads\/2023\/01\/fuerstbischoefliche-hofapotheke1.png\" alt=\"\" width=\"950\" height=\"365\" srcset=\"https:\/\/www.brennerbasisdemokratie.eu\/wp-content\/uploads\/2023\/01\/fuerstbischoefliche-hofapotheke1.png 950w, https:\/\/www.brennerbasisdemokratie.eu\/wp-content\/uploads\/2023\/01\/fuerstbischoefliche-hofapotheke1-768x295.png 768w\" sizes=\"auto, (max-width: 950px) 100vw, 950px\" \/><\/p><\/blockquote>\n<p>Auf dem neuen Logo ist ebenfalls nur noch die italienische Bezeichnung <em>farmacia laboratorio c. p. vescovile<\/em> zu lesen:<\/p>\n<blockquote><p><img loading=\"lazy\" decoding=\"async\" class=\"size-medium wp-image-75581 aligncenter\" src=\"https:\/\/www.brennerbasisdemokratie.eu\/wp-content\/uploads\/2023\/01\/fuerstbischoefliche-hofapotheke2.png\" alt=\"\" width=\"1806\" height=\"1978\" srcset=\"https:\/\/www.brennerbasisdemokratie.eu\/wp-content\/uploads\/2023\/01\/fuerstbischoefliche-hofapotheke2.png 1806w, https:\/\/www.brennerbasisdemokratie.eu\/wp-content\/uploads\/2023\/01\/fuerstbischoefliche-hofapotheke2-768x841.png 768w, https:\/\/www.brennerbasisdemokratie.eu\/wp-content\/uploads\/2023\/01\/fuerstbischoefliche-hofapotheke2-1402x1536.png 1402w, https:\/\/www.brennerbasisdemokratie.eu\/wp-content\/uploads\/2023\/01\/fuerstbischoefliche-hofapotheke2-1096x1200.png 1096w, https:\/\/www.brennerbasisdemokratie.eu\/wp-content\/uploads\/2023\/01\/fuerstbischoefliche-hofapotheke2-1200x1314.png 1200w\" sizes=\"auto, (max-width: 1806px) 100vw, 1806px\" \/><\/p><\/blockquote>\n<p>Und sogar die Homepage ist weitestgehend einsprachig \u2014 eine Sprachwahl sucht man vergeblich:<\/p>\n<blockquote><p><a href=\"https:\/\/www.farmaciavescovile.it\/\"><img loading=\"lazy\" decoding=\"async\" class=\"aligncenter wp-image-75582 size-full\" src=\"https:\/\/www.brennerbasisdemokratie.eu\/wp-content\/uploads\/2023\/01\/fuerstbischoefliche-hofapotheke3.png\" alt=\"\" width=\"950\" height=\"725\" srcset=\"https:\/\/www.brennerbasisdemokratie.eu\/wp-content\/uploads\/2023\/01\/fuerstbischoefliche-hofapotheke3.png 950w, https:\/\/www.brennerbasisdemokratie.eu\/wp-content\/uploads\/2023\/01\/fuerstbischoefliche-hofapotheke3-768x586.png 768w\" sizes=\"auto, (max-width: 950px) 100vw, 950px\" \/><\/a><\/p><\/blockquote>\n<p><em><small>Ausschnitt Webseite (farmaciavescovile.it)<\/small><\/em><\/p>\n<p>In S\u00fcdtirol m\u00fcsste der Fokus doch wennschon darauf liegen, die ohnehin vorhandene strukturelle Diskriminierung der deutschen und der ladinischen Sprache nach M\u00f6glichkeit durch Gegenma\u00dfnahmen etwas abzufedern. Dies gilt umso mehr in einem hoch sensiblen Bereich wie dem der Gesundheit.<\/p>\n<p>Nicht umsonst ben\u00f6tigen Apothekerinnen hierzulande ja auch einen Zwei- bzw. Dreisprachigkeitsnachweis.<\/p>\n<p>Doch die besonders hohe Verantwortung, die ihnen als niederschwelliges und wohnortnahes Angebot an die B\u00fcrgerinnen eigentlich zukommt, scheint einigen von ihnen nicht wirklich bewusst zu sein, wenn sie nicht nur keinen Kontrapunkt setzen, sondern wie in diesem Fall offenbar noch bewusst auf Italianisierung setzen.<\/p>\n<p>Dass eine derartige Entwicklung hier in einer mehrheitlich deutschsprachigen Stadt \u2014 mit einem noch deutlicher deutschsprachigen Einzugsgebiet \u2014 stattfindet, ist umso besorgniserregender.<\/p>\n<p><strong><span style=\"font-family: Helvetica, Arial, sans-serif; text-transform: uppercase;\">C\u00ebla enghe:<\/span><\/strong> <a title=\"ApoFarmBZ.\" href=\"https:\/\/www.brennerbasisdemokratie.eu\/?p=68781\" rel=\"\"><code>01<\/code><\/a> <a title=\"Auch online keine Packungsbeilagen auf Deutsch.\" href=\"https:\/\/www.brennerbasisdemokratie.eu\/?p=71092\" rel=\"\"><code>02<\/code><\/a> <a title=\"Packungsbeilagen: Gesetz als Placebo.\" href=\"https:\/\/www.brennerbasisdemokratie.eu\/?p=19725\" rel=\"\"><code>03<\/code><\/a> <a title=\"Offre active: Niederschwelliges Sprachangebot.\" href=\"https:\/\/www.brennerbasisdemokratie.eu\/?p=74827\" rel=\"\"><code>04<\/code><\/a> <a title=\"Packungsbeilagen in Kanada: zweisprachig.\" href=\"https:\/\/www.brennerbasisdemokratie.eu\/?p=43140\" rel=\"\"><code>05<\/code><\/a> <span style=\"font-family: Helvetica, Arial, sans-serif; font-weight: normal;\">|<\/span> <a title=\"Tanken in der Landessprache.\" href=\"https:\/\/www.brennerbasisdemokratie.eu\/?p=74342\" rel=\"\"><code>06<\/code><\/a> <span style=\"font-family: Helvetica, Arial, sans-serif; font-weight: normal;\">||<\/span> <a title=\"Kiko in S\u00fcdtirol und Katalonien.\" href=\"https:\/\/www.brennerbasisdemokratie.eu\/?p=77152\"><span style=\"color: #ff8c00\"><code>01<\/code><\/span><\/a> <a title=\"Wenn Restaurants die deutsche Sprache marginalisieren.\" href=\"https:\/\/www.brennerbasisdemokratie.eu\/?p=79177\"><span style=\"color: #ff8c00\"><code>02<\/code><\/span><\/a> <a title=\"Lidl in S\u00fcdtirol, Schottland, Wales und Katalonien.\" href=\"https:\/\/www.brennerbasisdemokratie.eu\/?p=86525\"><span style=\"color: #ff8c00\"><code>03<\/code><\/span><\/a> <a title=\"In Svizzera medicinali trilingui.\" href=\"https:\/\/www.brennerbasisdemokratie.eu\/?p=88635\"><span style=\"color: #ff8c00\"><code>04<\/code><\/span><\/a> <span style=\"font-family: Helvetica, Arial, sans-serif; font-weight: normal;\">||<\/span> <a title=\"TdM: F\u00fcrstbisch\u00f6fliche Hofapotheke.\" href=\"https:\/\/umap.openstreetmap.fr\/de\/map\/topographie-der-minorisierung_1299279?feature=F%C3%BCrstbisch%C3%B6fliche%20Hofapotheke#19\/46.71649\/11.65562\" target=\"_blank\" rel=\"noopener\"><span class=\"loc-icon\"><\/span><\/a><\/p>","protected":false},"excerpt":{"rendered":"<p>Die geschichtstr\u00e4chtige F\u00fcrstbisch\u00f6fliche Hofapotheke in Brixen hat sich ein neues, immer mehr auf italienische Einsprachigkeit setzendes Erscheinungsbild gegeben. Auf einer Seite des Gesch\u00e4ftsschilds unter den Lauben steht zwar auch noch die Hauptbezeichnung in deutscher Sprache, doch schon der Zusatz farmacia laboratorio&nbsp;(die Marke eines Zusammenschlusses von Apotheken) ist beidseitig nur noch auf Italienisch zu lesen: Auf [&hellip;]<\/p>","protected":false},"author":1,"featured_media":0,"comment_status":"open","ping_status":"open","sticky":false,"template":"","format":"standard","meta":{"_crdt_document":"","ngg_post_thumbnail":0,"_jetpack_memberships_contains_paid_content":false,"footnotes":""},"categories":[1],"tags":[],"class_list":["post-75579","post","type-post","status-publish","format-standard","hentry","category-allgemein","issue-bilinguismo-negato","issue-italianizzazione","location-sudtirolo","language-deutsch","topic-gesundheit","topic-minorisaziun","topic-plurilinguism","topic-servicepublic"],"jetpack_featured_media_url":"","jetpack_sharing_enabled":true,"_links":{"self":[{"href":"https:\/\/www.brennerbasisdemokratie.eu\/index.php?rest_route=\/wp\/v2\/posts\/75579","targetHints":{"allow":["GET"]}}],"collection":[{"href":"https:\/\/www.brennerbasisdemokratie.eu\/index.php?rest_route=\/wp\/v2\/posts"}],"about":[{"href":"https:\/\/www.brennerbasisdemokratie.eu\/index.php?rest_route=\/wp\/v2\/types\/post"}],"author":[{"embeddable":true,"href":"https:\/\/www.brennerbasisdemokratie.eu\/index.php?rest_route=\/wp\/v2\/users\/1"}],"replies":[{"embeddable":true,"href":"https:\/\/www.brennerbasisdemokratie.eu\/index.php?rest_route=%2Fwp%2Fv2%2Fcomments&post=75579"}],"version-history":[{"count":15,"href":"https:\/\/www.brennerbasisdemokratie.eu\/index.php?rest_route=\/wp\/v2\/posts\/75579\/revisions"}],"predecessor-version":[{"id":95457,"href":"https:\/\/www.brennerbasisdemokratie.eu\/index.php?rest_route=\/wp\/v2\/posts\/75579\/revisions\/95457"}],"wp:attachment":[{"href":"https:\/\/www.brennerbasisdemokratie.eu\/index.php?rest_route=%2Fwp%2Fv2%2Fmedia&parent=75579"}],"wp:term":[{"taxonomy":"category","embeddable":true,"href":"https:\/\/www.brennerbasisdemokratie.eu\/index.php?rest_route=%2Fwp%2Fv2%2Fcategories&post=75579"},{"taxonomy":"post_tag","embeddable":true,"href":"https:\/\/www.brennerbasisdemokratie.eu\/index.php?rest_route=%2Fwp%2Fv2%2Ftags&post=75579"}],"curies":[{"name":"wp","href":"https:\/\/api.w.org\/{rel}","templated":true}]}}