{"id":75594,"date":"2023-01-03T12:06:50","date_gmt":"2023-01-03T11:06:50","guid":{"rendered":"https:\/\/www.brennerbasisdemokratie.eu\/?p=75594"},"modified":"2026-01-19T21:24:18","modified_gmt":"2026-01-19T20:24:18","slug":"franzosisch-in-quebec-rucklaufig","status":"publish","type":"post","link":"https:\/\/www.brennerbasisdemokratie.eu\/?p=75594","title":{"rendered":"Franz\u00f6sisch in Qu\u00e9bec r\u00fcckl\u00e4ufig."},"content":{"rendered":"<p>Das kanadische Statistikinstitut hat 2022 die Ergebnisse der Volksz\u00e4hlung 2021 ver\u00f6ffentlicht, die auch wichtige Daten zur Sprachsituation beinhalten. Wie das <em>Office qu\u00e9b\u00e9cois de la langue fran\u00e7aise<\/em> (OQLF) auf dieser Grundlage schon im vergangenen August <a title=\"OQLF: Caract\u00e9ristiques linguistiques\u2026\" href=\"https:\/\/www.oqlf.gouv.qc.ca\/office\/communiques\/2022\/20220824_caracteristiques-population-2021.aspx\" target=\"_blank\" rel=\"noopener\">konstatierte<\/a>, ist die franz\u00f6sische Sprache in Qu\u00e9bec auf dem R\u00fcckzug.<\/p>\n<h6>Zuhause<\/h6>\n<p>Seit der vorhergehenden Volksz\u00e4hlung 2016<sup class=\"modern-footnotes-footnote modern-footnotes-footnote--hover-on-desktop \" data-mfn=\"1\" data-mfn-post-scope=\"00000000000007e30000000000000000_75594\"><a href=\"javascript:void(0)\"  role=\"button\" aria-pressed=\"false\" aria-describedby=\"mfn-content-00000000000007e30000000000000000_75594-1\">1<\/a><\/sup><span id=\"mfn-content-00000000000007e30000000000000000_75594-1\" role=\"tooltip\" class=\"modern-footnotes-footnote__note\" tabindex=\"0\" data-mfn=\"1\">Erhebungen werden mit doppelt so hoher Frequenz durchgef\u00fchrt wie in S\u00fcdtirol<\/span> sind die Frankophonen<sup class=\"modern-footnotes-footnote modern-footnotes-footnote--hover-on-desktop \" data-mfn=\"2\" data-mfn-post-scope=\"00000000000007e30000000000000000_75594\"><a href=\"javascript:void(0)\"  role=\"button\" aria-pressed=\"false\" aria-describedby=\"mfn-content-00000000000007e30000000000000000_75594-2\">2<\/a><\/sup><span id=\"mfn-content-00000000000007e30000000000000000_75594-2\" role=\"tooltip\" class=\"modern-footnotes-footnote__note\" tabindex=\"0\" data-mfn=\"2\">definiert als diejenigen, die zuhause am h\u00e4ufigsten Franz\u00f6sisch sprechen<\/span> von 79,0 Prozent auf 77,5 Prozent der Bev\u00f6lkerung gesunken. Gleichzeitig hat der Anteil an Anglophonen<sup class=\"modern-footnotes-footnote modern-footnotes-footnote--hover-on-desktop \" data-mfn=\"3\" data-mfn-post-scope=\"00000000000007e30000000000000000_75594\"><a href=\"javascript:void(0)\"  role=\"button\" aria-pressed=\"false\" aria-describedby=\"mfn-content-00000000000007e30000000000000000_75594-3\">3<\/a><\/sup><span id=\"mfn-content-00000000000007e30000000000000000_75594-3\" role=\"tooltip\" class=\"modern-footnotes-footnote__note\" tabindex=\"0\" data-mfn=\"3\">definiert als diejenigen, die zuhause am h\u00e4ufigsten Englisch sprechen<\/span> von 9,7 Prozent auf 10,4 Prozent und der an Allophonen<sup class=\"modern-footnotes-footnote modern-footnotes-footnote--hover-on-desktop \" data-mfn=\"4\" data-mfn-post-scope=\"00000000000007e30000000000000000_75594\"><a href=\"javascript:void(0)\"  role=\"button\" aria-pressed=\"false\" aria-describedby=\"mfn-content-00000000000007e30000000000000000_75594-4\">4<\/a><\/sup><span id=\"mfn-content-00000000000007e30000000000000000_75594-4\" role=\"tooltip\" class=\"modern-footnotes-footnote__note\" tabindex=\"0\" data-mfn=\"4\">definiert als diejenigen, die zuhause am h\u00e4ufigsten eine andere Sprache als Franz\u00f6sisch oder Englisch sprechen<\/span> von 7,3 Prozent auf 7,9 Prozent zugenommen.<\/p>\n<p>In der Metropolregion Montr\u00e9al ist der Prozentsatz an Frankophonen von 65,9 Prozent auf 63,8 Prozent gesunken, jener an Anglophonen von 15,3 Prozent auf 16,3 Prozent und der der Allophonen von 12,2 Prozent auf 13,2 Prozent gestiegen. Auch in Gatineau, dem zu Qu\u00e9bec geh\u00f6renden Vorort der Bundeshauptstadt Ottawa, ist der R\u00fcckgang der Frankophonie \u00fcberdurchschnittlich.<\/p>\n<p>Gar doppelt so hoch wie im Gesamtdurchschnitt der Bev\u00f6lkerung ist der R\u00fcckgang an Frankophonen unter den J\u00fcngeren (Alter 15 &#8211; 34 Jahre), wo der Anteil in f\u00fcnf Jahren von 77,0 Prozent auf 74,0 Prozent um drei Punkte gesunken ist.<\/p>\n<p>Diese Daten wurden von der Politik mit gr\u00f6\u00dfter Besorgnis aufgenommen und als Best\u00e4tigung f\u00fcr die Notwendigkeit von strengeren Ma\u00dfnahmen gewertet, wie sie zum Teil <a title=\"Riformata la legislazione linguistica in Qu\u00e9bec.\" href=\"https:\/\/www.brennerbasisdemokratie.eu\/?p=72453\" rel=\"\">erst k\u00fcrzlich beschlossen<\/a> wurden.<\/p>\n<p>Dies umso mehr als der Anteil an Anglophonen, die angaben, eine Konversation auf Franz\u00f6sisch f\u00fchren zu k\u00f6nnen, von 68,8 Prozent auf 67,1 Prozent gesunken ist.<\/p>\n<h6>Bei der Arbeit<\/h6>\n<p>Einer <a title=\"OQLF: Langues utilis\u00e9es au travail\u2026\" href=\"https:\/\/www.oqlf.gouv.qc.ca\/office\/communiques\/2022\/20221214_langues-utilisees-travail-2021.aspx\" target=\"_blank\" rel=\"noopener\">Auswertung<\/a> des OQLF vom Dezember zufolge muss Franz\u00f6sisch aber auch unter den bei der Arbeit gesprochenen Sprachen Federn lassen. So gaben 2021 nur noch 79,7 Prozent an, im Beruf haupts\u00e4chlich die Sprache von Moli\u00e8re zu benutzen. Zehn Jahre zuvor waren es noch 81,9 Prozent, 2016 schon nur noch 79,9 Prozent gewesen.<\/p>\n<p>Dabei ist es erkl\u00e4rterma\u00dfen ein wichtiges politisches Ziel der Regierung von Qu\u00e9bec, Franz\u00f6sisch durch entsprechende gesetzgeberische Ma\u00dfnahmen als wichtigste Arbeitssprache abzusichern.<\/p>\n<p>Gleichzeitig nahm der Anteil derer, die im beruflichen Umfeld haupts\u00e4chlich Englisch gebrauchten, von 11,7 Prozent (2011) \u00fcber 11,9 Prozent (2016) auf 13,9 Prozent (2021) zu \u2014 w\u00e4hrend auch der Prozentsatz von Personen, die beide Sprachen etwa gleich h\u00e4ufig benutzten, von 5,6 Prozent (2011) nach einem Anstieg auf 7,4 Prozent (2016) wieder deutlich auf 5,4 Prozent (2021) sank.<\/p>\n<p>Auch diesbez\u00fcglich ist die Entwicklung insbesondere in Gatineau prononcierter als im Rest der frankophonen Provinz.<\/p>\n<p style=\"text-align: center;\"><hr class=\"dotted-hr\" style=\"height: 4px; width: 100%; border: none; margin-top: 0em; margin-bottom: 0em; background-color: black;\"\/> <hr class=\"dotted-hr\" style=\"height: 4px; width: 100%; border: none; margin-top: 0em; margin-bottom: 0em; background-color: black;\"\/><\/p>\n<p>Wiewohl das insgesamt noch immer Werte sind, von denen wir in S\u00fcdtirol nur tr\u00e4umen k\u00f6nnen, ist der Trend eindeutig negativ: So wie die Frankophonie in ganz Kanada auf dem R\u00fcckzug ist, trifft dies auch auf Qu\u00e9bec zu. Damit folgt die Provinz einer allgemeinen Entwicklung von Minderheiten weltweit.<\/p>\n<p>Eine weitreichende, spezielle Autonomie und das Vorhandensein einer Standardsprache <a title=\"Zwei Drittel der Minderheiten schrumpfen.\" href=\"https:\/\/www.brennerbasisdemokratie.eu\/?p=75337\" rel=\"\">sind f\u00fcr Minderheiten ein wichtiger, aber noch lange kein hinreichender Schutz<\/a> vor Assimilierung.<\/p>\n<p><strong><span style=\"font-family: Helvetica, Arial, sans-serif; text-transform: uppercase;\">C\u00ebla enghe:<\/span><\/strong> <a title=\"Wichtigste Sprache: Italienisch.\" href=\"https:\/\/www.brennerbasisdemokratie.eu\/?p=25469\" rel=\"\"><code>01<\/code><\/a> <a title=\"Spracherwerb am Arbeitsplatz.\" href=\"https:\/\/www.brennerbasisdemokratie.eu\/?p=10249\" rel=\"\"><code>02<\/code><\/a> <a title=\"Deutsche Schule: Entwicklung negativer als prognostiziert.\" href=\"https:\/\/www.brennerbasisdemokratie.eu\/?p=64145\" rel=\"\"><code>03<\/code><\/a> <a title=\"Minorisierte Sprachen.\" href=\"https:\/\/www.brennerbasisdemokratie.eu\/?p=72762\" rel=\"\"><code>04<\/code><\/a> <a title=\"Hegemoniale Zweisprachigkeit.\" href=\"https:\/\/www.brennerbasisdemokratie.eu\/?p=75013\" rel=\"\"><code>05<\/code><\/a> <span style=\"font-family: Helvetica, Arial, sans-serif; font-weight: normal;\">|<\/span> <a title=\"Nuovo rapporto: Il francese in Qu\u00e9bec.\" href=\"https:\/\/www.brennerbasisdemokratie.eu\/?p=48185\" rel=\"\"><code>06<\/code><\/a> <a title=\"Qu\u00e9bec, no al bilinguismo \u00abspinto\u00bb.\" href=\"https:\/\/www.brennerbasisdemokratie.eu\/?p=51342\" rel=\"\"><code>07<\/code><\/a> <a title=\"Canada: immigrazione \u00aba tutela\u00bb delle minoranze.\" href=\"https:\/\/www.brennerbasisdemokratie.eu\/?p=70430\" rel=\"\"><code>08<\/code><\/a> <span style=\"font-family: Helvetica, Arial, sans-serif; font-weight: normal;\">||<\/span> <a title=\"Qu\u00e9bec: Regierung will R\u00fcckgang des Franz\u00f6sischen aufhalten.\" href=\"https:\/\/www.brennerbasisdemokratie.eu\/?p=76785\" rel=\"\"><span style=\"color: #ff8c00\"><code>01<\/code><\/span><\/a> <a title=\"Sprachgebrauch: Spanisch \u00fcberholt Galicisch.\" href=\"https:\/\/www.brennerbasisdemokratie.eu\/?p=76149\"><span style=\"color: #ff8c00\"><code>02<\/code><\/span><\/a> <a title=\"Qu\u00e9bec: Franz\u00f6sisch im \u00f6ffentlichen Raum stabil.\" href=\"https:\/\/www.brennerbasisdemokratie.eu\/?p=85886\"><span style=\"color: #ff8c00\"><code>03<\/code><\/span><\/a> <a title=\"Minderheiten schrumpfen, italienische Sprachgruppe w\u00e4chst \u00fcberall.\" href=\"https:\/\/www.brennerbasisdemokratie.eu\/?p=89449\"><span style=\"color: #ff8c00\"><code>04<\/code><\/span><\/a> <a title=\"Per lavorare in Qu\u00e9bec servir\u00e0 un esame di francese.\" href=\"https:\/\/www.brennerbasisdemokratie.eu\/?p=97455\"><span style=\"color: #ff8c00\"><code>05<\/code><\/span><\/a><\/p>\n<ul class=\"modern-footnotes-list modern-footnotes-list--show-only-for-print\"><li><span>1<\/span><div>Erhebungen werden mit doppelt so hoher Frequenz durchgef\u00fchrt wie in S\u00fcdtirol<\/div><\/li><li><span>2<\/span><div>definiert als diejenigen, die zuhause am h\u00e4ufigsten Franz\u00f6sisch sprechen<\/div><\/li><li><span>3<\/span><div>definiert als diejenigen, die zuhause am h\u00e4ufigsten Englisch sprechen<\/div><\/li><li><span>4<\/span><div>definiert als diejenigen, die zuhause am h\u00e4ufigsten eine andere Sprache als Franz\u00f6sisch oder Englisch sprechen<\/div><\/li><\/ul>","protected":false},"excerpt":{"rendered":"<p>Das kanadische Statistikinstitut hat 2022 die Ergebnisse der Volksz\u00e4hlung 2021 ver\u00f6ffentlicht, die auch wichtige Daten zur Sprachsituation beinhalten. Wie das Office qu\u00e9b\u00e9cois de la langue fran\u00e7aise (OQLF) auf dieser Grundlage schon im vergangenen August konstatierte, ist die franz\u00f6sische Sprache in Qu\u00e9bec auf dem R\u00fcckzug. Zuhause Seit der vorhergehenden Volksz\u00e4hlung 2016 sind die Frankophonen von 79,0 [&hellip;]<\/p>","protected":false},"author":1,"featured_media":0,"comment_status":"open","ping_status":"open","sticky":false,"template":"","format":"standard","meta":{"_crdt_document":"","ngg_post_thumbnail":0,"_jetpack_memberships_contains_paid_content":false,"footnotes":""},"categories":[1],"tags":[],"class_list":["post-75594","post","type-post","status-publish","format-standard","hentry","category-allgemein","issue-assimilierung","location-canada","location-quebec","language-deutsch","topic-arbeit","topic-lingaz","topic-minderheitenschutz","topic-minorisaziun","topic-plurilinguism","topic-statistik"],"jetpack_featured_media_url":"","jetpack_sharing_enabled":true,"_links":{"self":[{"href":"https:\/\/www.brennerbasisdemokratie.eu\/index.php?rest_route=\/wp\/v2\/posts\/75594","targetHints":{"allow":["GET"]}}],"collection":[{"href":"https:\/\/www.brennerbasisdemokratie.eu\/index.php?rest_route=\/wp\/v2\/posts"}],"about":[{"href":"https:\/\/www.brennerbasisdemokratie.eu\/index.php?rest_route=\/wp\/v2\/types\/post"}],"author":[{"embeddable":true,"href":"https:\/\/www.brennerbasisdemokratie.eu\/index.php?rest_route=\/wp\/v2\/users\/1"}],"replies":[{"embeddable":true,"href":"https:\/\/www.brennerbasisdemokratie.eu\/index.php?rest_route=%2Fwp%2Fv2%2Fcomments&post=75594"}],"version-history":[{"count":14,"href":"https:\/\/www.brennerbasisdemokratie.eu\/index.php?rest_route=\/wp\/v2\/posts\/75594\/revisions"}],"predecessor-version":[{"id":97459,"href":"https:\/\/www.brennerbasisdemokratie.eu\/index.php?rest_route=\/wp\/v2\/posts\/75594\/revisions\/97459"}],"wp:attachment":[{"href":"https:\/\/www.brennerbasisdemokratie.eu\/index.php?rest_route=%2Fwp%2Fv2%2Fmedia&parent=75594"}],"wp:term":[{"taxonomy":"category","embeddable":true,"href":"https:\/\/www.brennerbasisdemokratie.eu\/index.php?rest_route=%2Fwp%2Fv2%2Fcategories&post=75594"},{"taxonomy":"post_tag","embeddable":true,"href":"https:\/\/www.brennerbasisdemokratie.eu\/index.php?rest_route=%2Fwp%2Fv2%2Ftags&post=75594"}],"curies":[{"name":"wp","href":"https:\/\/api.w.org\/{rel}","templated":true}]}}