{"id":76159,"date":"2023-01-09T22:54:45","date_gmt":"2023-01-09T21:54:45","guid":{"rendered":"https:\/\/www.brennerbasisdemokratie.eu\/?p=76159"},"modified":"2023-05-20T06:48:25","modified_gmt":"2023-05-20T04:48:25","slug":"ladinische-ansagen-in-bus-und-bahn","status":"publish","type":"post","link":"https:\/\/www.brennerbasisdemokratie.eu\/?p=76159","title":{"rendered":"Ladinische Ansagen in Bus und Bahn."},"content":{"rendered":"<p>Seit heute werden die f\u00fcnf Bahnh\u00f6fe Bruneck\/Bornech, Bruneck\/Bornech Nord, St. Lorenzen\/S. Laurenz, Waidbruck\/Pruca und Klausen\/Tluses \u2014 aber offenbar nicht Bozen\/Bulsan \u2014 in den Landesz\u00fcgen auch auf Ladinisch angek\u00fcndigt.<\/p>\n<p>Im Laufe der kommenden Wochen und Monate sollen dann einer Ank\u00fcndigung des zust\u00e4ndigen Landesrats Daniel Alfreider (<abbr title=\"S\u00fcdtiroler Volkspartei\">SVP<\/abbr>) zufolge auch f\u00fcr s\u00e4mtliche rund 350\u00a0Bushaltestellen in Gh\u00ebrdeina, Badia una Fascia Ansagen in ladinischer Sprache hinzukommen. Anscheinend gilt dies aber nicht f\u00fcr Anpezo, wohin ebenfalls S\u00fcdtiroler Busse (Linie 445) fahren.<\/p>\n<p>Mit dieser Neuerung wird der \u00e4ltesten und kleinsten Landessprache im \u00f6ffentlichen Nahverkehr fortan etwas mehr Pr\u00e4senz und Gleichberechtigung verliehen.<\/p>\n<p><strong><span style=\"font-family: Helvetica, Arial, sans-serif; text-transform: uppercase;\">C\u00ebla enghe:<\/span><\/strong>\u00a0<a title=\"Ladinisch im \u00d6V.\" href=\"https:\/\/www.brennerbasisdemokratie.eu\/?p=1612\"><code>01<\/code><\/a>\u00a0<a title=\"So muss S\u00fcdtirol.\" href=\"https:\/\/www.brennerbasisdemokratie.eu\/?p=15162\"><code>02<\/code><\/a> <a title=\"S\u00fcdtirol-Fahrplan dreisprachig.\" href=\"https:\/\/www.brennerbasisdemokratie.eu\/?p=21757\"><code>03<\/code><\/a> <a title=\"Vielf\u00e4ltig und autofrei durch S\u00fcdtirol.\" href=\"https:\/\/www.brennerbasisdemokratie.eu\/?p=32592\"><code>04<\/code><\/a> <a title=\"SII wieder auf Ladinisch.\" href=\"https:\/\/www.brennerbasisdemokratie.eu\/?p=6819\"><code>05<\/code><\/a> <span style=\"font-family: Helvetica, Arial, sans-serif; font-weight: normal;\">||<\/span> <a title=\"Frecciarossa: tedesco no, cinese s\u00ec.\" href=\"https:\/\/www.brennerbasisdemokratie.eu\/?p=78183\"><span style=\"color: #ff8c00\"><code>01<\/code><\/span><\/a> <a href=\"https:\/\/www.brennerbasisdemokratie.eu\/?p=78479\" title=\"Wo ein Wille, da \u2026 Ladinisch.\"><span style=\"color: #ff8c00\"><code>02<\/code><\/span><\/a><\/p>","protected":false},"excerpt":{"rendered":"<p>Seit heute werden die f\u00fcnf Bahnh\u00f6fe Bruneck\/Bornech, Bruneck\/Bornech Nord, St. Lorenzen\/S. Laurenz, Waidbruck\/Pruca und Klausen\/Tluses \u2014 aber offenbar nicht Bozen\/Bulsan \u2014 in den Landesz\u00fcgen auch auf Ladinisch angek\u00fcndigt. Im Laufe der kommenden Wochen und Monate sollen dann einer Ank\u00fcndigung des zust\u00e4ndigen Landesrats Daniel Alfreider (SVP) zufolge auch f\u00fcr s\u00e4mtliche rund 350\u00a0Bushaltestellen in Gh\u00ebrdeina, Badia una [&hellip;]<\/p>","protected":false},"author":1,"featured_media":0,"comment_status":"open","ping_status":"open","sticky":false,"template":"","format":"standard","meta":{"_crdt_document":"","ngg_post_thumbnail":0,"_jetpack_memberships_contains_paid_content":false,"footnotes":""},"categories":[1],"tags":[],"class_list":["post-76159","post","type-post","status-publish","format-standard","hentry","category-allgemein","entity-land-sudtirol","entity-landesregierung","entity-svp","issue-good-news","location-ladinia","location-souramont","location-sudtirolo","location-trentino","language-deutsch","person-daniel-alfreider","topic-minderheitenschutz","topic-mobilitaet","topic-plurilinguism","topic-politik","topic-servicepublic"],"jetpack_featured_media_url":"","jetpack_sharing_enabled":true,"_links":{"self":[{"href":"https:\/\/www.brennerbasisdemokratie.eu\/index.php?rest_route=\/wp\/v2\/posts\/76159","targetHints":{"allow":["GET"]}}],"collection":[{"href":"https:\/\/www.brennerbasisdemokratie.eu\/index.php?rest_route=\/wp\/v2\/posts"}],"about":[{"href":"https:\/\/www.brennerbasisdemokratie.eu\/index.php?rest_route=\/wp\/v2\/types\/post"}],"author":[{"embeddable":true,"href":"https:\/\/www.brennerbasisdemokratie.eu\/index.php?rest_route=\/wp\/v2\/users\/1"}],"replies":[{"embeddable":true,"href":"https:\/\/www.brennerbasisdemokratie.eu\/index.php?rest_route=%2Fwp%2Fv2%2Fcomments&post=76159"}],"version-history":[{"count":11,"href":"https:\/\/www.brennerbasisdemokratie.eu\/index.php?rest_route=\/wp\/v2\/posts\/76159\/revisions"}],"predecessor-version":[{"id":78538,"href":"https:\/\/www.brennerbasisdemokratie.eu\/index.php?rest_route=\/wp\/v2\/posts\/76159\/revisions\/78538"}],"wp:attachment":[{"href":"https:\/\/www.brennerbasisdemokratie.eu\/index.php?rest_route=%2Fwp%2Fv2%2Fmedia&parent=76159"}],"wp:term":[{"taxonomy":"category","embeddable":true,"href":"https:\/\/www.brennerbasisdemokratie.eu\/index.php?rest_route=%2Fwp%2Fv2%2Fcategories&post=76159"},{"taxonomy":"post_tag","embeddable":true,"href":"https:\/\/www.brennerbasisdemokratie.eu\/index.php?rest_route=%2Fwp%2Fv2%2Ftags&post=76159"}],"curies":[{"name":"wp","href":"https:\/\/api.w.org\/{rel}","templated":true}]}}