{"id":76268,"date":"2023-01-15T19:12:48","date_gmt":"2023-01-15T18:12:48","guid":{"rendered":"https:\/\/www.brennerbasisdemokratie.eu\/?p=76268"},"modified":"2025-06-05T12:30:23","modified_gmt":"2025-06-05T10:30:23","slug":"uni-mehrsprachigkeit-in-der-kritik","status":"publish","type":"post","link":"https:\/\/www.brennerbasisdemokratie.eu\/?p=76268","title":{"rendered":"Uni: Mehrsprachigkeit in der Kritik."},"content":{"rendered":"<p>Von der \u00d6ffentlichkeit weitgehend unbemerkt ist im Umfeld der <em>Freien Universit\u00e4t Bozen<\/em> (FUB) ein Streit um die Mehrsprachigkeit entbrannt. Was f\u00fcr S\u00fcdtirols Schulen als heilsbringend angepriesen wird, steht der Entwicklung der FUB angeblich im Weg.<\/p>\n<p>So <a title=\"AAI: L'Universit\u00e0 di Bolzano: nessuna e trina?\" href=\"https:\/\/www.altoadigeinnovazione.it\/luniversita-di-bolzano-nessuna-e-trina\/\" target=\"_blank\" rel=\"noopener\">schreibt<\/a> der Journalist Massimiliano Boschi etwa Folgendes:<\/p>\n<blockquote><p>Ein externer Beobachter kann nicht \u00fcbersehen, wie im Inneren der Uni Bozen dieselben Fragen auftreten, die auch dieses Gebiet [S\u00fcdtirol] kennzeichnen. Eine \u00fcber allen anderen: die Meinung, dass sich die Welt an S\u00fcdtirol anpassen m\u00fcsste und nicht umgekehrt. Es sind n\u00e4mlich die Entscheidungen, die mit lokalen Erfordernissen verbunden sind, die einen gro\u00dfen Teil der strukturellen Probleme von Unibz erkl\u00e4ren. Der au\u00dferordentliche Erfolg der niederl\u00e4ndischen Universit\u00e4ten entspringt einer pr\u00e4zisen Politik, die im Laufe der letzten 20 Jahre von der holl\u00e4ndischen [sic] Regierung gestartet wurden und die auch und vor allem auf einem \u00e4u\u00dferst breiten Angebot an englischsprachigen Veranstaltungen beruht. Ein Angebot, das dazu f\u00fchrt, dass die Quote an internationalen Studenten in Holland [sic] \u00fcber 20% betr\u00e4gt. In S\u00fcdtirol hat man hingegen aufgrund rein lokaler Erfordernisse den Weg der Dreisprachigkeit eingeschlagen, ohne sich zu fragen, warum ein Student aus Deutschland in Bozen Italienisch lernen sollte, statt in Florenz, Rom oder Bologna. Das ist eine Entscheidung, die \u00fcbrigens viele Studenten dazu veranlasst, die Universit\u00e4t Bozen zu verlassen, sobald sie verstehen, wie sehr die Dreisprachigkeit das Studium erschwert.<\/p>\n<p><small><em>\u2014 Massimiliano Boschi<\/em><\/small><\/p><\/blockquote>\n<p><small><em>\u00dcbersetzung von mir<\/em><\/small><\/p>\n<p>Sollte die Mehrsprachigkeit also nur ein Zwischenschritt hin zur englischen \u2014 oder italienischen \u2014 Einsprachigkeit sein?<\/p>\n<p>Universit\u00e4ten auf dem restlichen Staatsgebiet ist es teilweise ja sogar <a title=\"VfG f\u00fcr Vorherrschaft der italienischen Sprache.\" href=\"https:\/\/www.brennerbasisdemokratie.eu\/?p=33952\">untersagt<\/a>, Kurse in anderen Sprachen als Italienisch anzubieten, was die regierende <abbr title=\"Fratelli d\u2019Italia\">FdI<\/abbr> noch <a title=\"FdI f\u00fcr Vorherrschaft der italienischen Sprache.\" href=\"https:\/\/www.brennerbasisdemokratie.eu\/?p=73924\" rel=\"\">weiter versch\u00e4rfen<\/a> m\u00f6chte. Doch gerieben wird sich wie \u00fcblich nicht <em>daran,<\/em> sondern am S\u00fcdtiroler Universit\u00e4tsmodell, das nun ausgerechnet aufgrund seiner Mehrsprachigkeit als kleingeistig und provinziell dargestellt wird.<\/p>\n<p>Warum gerade wir als mehrsprachiges und sprachsensibles Gebiet uns ein Beispiel an den Niederlanden nehmen sollten, erschlie\u00dft sich mir nicht.<\/p>\n<p>Mir ist schon klar, dass Universit\u00e4t und Schule zwei paar Schuhe sind. Und dennoch: Gleichen die von Boschi vorgetragenen Argumente nicht verd\u00e4chtig denen der Industriellen, auf deren Gehei\u00df nun die Landesregierung die ersten englischsprachigen Schulz\u00fcge einrichten will?<\/p>\n<p>Warum sollte im Fall der Schule nicht ebenfalls nach wenigen Jahren \u00bbauffallen\u00ab, dass die Landessprachen \u2014 insbesondere Deutsch \u2014 einer guten Schulbildung angeblich im Weg stehen? An den parit\u00e4tischen Schulen in den ladinischen Ortschaften wird schon heute so gut wie kein Ladinisch unterrichtet, man k\u00f6nnte also dem zitierten Diskurs folgend irgendwann auch die mehrsprachigen Schulen auf die <em>lingu\u00e6 franc\u00e6<\/em> Italienisch (national) und Englisch (international) umstellen.<\/p>\n<p>Wollt ihr lieber eine gute Mathematiklehrerin, die kein Deutsch spricht \u2014 oder eine schlechte? Und warum wollt ihr eine deutschsprachige Supplentin in Geschichte, wenn es doch in Italien nur so von arbeitslosen Historikerinnen wimmelt? Seid doch mal nicht so kleinlich und provinziell! Nicht die Welt soll sich an S\u00fcdtirol anpassen m\u00fcssen, sondern umgekehrt. Und \u00bbdie Welt\u00ab ist eben so mehrsprachig wie Aosta, Sardinien oder Friaul.<\/p>\n<p>Wir kennen die Argumente ja auch aus dem Gesundheitsbereich.<\/p>\n<p><strong><span style=\"font-family: Helvetica, Arial, sans-serif; text-transform: uppercase;\">C\u00ebla enghe:<\/span><\/strong> <a title=\"Italienischer Cloud-Computing-Masterstudiengang.\" href=\"https:\/\/www.brennerbasisdemokratie.eu\/?p=71841\" rel=\"\"><code>01<\/code><\/a> <a title=\"Il futuro \u00e8 monolingue?\" href=\"https:\/\/www.brennerbasisdemokratie.eu\/?p=18460\" rel=\"\"><code>02<\/code><\/a> <span style=\"font-family: Helvetica, Arial, sans-serif; font-weight: normal;\">||<\/span> <a title=\"L\u2019Universit\u00e0 dei Paesi Baschi elimina il suo nome spagnolo.\" href=\"https:\/\/www.brennerbasisdemokratie.eu\/?p=92627\"><span style=\"color: #ff8c00\"><code>01<\/code><\/span><\/a><\/p>","protected":false},"excerpt":{"rendered":"<p>Von der \u00d6ffentlichkeit weitgehend unbemerkt ist im Umfeld der Freien Universit\u00e4t Bozen (FUB) ein Streit um die Mehrsprachigkeit entbrannt. Was f\u00fcr S\u00fcdtirols Schulen als heilsbringend angepriesen wird, steht der Entwicklung der FUB angeblich im Weg. So schreibt der Journalist Massimiliano Boschi etwa Folgendes: Ein externer Beobachter kann nicht \u00fcbersehen, wie im Inneren der Uni Bozen [&hellip;]<\/p>","protected":false},"author":1,"featured_media":0,"comment_status":"open","ping_status":"open","sticky":false,"template":"","format":"standard","meta":{"_crdt_document":"","ngg_post_thumbnail":0,"_jetpack_memberships_contains_paid_content":false,"footnotes":""},"categories":[1],"tags":[],"class_list":["post-76268","post","type-post","status-publish","format-standard","hentry","category-allgemein","entity-fdi","entity-fub","issue-clil-immersion","issue-zitac","location-italy","location-niederlande","location-sudtirolo","language-deutsch","person-massimiliano-boschi","topic-bildung","topic-medien","topic-minderheitenschutz","topic-nationalismus","topic-plurilinguism","topic-scola","topic-wissenschaft"],"jetpack_featured_media_url":"","jetpack_sharing_enabled":true,"_links":{"self":[{"href":"https:\/\/www.brennerbasisdemokratie.eu\/index.php?rest_route=\/wp\/v2\/posts\/76268","targetHints":{"allow":["GET"]}}],"collection":[{"href":"https:\/\/www.brennerbasisdemokratie.eu\/index.php?rest_route=\/wp\/v2\/posts"}],"about":[{"href":"https:\/\/www.brennerbasisdemokratie.eu\/index.php?rest_route=\/wp\/v2\/types\/post"}],"author":[{"embeddable":true,"href":"https:\/\/www.brennerbasisdemokratie.eu\/index.php?rest_route=\/wp\/v2\/users\/1"}],"replies":[{"embeddable":true,"href":"https:\/\/www.brennerbasisdemokratie.eu\/index.php?rest_route=%2Fwp%2Fv2%2Fcomments&post=76268"}],"version-history":[{"count":10,"href":"https:\/\/www.brennerbasisdemokratie.eu\/index.php?rest_route=\/wp\/v2\/posts\/76268\/revisions"}],"predecessor-version":[{"id":76272,"href":"https:\/\/www.brennerbasisdemokratie.eu\/index.php?rest_route=\/wp\/v2\/posts\/76268\/revisions\/76272"}],"wp:attachment":[{"href":"https:\/\/www.brennerbasisdemokratie.eu\/index.php?rest_route=%2Fwp%2Fv2%2Fmedia&parent=76268"}],"wp:term":[{"taxonomy":"category","embeddable":true,"href":"https:\/\/www.brennerbasisdemokratie.eu\/index.php?rest_route=%2Fwp%2Fv2%2Fcategories&post=76268"},{"taxonomy":"post_tag","embeddable":true,"href":"https:\/\/www.brennerbasisdemokratie.eu\/index.php?rest_route=%2Fwp%2Fv2%2Ftags&post=76268"}],"curies":[{"name":"wp","href":"https:\/\/api.w.org\/{rel}","templated":true}]}}