{"id":76388,"date":"2023-01-25T22:49:33","date_gmt":"2023-01-25T21:49:33","guid":{"rendered":"https:\/\/www.brennerbasisdemokratie.eu\/?p=76388"},"modified":"2023-07-20T19:27:53","modified_gmt":"2023-07-20T17:27:53","slug":"assimilierende-soziale-medien","status":"publish","type":"post","link":"https:\/\/www.brennerbasisdemokratie.eu\/?p=76388","title":{"rendered":"Assimilierende soziale Medien."},"content":{"rendered":"<p>Einem <a title=\"Belfast Telegraph: Social media may threaten\u2026\" href=\"https:\/\/www.belfasttelegraph.co.uk\/news\/uk\/social-media-may-threaten-the-welsh-language-study-reveals\/42254297.html\" target=\"_blank\" rel=\"noopener\">Bericht<\/a> des <em>Belfast Telegraph<\/em> zufolge k\u00f6nnten die sozialen Medien den Fortbestand von\u00a0Minderheitensprachen und sogar die psychische Gesundheit ihrer\u00a0Sprecherinnen gef\u00e4hrden. Dies gehe aus einer Studie hervor, die Wissenschafterinnen der Universit\u00e4t Abertawe\/Swansea mit 800 Waliserinnen englischer bzw. walisischer Muttersprache im Alter von 13 bis 15 Jahren durchgef\u00fchrt haben.<\/p>\n<p>Nahezu 70% der walisischen Mutterspachlerinnen\u00a0gaben dabei an, sich in den sozialen Medien \u00bbh\u00e4ufig\u00ab oder \u00bbimmer\u00ab der englischen Sprache zu bedienen, wobei eine gro\u00dfe Mehrheit \u00f6fter Englisch als Walisisch benutzt. Walisischsprechende, die in die Mehrheitssprache wechselten, w\u00fcrden die Vitalit\u00e4t ihrer Sprache gef\u00e4hrden.<\/p>\n<p>Angesichts der Bedeutung von Sprache f\u00fcr die kulturelle und soziale Identit\u00e4t von\u00a0Sprecherinnen einer Minderheitensprache w\u00fcrde die Erosion einer Sprache im Netz auch die kulturelle Identit\u00e4t einer Nation [bzw. Minderheit] bedrohen, zitiert der <em>Belfast Telegraph<\/em> Dr. Richard Jones von der Psychologischen Fakult\u00e4t.<\/p>\n<p>Die Daten legten nahe, dass der Wunsch von Walisischsprecherinnen, die sozialen Medien\u00a0in ihrer Sprache zu nutzen, vom Willen nach Steigerung ihres Selbstwerts, nach besserer sprachlicher Gleichstellung mit Englischsprecherinnen sowie nach Kontakten mit anderen Walisischsprecherinnen geleitet sein k\u00f6nnte.<\/p>\n<blockquote><p>Die Studie zeigt, dass Regierungen die Auswirkungen sozialer Netzwerke nicht nur auf die psychische Gesundheit und aufs Wohlbefinden ber\u00fccksichtigen sollten, sondern auch ihre Auswirkungen auf die Kultur von Minderheitengruppen, die dazu gezwungen sein k\u00f6nnten, bei der Suche nach digitalen Interaktionen, die f\u00fcr das allt\u00e4gliche Leben immer wichtiger werden, wichtige und stabilisierende Einfl\u00fcsse\u00a0aufzugeben.<\/p>\n<p><em>\u2014 Prof. Phil Reed, Universit\u00e4t Abertawe\/Swansea<\/em><\/p><\/blockquote>\n<p><small><em>\u00dcbersetzung von mir<\/em><\/small><\/p>","protected":false},"excerpt":{"rendered":"<p>Einem Bericht des Belfast Telegraph zufolge k\u00f6nnten die sozialen Medien den Fortbestand von\u00a0Minderheitensprachen und sogar die psychische Gesundheit ihrer\u00a0Sprecherinnen gef\u00e4hrden. Dies gehe aus einer Studie hervor, die Wissenschafterinnen der Universit\u00e4t Abertawe\/Swansea mit 800 Waliserinnen englischer bzw. walisischer Muttersprache im Alter von 13 bis 15 Jahren durchgef\u00fchrt haben. Nahezu 70% der walisischen Mutterspachlerinnen\u00a0gaben dabei an, sich [&hellip;]<\/p>","protected":false},"author":1,"featured_media":0,"comment_status":"open","ping_status":"open","sticky":false,"template":"","format":"standard","meta":{"_crdt_document":"","ngg_post_thumbnail":0,"_jetpack_memberships_contains_paid_content":false,"footnotes":""},"categories":[1],"tags":[],"class_list":["post-76388","post","type-post","status-publish","format-standard","hentry","category-allgemein","issue-assimilierung","issue-zitac","location-cymru","language-deutsch","medium-socialmedia","topic-gesundheit","topic-minderheitenschutz","topic-plurilinguism","topic-tech_com","topic-wissenschaft"],"jetpack_featured_media_url":"","jetpack_sharing_enabled":true,"_links":{"self":[{"href":"https:\/\/www.brennerbasisdemokratie.eu\/index.php?rest_route=\/wp\/v2\/posts\/76388","targetHints":{"allow":["GET"]}}],"collection":[{"href":"https:\/\/www.brennerbasisdemokratie.eu\/index.php?rest_route=\/wp\/v2\/posts"}],"about":[{"href":"https:\/\/www.brennerbasisdemokratie.eu\/index.php?rest_route=\/wp\/v2\/types\/post"}],"author":[{"embeddable":true,"href":"https:\/\/www.brennerbasisdemokratie.eu\/index.php?rest_route=\/wp\/v2\/users\/1"}],"replies":[{"embeddable":true,"href":"https:\/\/www.brennerbasisdemokratie.eu\/index.php?rest_route=%2Fwp%2Fv2%2Fcomments&post=76388"}],"version-history":[{"count":2,"href":"https:\/\/www.brennerbasisdemokratie.eu\/index.php?rest_route=\/wp\/v2\/posts\/76388\/revisions"}],"predecessor-version":[{"id":76393,"href":"https:\/\/www.brennerbasisdemokratie.eu\/index.php?rest_route=\/wp\/v2\/posts\/76388\/revisions\/76393"}],"wp:attachment":[{"href":"https:\/\/www.brennerbasisdemokratie.eu\/index.php?rest_route=%2Fwp%2Fv2%2Fmedia&parent=76388"}],"wp:term":[{"taxonomy":"category","embeddable":true,"href":"https:\/\/www.brennerbasisdemokratie.eu\/index.php?rest_route=%2Fwp%2Fv2%2Fcategories&post=76388"},{"taxonomy":"post_tag","embeddable":true,"href":"https:\/\/www.brennerbasisdemokratie.eu\/index.php?rest_route=%2Fwp%2Fv2%2Ftags&post=76388"}],"curies":[{"name":"wp","href":"https:\/\/api.w.org\/{rel}","templated":true}]}}