{"id":76894,"date":"2023-02-04T09:14:20","date_gmt":"2023-02-04T08:14:20","guid":{"rendered":"https:\/\/www.brennerbasisdemokratie.eu\/?p=76894"},"modified":"2024-12-18T19:08:15","modified_gmt":"2024-12-18T18:08:15","slug":"komplexitat-als-schutz-vor-dem-verfassungsgericht","status":"publish","type":"post","link":"https:\/\/www.brennerbasisdemokratie.eu\/?p=76894","title":{"rendered":"Komplexit\u00e4t als Schutz vor dem Verfassungsgericht."},"content":{"rendered":"<p>Die rechtsrechte Regierung von Giorgia Meloni (<abbr title=\"Fratelli d\u2019Italia\">FdI<\/abbr>) will S\u00fcdtirol angeblich die in Vergangenheit <a title=\"50% der Zust\u00e4ndigkeiten wurden beschnitten.\" href=\"https:\/\/www.brennerbasisdemokratie.eu\/?p=71051\" rel=\"\">vom Verfassungsgericht beschnittenen autonomen Zust\u00e4ndigkeiten<\/a>&nbsp;zur\u00fcckgeben. LH Arno Kompatscher und Landesrat Philipp Achammer (beide <abbr title=\"S\u00fcdtiroler Volkspartei\">SVP<\/abbr>) haben sich zu diesem Zweck mit der Neofaschistin k\u00fcrzlich auf die Einrichtung eines Arbeitstisches mit Vertreterinnen von Staat und Land geeinigt.<\/p>\n<p>Wie <em>Rai S\u00fcdtirol<\/em> <a title=\"Rai S\u00fcdtirol: Autonomie: Palermo fordert\u2026\" href=\"https:\/\/www.rainews.it\/tgr\/tagesschau\/articoli\/2023\/02\/tag-Autonomie-Palermo-fordert-klarere-Formulierungen-17994e01-7575-4487-80d9-3d726aac779e.html\" target=\"_blank\" rel=\"noopener\">berichtet<\/a>, fordert der Verfassungsrechtler Francesco Palermo in diesem Zusammenhang<\/p>\n<blockquote><p>klarere, komplexere und unmissverst\u00e4ndliche Formulierungen.<\/p>\n<p><small><em>\u2013 Rai S\u00fcdtirol<\/em><\/small><\/p><\/blockquote>\n<blockquote><p>Das kann dann auch zur Folge haben, dass die Texte nicht nur l\u00e4nger, sondern auch komplexer werden.<\/p>\n<p><small><em>\u2013 Francesco Palermo<\/em><\/small><\/p><\/blockquote>\n<p>In modernen Demokratien wird grunds\u00e4tzlich versucht, Gesetzestexte klar, aber auch so <em>einfach<\/em> wie m\u00f6glich zu formulieren<sup class=\"modern-footnotes-footnote modern-footnotes-footnote--hover-on-desktop \" data-mfn=\"1\" data-mfn-post-scope=\"00000000000007e30000000000000000_76894\"><a href=\"javascript:void(0)\"  role=\"button\" aria-pressed=\"false\" aria-describedby=\"mfn-content-00000000000007e30000000000000000_76894-1\">1<\/a><\/sup><span id=\"mfn-content-00000000000007e30000000000000000_76894-1\" role=\"tooltip\" class=\"modern-footnotes-footnote__note\" tabindex=\"0\" data-mfn=\"1\">vgl. z.B. \u00a7 42 Absatz 5 Satz 1 GGO in Deutschland<\/span>, sodass sie m\u00f6glichst nicht nur von Juristinnen verstanden werden. In Italien und speziell im Kontext der Autonomie ist aber offenbar das Gegenteil erforderlich: Da das Verfassungsgericht in Vergangenheit bewiesen hat, dass es nicht versucht, loyal dem Geist von Bestimmungen, also der Intention der Gesetzgebenden, zu folgen, sondern jeden Interpretationsspielraum nutzt und sich gar Neuerungen (wie die Querschnittkompetenzen) aus den Fingern saugt, um den Zentralstaat zu st\u00e4rken und die Autonomien zu schw\u00e4chen, sind nun \u00bbl\u00e4ngere\u00ab und \u00bbkomplexere\u00ab Formulierungen n\u00f6tig.<\/p>\n<p>Was aber ist eine Autonomie wert, die nach Punkt und Beistrich nicht nur gegen die Zentralregierungen, sondern auch gegen den Schiedsrichter verteidigt werden muss? Man wird Autonomiebestimmungen wohl nie so komplex formulieren k\u00f6nnen, dass Richterinnen mit einer politischen Agenda sie nicht wider ihren eigentlichen Sinn auslegen k\u00f6nnen. Und: Je komplexer und detaillierter das Autonomiestatut verfasst sein muss, desto weniger wird es auf k\u00fcnftige (rechtliche, gesellschaftliche, technologische) Entwicklungen vorbereitet sein, die heute noch nicht vorhersehbar sind.<\/p>\n<p>Vielleicht w\u00e4re es wirklich an der Zeit, dem Verfassungsgericht die Zust\u00e4ndigkeit f\u00fcr das Autonomiestatut weitgehend zu entziehen und sie <a title=\"Un\u2019Alta Corte per il Sudtirolo.\" href=\"https:\/\/www.brennerbasisdemokratie.eu\/?p=35373\">einem eigenen Gericht<\/a> zu \u00fcbergeben.<\/p>\n<p><strong><span style=\"font-family: Helvetica, Arial, sans-serif; text-transform: uppercase;\">C\u00ebla enghe:<\/span><\/strong> <a title=\"Studie zur Autonomieentwicklung seit 1992.\" href=\"https:\/\/www.brennerbasisdemokratie.eu\/?p=34967\" rel=\"\"><code>01<\/code><\/a> <a title=\"Il Governo austriaco \u00abrivuole\u00bb l\u2019autonomia sudtirolese.\" href=\"https:\/\/www.brennerbasisdemokratie.eu\/?p=54034\"><code>02<\/code><\/a> <a title=\"50% der Zust\u00e4ndigkeiten wurden beschnitten.\" href=\"https:\/\/www.brennerbasisdemokratie.eu\/?p=71051\"><code>03<\/code><\/a> <a title=\"Smantellamento delle specialit\u00e0.\" href=\"https:\/\/www.brennerbasisdemokratie.eu\/?p=73990\"><code>04<\/code><\/a> <a title=\"Competenze perse: piagnisteo?\" href=\"https:\/\/www.brennerbasisdemokratie.eu\/?p=54282\"><code>05<\/code><\/a> <span style=\"font-family: Helvetica, Arial, sans-serif; font-weight: normal;\">||<\/span> <a title=\"Besser kein Einvernehmen als dieses.\" href=\"https:\/\/www.brennerbasisdemokratie.eu\/?p=86098\"><span style=\"color: #ff8c00\"><code>01<\/code><\/span><\/a><\/p>\n<ul class=\"modern-footnotes-list modern-footnotes-list--show-only-for-print\"><li><span>1<\/span><div>vgl. z.B. \u00a7 42 Absatz 5 Satz 1 GGO in Deutschland<\/div><\/li><\/ul>","protected":false},"excerpt":{"rendered":"<p>Die rechtsrechte Regierung von Giorgia Meloni (FdI) will S\u00fcdtirol angeblich die in Vergangenheit vom Verfassungsgericht beschnittenen autonomen Zust\u00e4ndigkeiten&nbsp;zur\u00fcckgeben. LH Arno Kompatscher und Landesrat Philipp Achammer (beide SVP) haben sich zu diesem Zweck mit der Neofaschistin k\u00fcrzlich auf die Einrichtung eines Arbeitstisches mit Vertreterinnen von Staat und Land geeinigt. Wie Rai S\u00fcdtirol berichtet, fordert der Verfassungsrechtler [&hellip;]<\/p>","protected":false},"author":1,"featured_media":0,"comment_status":"open","ping_status":"open","sticky":false,"template":"","format":"standard","meta":{"_crdt_document":"","ngg_post_thumbnail":0,"_jetpack_memberships_contains_paid_content":false,"footnotes":""},"categories":[1],"tags":[],"class_list":["post-76894","post","type-post","status-publish","format-standard","hentry","category-allgemein","entity-fdi","entity-land-sudtirol","entity-staat-italien","entity-svp","entity-verfassungsgericht","issue-autonomiereform","issue-zitac","location-italy","location-sudtirolo","language-deutsch","medium-rai","person-arno-kompatscher","person-francesco-palermo","person-giorgia-meloni","person-philipp-achammer","topic-staatland","topic-vorzeigeautonomie","topic-zentralismus","topic-zustaendigkeiten"],"jetpack_featured_media_url":"","jetpack_sharing_enabled":true,"_links":{"self":[{"href":"https:\/\/www.brennerbasisdemokratie.eu\/index.php?rest_route=\/wp\/v2\/posts\/76894","targetHints":{"allow":["GET"]}}],"collection":[{"href":"https:\/\/www.brennerbasisdemokratie.eu\/index.php?rest_route=\/wp\/v2\/posts"}],"about":[{"href":"https:\/\/www.brennerbasisdemokratie.eu\/index.php?rest_route=\/wp\/v2\/types\/post"}],"author":[{"embeddable":true,"href":"https:\/\/www.brennerbasisdemokratie.eu\/index.php?rest_route=\/wp\/v2\/users\/1"}],"replies":[{"embeddable":true,"href":"https:\/\/www.brennerbasisdemokratie.eu\/index.php?rest_route=%2Fwp%2Fv2%2Fcomments&post=76894"}],"version-history":[{"count":12,"href":"https:\/\/www.brennerbasisdemokratie.eu\/index.php?rest_route=\/wp\/v2\/posts\/76894\/revisions"}],"predecessor-version":[{"id":89783,"href":"https:\/\/www.brennerbasisdemokratie.eu\/index.php?rest_route=\/wp\/v2\/posts\/76894\/revisions\/89783"}],"wp:attachment":[{"href":"https:\/\/www.brennerbasisdemokratie.eu\/index.php?rest_route=%2Fwp%2Fv2%2Fmedia&parent=76894"}],"wp:term":[{"taxonomy":"category","embeddable":true,"href":"https:\/\/www.brennerbasisdemokratie.eu\/index.php?rest_route=%2Fwp%2Fv2%2Fcategories&post=76894"},{"taxonomy":"post_tag","embeddable":true,"href":"https:\/\/www.brennerbasisdemokratie.eu\/index.php?rest_route=%2Fwp%2Fv2%2Ftags&post=76894"}],"curies":[{"name":"wp","href":"https:\/\/api.w.org\/{rel}","templated":true}]}}