{"id":76909,"date":"2023-02-04T15:03:27","date_gmt":"2023-02-04T14:03:27","guid":{"rendered":"https:\/\/www.brennerbasisdemokratie.eu\/?p=76909"},"modified":"2023-02-24T11:38:36","modified_gmt":"2023-02-24T10:38:36","slug":"leifers-und-die-martyrerinnen","status":"publish","type":"post","link":"https:\/\/www.brennerbasisdemokratie.eu\/?p=76909","title":{"rendered":"Leifers und die M\u00e4rtyrerinnen."},"content":{"rendered":"<p>Auch Leifers will am Karsth\u00f6hlen-Revisionismus teilhaben, der am 10. Februar, dem sogenannten Tag der Erinnerung, seinen j\u00e4hrlichen H\u00f6hepunkt erreicht. Daher wird in der Stadt heute Abend um 19.30 Uhr feierlich ein neues, \u00f6ffentlich finanziertes Denkmal f\u00fcr die \u00bbM\u00e4rtyrer\u00ab der Karsth\u00f6hlen enth\u00fcllt. Mit dabei wird auch der Pr\u00e4sident der Vertriebenenvereinigung f\u00fcr <a title=\"Warum ich es Julien nenne.\" href=\"https:\/\/www.brennerbasisdemokratie.eu\/?p=70988\" rel=\"\">Julien<\/a>\u00a0und Dalmatien sein \u2014 der ehemalige Bozner B\u00fcrgermeisterkandidat von <em>CasaPound<\/em> Giovanni Benussi.<\/p>\n<p>Interessant ist, dass die Opfer der Karsth\u00f6hlen als M\u00e4rtyrerinnen bezeichnet werden. Das ist kein Leiferer Spezifikum. Laut <em>Duden<\/em> sind M\u00e4rtyrerinnen Menschen, die entweder f\u00fcr den christlichen Glauben oder f\u00fcr eine \u00dcberzeugung Verfolgungen auf sich nehmen. Da es ersteres nicht sein kann, muss zweiteres gemeint sein, und da bleibt relativ wenig Interpretationsspielraum: Es wird offiziell \u2014 wenngleich nicht offen \u2014 anerkannt, dass hier Menschen geehrt werden, die f\u00fcr ihre faschistischen und nationalsozialistischen \u00dcberzeugungen verfolgt wurden.<\/p>\n<p><strong><span style=\"font-family: Helvetica, Arial, sans-serif; text-transform: uppercase;\">C\u00ebla enghe:<\/span><\/strong> <a title=\"Foibe: Ricordo neofascista.\" href=\"https:\/\/www.brennerbasisdemokratie.eu\/?p=67546\"><code>01<\/code><\/a> <a title=\"Bozen investiert in Karsth\u00f6hlen-Revisionismus.\" href=\"https:\/\/www.brennerbasisdemokratie.eu\/?p=68768\"><code>02<\/code><\/a> <a title=\"Die Ehrung der RSI-K\u00e4mpfer.\" href=\"https:\/\/www.brennerbasisdemokratie.eu\/?p=71018\"><code>03<\/code><\/a> <a title=\"Red Land: Doch keine Einsicht?\" href=\"https:\/\/www.brennerbasisdemokratie.eu\/?p=63630\"><code>04<\/code><\/a> <span style=\"font-family: Helvetica, Arial, sans-serif; font-weight: normal;\">||<\/span> <a title=\"Revisionistisches Spektakel in S\u00fcdtirol.\" href=\"https:\/\/www.brennerbasisdemokratie.eu\/?p=77012\" rel=\"\"><span style=\"color: #ff8c00\"><code>01<\/code><\/span><\/a><\/p>","protected":false},"excerpt":{"rendered":"<p>Auch Leifers will am Karsth\u00f6hlen-Revisionismus teilhaben, der am 10. Februar, dem sogenannten Tag der Erinnerung, seinen j\u00e4hrlichen H\u00f6hepunkt erreicht. Daher wird in der Stadt heute Abend um 19.30 Uhr feierlich ein neues, \u00f6ffentlich finanziertes Denkmal f\u00fcr die \u00bbM\u00e4rtyrer\u00ab der Karsth\u00f6hlen enth\u00fcllt. Mit dabei wird auch der Pr\u00e4sident der Vertriebenenvereinigung f\u00fcr Julien\u00a0und Dalmatien sein \u2014 der [&hellip;]<\/p>","protected":false},"author":1,"featured_media":0,"comment_status":"open","ping_status":"open","sticky":false,"template":"","format":"standard","meta":{"_crdt_document":"","ngg_post_thumbnail":0,"_jetpack_memberships_contains_paid_content":false,"footnotes":""},"categories":[1],"tags":[],"class_list":["post-76909","post","type-post","status-publish","format-standard","hentry","category-allgemein","entity-cpi","issue-foibe","location-italy","location-sudtirolo","language-deutsch","person-giovanni-benussi","topic-arch","topic-faschismen","topic-geschichte","topic-politik"],"jetpack_featured_media_url":"","jetpack_sharing_enabled":true,"_links":{"self":[{"href":"https:\/\/www.brennerbasisdemokratie.eu\/index.php?rest_route=\/wp\/v2\/posts\/76909","targetHints":{"allow":["GET"]}}],"collection":[{"href":"https:\/\/www.brennerbasisdemokratie.eu\/index.php?rest_route=\/wp\/v2\/posts"}],"about":[{"href":"https:\/\/www.brennerbasisdemokratie.eu\/index.php?rest_route=\/wp\/v2\/types\/post"}],"author":[{"embeddable":true,"href":"https:\/\/www.brennerbasisdemokratie.eu\/index.php?rest_route=\/wp\/v2\/users\/1"}],"replies":[{"embeddable":true,"href":"https:\/\/www.brennerbasisdemokratie.eu\/index.php?rest_route=%2Fwp%2Fv2%2Fcomments&post=76909"}],"version-history":[{"count":8,"href":"https:\/\/www.brennerbasisdemokratie.eu\/index.php?rest_route=\/wp\/v2\/posts\/76909\/revisions"}],"predecessor-version":[{"id":77033,"href":"https:\/\/www.brennerbasisdemokratie.eu\/index.php?rest_route=\/wp\/v2\/posts\/76909\/revisions\/77033"}],"wp:attachment":[{"href":"https:\/\/www.brennerbasisdemokratie.eu\/index.php?rest_route=%2Fwp%2Fv2%2Fmedia&parent=76909"}],"wp:term":[{"taxonomy":"category","embeddable":true,"href":"https:\/\/www.brennerbasisdemokratie.eu\/index.php?rest_route=%2Fwp%2Fv2%2Fcategories&post=76909"},{"taxonomy":"post_tag","embeddable":true,"href":"https:\/\/www.brennerbasisdemokratie.eu\/index.php?rest_route=%2Fwp%2Fv2%2Ftags&post=76909"}],"curies":[{"name":"wp","href":"https:\/\/api.w.org\/{rel}","templated":true}]}}