{"id":76985,"date":"2023-02-18T21:12:16","date_gmt":"2023-02-18T20:12:16","guid":{"rendered":"https:\/\/www.brennerbasisdemokratie.eu\/?p=76985"},"modified":"2023-12-18T19:28:14","modified_gmt":"2023-12-18T18:28:14","slug":"sudtirol-und-trentino-gegen-den-stalinismus","status":"publish","type":"post","link":"https:\/\/www.brennerbasisdemokratie.eu\/?p=76985","title":{"rendered":"S\u00fcdtirol und Trentino gegen den Stalinismus."},"content":{"rendered":"<p>Ist es die Angst, es sich mit den Faschistinnen zu verscherzen? Unwissenheit? Desinteresse? Fakt ist jedenfalls, dass der Regionalrat j\u00fcngst nicht nur <a title=\"Tito und die Cancel Culture.\" href=\"https:\/\/www.brennerbasisdemokratie.eu\/?p=76969\" rel=\"\">den Widerruf einer Auszeichnung f\u00fcr Josip Broz gefordert<\/a>, sondern auf Wunsch von <abbr title=\"Fratelli d\u2019Italia\">FdI<\/abbr> auch einen Antrag (Nr. 44\/2021) gegen Totalitarismus verabschiedet hat.<\/p>\n<p>Dass gerade die, denen eine auch nur halbwegs glaubw\u00fcrdige Distanzierung vom Faschismus schwerf\u00e4llt, den Nationalsozialismus, Kommunismus, Faschismus und Stalinismus (in dieser Reihenfolge) verurteilen wollen, ist nur auf den ersten Blick merkw\u00fcrdig. Sie tun es im Sinne der Gleichmacherei, zur Tarnung und Vertuschung \u2014 denn in je breiterer schlechter Gesellschaft sich der Faschismus befand, desto weniger einzigartig und schlimm war er. Und desto mehr haben alle vor der eigenen Haust\u00fcre zu kehren. Dass so mitunter T\u00e4ter und Opfer, Aggressorinnen und Angegriffene \u00fcber einen Kamm geschoren werden, ist durchaus erw\u00fcnscht.<\/p>\n<p>Fotokopien solcher Antr\u00e4ge reicht die Partei von Giorgia Meloni landauf landab auf dem gesamten Staatsgebiet ein und kann sich dabei auf eine h\u00f6chst umstrittene Entschlie\u00dfung des EU-Parlaments (vom 19. September 2019) zu diesem Thema berufen. Deren \u00bbAusgewogenheit\u00ab geht allerdings weniger auf eine ernsthafte historische Bewertung oder Gewichtung denn auf die rein politische Balance zwischen der unterschiedlichen Sensibilit\u00e4t und Interessenlage west- und osteurop\u00e4ischer EU-Mitgliedsstaaten zur\u00fcck, die sich gleicherma\u00dfen ber\u00fccksichtigt wissen wollten.<\/p>\n<p>F\u00fcr die italienischen Neofaschistinnen, die von sich selbst ablenken wollen, ist das ein gefundenes Fressen. Seht her, alle haben Leichen im Keller, was also wollt ihr von uns?<\/p>\n<p>Und die Mehrheit im Regionalrat geht dieser offensichtlichen Geschichtsklitterung und Verschleierungsstrategie auf den Leim.&nbsp;Man muss sich echt wundern, was alles geht.<\/p>\n<p><strong><span style=\"font-family: Helvetica, Arial, sans-serif; text-transform: uppercase;\">C\u00ebla enghe:<\/span><\/strong> <a title=\"FdI will Karsth\u00f6hlendenkmale in allen S\u00fcdtiroler Gemeinden.\" href=\"https:\/\/www.brennerbasisdemokratie.eu\/?p=77847\"><span style=\"color: #ff8c00\"><code>01<\/code><\/span><\/a> <a title=\"Galateo weigert sich, den Faschismus zu verurteilen.\" href=\"https:\/\/www.brennerbasisdemokratie.eu\/?p=82679\" rel=\"\"><span style=\"color: #ff8c00\"><code>02<\/code><\/span><\/a><\/p>","protected":false},"excerpt":{"rendered":"<p>Ist es die Angst, es sich mit den Faschistinnen zu verscherzen? Unwissenheit? Desinteresse? Fakt ist jedenfalls, dass der Regionalrat j\u00fcngst nicht nur den Widerruf einer Auszeichnung f\u00fcr Josip Broz gefordert, sondern auf Wunsch von FdI auch einen Antrag (Nr. 44\/2021) gegen Totalitarismus verabschiedet hat. Dass gerade die, denen eine auch nur halbwegs glaubw\u00fcrdige Distanzierung vom [&hellip;]<\/p>","protected":false},"author":1,"featured_media":0,"comment_status":"open","ping_status":"open","sticky":false,"template":"","format":"standard","meta":{"_crdt_document":"","ngg_post_thumbnail":0,"_jetpack_memberships_contains_paid_content":false,"footnotes":""},"categories":[1],"tags":[],"class_list":["post-76985","post","type-post","status-publish","format-standard","hentry","category-allgemein","entity-eu-parlament","entity-fdi","entity-region-sudtirol-trentino","issue-geschichtsaufarbeitung","location-sudtirolo","location-trentino","language-deutsch","topic-faschismen","topic-geschichte","topic-politik"],"jetpack_featured_media_url":"","jetpack_sharing_enabled":true,"_links":{"self":[{"href":"https:\/\/www.brennerbasisdemokratie.eu\/index.php?rest_route=\/wp\/v2\/posts\/76985","targetHints":{"allow":["GET"]}}],"collection":[{"href":"https:\/\/www.brennerbasisdemokratie.eu\/index.php?rest_route=\/wp\/v2\/posts"}],"about":[{"href":"https:\/\/www.brennerbasisdemokratie.eu\/index.php?rest_route=\/wp\/v2\/types\/post"}],"author":[{"embeddable":true,"href":"https:\/\/www.brennerbasisdemokratie.eu\/index.php?rest_route=\/wp\/v2\/users\/1"}],"replies":[{"embeddable":true,"href":"https:\/\/www.brennerbasisdemokratie.eu\/index.php?rest_route=%2Fwp%2Fv2%2Fcomments&post=76985"}],"version-history":[{"count":3,"href":"https:\/\/www.brennerbasisdemokratie.eu\/index.php?rest_route=\/wp\/v2\/posts\/76985\/revisions"}],"predecessor-version":[{"id":82688,"href":"https:\/\/www.brennerbasisdemokratie.eu\/index.php?rest_route=\/wp\/v2\/posts\/76985\/revisions\/82688"}],"wp:attachment":[{"href":"https:\/\/www.brennerbasisdemokratie.eu\/index.php?rest_route=%2Fwp%2Fv2%2Fmedia&parent=76985"}],"wp:term":[{"taxonomy":"category","embeddable":true,"href":"https:\/\/www.brennerbasisdemokratie.eu\/index.php?rest_route=%2Fwp%2Fv2%2Fcategories&post=76985"},{"taxonomy":"post_tag","embeddable":true,"href":"https:\/\/www.brennerbasisdemokratie.eu\/index.php?rest_route=%2Fwp%2Fv2%2Ftags&post=76985"}],"curies":[{"name":"wp","href":"https:\/\/api.w.org\/{rel}","templated":true}]}}