{"id":76990,"date":"2023-02-21T20:54:12","date_gmt":"2023-02-21T19:54:12","guid":{"rendered":"https:\/\/www.brennerbasisdemokratie.eu\/?p=76990"},"modified":"2025-05-24T19:25:06","modified_gmt":"2025-05-24T17:25:06","slug":"minderheitenschutzbericht-des-europarats","status":"publish","type":"post","link":"https:\/\/www.brennerbasisdemokratie.eu\/?p=76990","title":{"rendered":"Minderheitenschutzbericht des Europarats."},"content":{"rendered":"<p>Der beim <em>Europarat<\/em> angesiedelte <em>Beratende Ausschuss<\/em> f\u00fcr das <em>Rahmen\u00fcbereinkommen zum Schutz nationaler Minderheiten<\/em> hat am 13. Februar einen <a title=\"OP Italy.\" href=\"https:\/\/www.brennerbasisdemokratie.eu\/wp-content\/uploads\/2023\/02\/5th-OP-Italy-EN.pdf\" rel=\"\">Bericht<\/a> zum Minderheitenschutz in Italien ver\u00f6ffentlicht.<\/p>\n<p>Darin wird der Staat dringendst dazu aufgefordert, Schutzma\u00dfnahmen zu verbessern und auszubauen. Insbesondere seien Rundfunkprogramme in Minderheitensprachen zu erweitern und Lehrpersonen auszubilden, die den Schulunterricht in diesen Sprachen gew\u00e4hrleisten k\u00f6nnen. Au\u00dferdem sei eine rechtliche Grundlage f\u00fcr den Schutz von Roma, Sinti und Camminanti n\u00f6tig, die derzeit fehlt.<\/p>\n<p>Ferner m\u00fcsse unter anderem<\/p>\n<ul>\n<li>energisch gegen Hassrede vorgegangen werden, die Minderheiten, Migrantinnen und Gefl\u00fcchtete im politischen Diskurs, in den Medien und in den sozialen Netzwerken treffe;<\/li>\n<li>die offizielle <a title=\"Die ganz allt\u00e4gliche Stigmatisierung.\" href=\"https:\/\/www.brennerbasisdemokratie.eu\/?p=18762\" rel=\"\">Terminologie zur Bezeichnung von Roma und Sinti<\/a> \u00fcberpr\u00fcft werden \u2014 was so viel bedeutet, dass Beh\u00f6rden diskriminierende Begriffe verwenden;<\/li>\n<li>speziell im Fall der slowenischen Minderheit endlich sichergestellt werden, dass Vor- und Nachnamen nicht verhunzt werden;<\/li>\n<li>der Unterricht in den Minderheitensprachen ausgebaut und besser finanziert, Schulb\u00fccher verf\u00fcgbar gemacht werden;<\/li>\n<li>die Inklusion von Mitgliedern der Roma- und Sinti-Gemeinschaften sowie ihre Arbeits- und Wohnbedingungen verbessert werden.<\/li>\n<\/ul>\n<p>Insbesondere m\u00fcsse der Schutz f\u00fcr kleinere Minderheiten verbessert werden.<\/p>\n<p>Das <em>Rahmen\u00fcbereinkommen zum Schutz nationaler Minderheiten<\/em> ist ein sehr schwaches Schutzinstrument. Die <a title=\"Die Charta der Minderheitensprachen.\" href=\"https:\/\/www.brennerbasisdemokratie.eu\/?p=1348\" rel=\"\"><em>Europ\u00e4ische Charta der Regional- oder Minderheitensprachen<\/em><\/a> hat Italien jedoch nie ratifiziert.<\/p>\n<p><strong><span style=\"font-family: Helvetica, Arial, sans-serif; text-transform: uppercase;\">C\u00ebla enghe:<\/span><\/strong> <a title=\"Minderheiten brauchen endlich internationalen Schutz.\" href=\"https:\/\/www.brennerbasisdemokratie.eu\/?p=75226\" rel=\"\"><code>01<\/code><\/a> <a title=\"Carta delle lingue, critiche all\u2019Italia.\" href=\"https:\/\/www.brennerbasisdemokratie.eu\/?p=15630\" rel=\"\"><code>02<\/code><\/a> <span style=\"font-family: Helvetica, Arial, sans-serif; font-weight: normal;\">||<\/span> <a title=\"La minoranza sudtirolese d\u00e0 fastidio, il razzismo no.\" href=\"https:\/\/www.brennerbasisdemokratie.eu\/?p=89909\"><span style=\"color: #ff8c00\"><code>01<\/code><\/span><\/a><\/p>","protected":false},"excerpt":{"rendered":"<p>Der beim Europarat angesiedelte Beratende Ausschuss f\u00fcr das Rahmen\u00fcbereinkommen zum Schutz nationaler Minderheiten hat am 13. Februar einen Bericht zum Minderheitenschutz in Italien ver\u00f6ffentlicht. Darin wird der Staat dringendst dazu aufgefordert, Schutzma\u00dfnahmen zu verbessern und auszubauen. Insbesondere seien Rundfunkprogramme in Minderheitensprachen zu erweitern und Lehrpersonen auszubilden, die den Schulunterricht in diesen Sprachen gew\u00e4hrleisten k\u00f6nnen. Au\u00dferdem [&hellip;]<\/p>","protected":false},"author":1,"featured_media":0,"comment_status":"open","ping_status":"open","sticky":false,"template":"","format":"standard","meta":{"_crdt_document":"","ngg_post_thumbnail":0,"_jetpack_memberships_contains_paid_content":false,"footnotes":""},"categories":[1],"tags":[],"class_list":["post-76990","post","type-post","status-publish","format-standard","hentry","category-allgemein","entity-europarat","entity-staat-italien","issue-charta-der-minderheitensprachen","location-europa","location-italy","language-deutsch","medium-socialmedia","topic-hate-speech","topic-kohasion","topic-medien","topic-migraziun","topic-minderheitenschutz","topic-plurilinguism","topic-politik","topic-romasinti","topic-scola"],"jetpack_featured_media_url":"","jetpack_sharing_enabled":true,"_links":{"self":[{"href":"https:\/\/www.brennerbasisdemokratie.eu\/index.php?rest_route=\/wp\/v2\/posts\/76990","targetHints":{"allow":["GET"]}}],"collection":[{"href":"https:\/\/www.brennerbasisdemokratie.eu\/index.php?rest_route=\/wp\/v2\/posts"}],"about":[{"href":"https:\/\/www.brennerbasisdemokratie.eu\/index.php?rest_route=\/wp\/v2\/types\/post"}],"author":[{"embeddable":true,"href":"https:\/\/www.brennerbasisdemokratie.eu\/index.php?rest_route=\/wp\/v2\/users\/1"}],"replies":[{"embeddable":true,"href":"https:\/\/www.brennerbasisdemokratie.eu\/index.php?rest_route=%2Fwp%2Fv2%2Fcomments&post=76990"}],"version-history":[{"count":4,"href":"https:\/\/www.brennerbasisdemokratie.eu\/index.php?rest_route=\/wp\/v2\/posts\/76990\/revisions"}],"predecessor-version":[{"id":89922,"href":"https:\/\/www.brennerbasisdemokratie.eu\/index.php?rest_route=\/wp\/v2\/posts\/76990\/revisions\/89922"}],"wp:attachment":[{"href":"https:\/\/www.brennerbasisdemokratie.eu\/index.php?rest_route=%2Fwp%2Fv2%2Fmedia&parent=76990"}],"wp:term":[{"taxonomy":"category","embeddable":true,"href":"https:\/\/www.brennerbasisdemokratie.eu\/index.php?rest_route=%2Fwp%2Fv2%2Fcategories&post=76990"},{"taxonomy":"post_tag","embeddable":true,"href":"https:\/\/www.brennerbasisdemokratie.eu\/index.php?rest_route=%2Fwp%2Fv2%2Ftags&post=76990"}],"curies":[{"name":"wp","href":"https:\/\/api.w.org\/{rel}","templated":true}]}}